{"id":198305,"date":"2026-01-10T20:01:06","date_gmt":"2026-01-10T20:01:06","guid":{"rendered":"https:\/\/www.europesays.com\/pl\/198305\/"},"modified":"2026-01-10T20:01:06","modified_gmt":"2026-01-10T20:01:06","slug":"incydent-w-kielnie-pelnomocnik-nauczycielki-zabral-glos-ta-afera-jest-o-niczym","status":"publish","type":"post","link":"https:\/\/www.europesays.com\/pl\/198305\/","title":{"rendered":"Incydent w Kielnie. Pe\u0142nomocnik nauczycielki zabra\u0142 g\u0142os. 'Ta afera jest o niczym&#8217;"},"content":{"rendered":"<p>Pe\u0142nomocnik nauczycielki z Kielna: Ta afera jest o niczym\u00a0<\/p>\n<p class=\"art_paragraph\">Media rozpisuj\u0105 o sprawie\u00a0nauczycielki ze szko\u0142y podstawowej w Kielnie (woj. pomorskie), kt\u00f3ra mia\u0142a wyrzuci\u0107 do kosza krzy\u017c podczas lekcji angielskiego w po\u0142owie grudnia.\u00a0Kobieta, w rozmowie z &#8222;Dziennikiem Ba\u0142tyckim&#8221;, stanowczo zaprzeczy\u0142a, jakoby wyrzuci\u0142a krzy\u017c. Jak zaznaczy\u0142a, ca\u0142e zdarzenie jest &#8222;nieporozumieniem&#8221;. &#8211; Wyrzuci\u0142am cosplayowy gad\u017cet od halloweenowego stroju, kt\u00f3rym bawi\u0142y si\u0119 dzieci, a nast\u0119pnie powiesi\u0142y go nad klatk\u0105 chomika, w miejscu, w kt\u00f3rym wcze\u015bniej wisia\u0142 zegar &#8211; m\u00f3wi\u0142a i podkre\u015bli\u0142a, \u017ce &#8222;szanuje przedmioty czci religijnej i w \u017cyciu nie wyrzuci\u0142aby krzy\u017ca reprezentuj\u0105cego wiar\u0119&#8221;.<\/p>\n<p class=\"art_paragraph\">W zwi\u0105zku ze spraw\u0105 skontaktowali\u015bmy si\u0119 z pe\u0142nomocnikiem kobiety, prof. Jackiem Potulskim.\u00a0&#8211; Wypowiedzi medialne w tej sprawie, zw\u0142aszcza polityk\u00f3w, abstrahuj\u0105 od rzeczywisto\u015bci. Nie dosz\u0142o do \u017cadnego zbezczeszczenia przedmiotu czci religijnej. To nie by\u0142 krzy\u017c, tylko zwyk\u0142y gad\u017cet wzi\u0119ty z jakiego\u015b przebrania. Ta afera jest o niczym &#8211; m\u00f3wi nam\u00a0specjalista w zakresie prawa karnego. Ekspert podkre\u015bla, \u017ce\u00a0w wyniku tej sprawy &#8222;sama zainteresowana sta\u0142a si\u0119 ofiar\u0105 gigantycznej przemocy&#8221;. &#8211; To nie powinno mie\u0107 miejsca. To jest niewiarygodne &#8211; zaznacza nasz rozm\u00f3wca.<\/p>\n<p>        Zobacz wideo<\/p>\n<p>            Robert Biedro\u0144: Ja wyprowadzi\u0142em symbole religijne z urz\u0119d\u00f3w, zanim sta\u0142o si\u0119 to modne\n    <\/p>\n<p>Duchowny:\u00a0To na pewno nie by\u0142 krzy\u017c kultyczny<\/p>\n<p class=\"art_paragraph\">Do sprawy odni\u00f3s\u0142 si\u0119 r\u00f3wnie\u017c prof. Andrzej Dragu\u0142a, duchowny i teolog. &#8222;Niekt\u00f3rzy by chcieli, by scenariusz tych wydarze\u0144 by\u0142 nast\u0119puj\u0105cy: nauczycielka w akcie nienawi\u015bci do religii, Ko\u015bcio\u0142a, samego Pana Boga bierze drabin\u0119, wchodzi, by zdj\u0105\u0107 krzy\u017c wisz\u0105cy w sali (pewno obok god\u0142a albo nad drzwiami), a nast\u0119pnie demonstracyjnie, na oczach dzieci, wrzuca go do kosza. Sytuacja by\u0142aby prosta: profanacja, blu\u017anierstwo, zniewa\u017cenie przedmiotu czci prowadz\u0105ce do obrazy uczu\u0107 religijnych. Docieraj\u0105ce informacje pokazuj\u0105, \u017ce to nie ten scenariusz. Popatrzmy na to z innej strony. Nie w kierunku poszukiwania winnych, ale wi\u0119kszego zrozumienia ca\u0142ej sytuacji. To, co si\u0119 wydarzy\u0142o, by\u0142o ubocznym skutkiem ludyzacji naszej rzeczywisto\u015bci. To na pewno nie by\u0142 krzy\u017c kultyczny, z pasyjk\u0105, po\u015bwi\u0119cony znak. Wszystko wskazuje, \u017ce ten plastikowy gad\u017cet pochodzi\u0142 ze stroju, z przebrania na Halloween, cho\u0107 taki sam mo\u017cna by znale\u017a\u0107 tak\u017ce jako element stroju na bal wszystkich \u015bwi\u0119tych. Sfera religijna przesz\u0142a do strefy zabawy&#8221; &#8211; czytamy we wpisie.<\/p>\n<p class=\"art_paragraph\">&#8222;Dzisiaj, na chi\u0144skich portalach zakupowych, mo\u017cna sobie kupi\u0107 dowolny gad\u017cet religijny. Ka\u017cdy mo\u017ce si\u0119 pobawi\u0107 w religi\u0119 w dobrej lub z\u0142ej wierze. Dzieci przynios\u0142y taki krzy\u017c i takim si\u0119 bawi\u0142y, zawieszaj\u0105c go nad klatk\u0105 dla chomika. Czy to kogo\u015b dziwi w epoce, gdy mnie pytaj\u0105, czy m\u00f3g\u0142bym odprawi\u0107 pogrzeb pieskowi? Taka jest wersja nauczycielki. Dlaczego jej nie wierzy\u0107? Oczywi\u015bcie, powinna by\u0107 m\u0105drzejsza od dzieci: zabra\u0107 zabawk\u0119, schowa\u0107 do szuflady biurka, wyja\u015bni\u0107 kwesti\u0119 w rozmowie itd. Wyobra\u017cam sobie tak\u0105 sytuacj\u0119. Nauczycielka, poirytowana, \u017ce dzieci czym\u015b bawi\u0105, zabiera i odruchowo rzuca do kosza i rzuca jako zabawk\u0119, a nie jako krzy\u017c. No tak, ale symboliczna si\u0142a dw\u00f3ch belek skrzy\u017cowanych ze sob\u0105 jest tak du\u017ca, \u017ce od religijnego znaczenia krzy\u017ca, nawet plastikowego tak zupe\u0142nie uciec si\u0119 nie da. Jednakowo\u017c, stopie\u0144 owej identyfikacji b\u0119dzie ju\u017c zale\u017ca\u0142 od osobistej wra\u017cliwo\u015bci religijnej, symbolicznej, kulturowej. Strajku i protest\u00f3w w obronie krzy\u017ca ja bym jednak nie og\u0142asza\u0142&#8221; &#8211; doda\u0142 duchowny. Jak podkre\u015bli\u0142, &#8222;nale\u017cy zachowa\u0107 proporcje w reakcji&#8221;.<\/p>\n<p class=\"art_paragraph\">Wi\u0119cej informacji na ten temat znajdziesz w artykule: <a href=\"https:\/\/wiadomosci.gazeta.pl\/polska\/7,198073,32518096,afera-o-krzyz-w-szkole-nauczycielka-pierwszy-raz-zabiera-glos.html\" class=\"art_link\" rel=\"dofollow noopener\" target=\"_blank\">&#8222;Afera o krzy\u017c w szkole. Nauczycielka pierwszy raz zabiera g\u0142os. Jest te\u017c zdj\u0119cie&#8221;<\/a>.<\/p>\n<p>\u0179r\u00f3d\u0142a: Gazeta.pl, X, Andrzej Dragu\u0142a (Facebook)<\/p>\n","protected":false},"excerpt":{"rendered":"Pe\u0142nomocnik nauczycielki z Kielna: Ta afera jest o niczym\u00a0 Media rozpisuj\u0105 o sprawie\u00a0nauczycielki ze szko\u0142y podstawowej w Kielnie&hellip;\n","protected":false},"author":2,"featured_media":198306,"comment_status":"","ping_status":"","sticky":false,"template":"","format":"standard","meta":{"footnotes":""},"categories":[12],"tags":[32,33,36,37,27,34,35,28,31,25,42,38,40,39,41,29,30,26],"class_list":{"0":"post-198305","1":"post","2":"type-post","3":"status-publish","4":"format-standard","5":"has-post-thumbnail","7":"category-polska","8":"tag-breaking-news","9":"tag-breakingnews","10":"tag-featured-news","11":"tag-featurednews","12":"tag-headlines","13":"tag-latest-news","14":"tag-latestnews","15":"tag-naglowki","16":"tag-najwazniejsze-artykuly","17":"tag-news","18":"tag-pl","19":"tag-poland","20":"tag-polish","21":"tag-polska","22":"tag-polski","23":"tag-top-stories","24":"tag-topstories","25":"tag-wiadomosci"},"share_on_mastodon":{"url":"https:\/\/pubeurope.com\/@pl\/115872588302268280","error":""},"_links":{"self":[{"href":"https:\/\/www.europesays.com\/pl\/wp-json\/wp\/v2\/posts\/198305","targetHints":{"allow":["GET"]}}],"collection":[{"href":"https:\/\/www.europesays.com\/pl\/wp-json\/wp\/v2\/posts"}],"about":[{"href":"https:\/\/www.europesays.com\/pl\/wp-json\/wp\/v2\/types\/post"}],"author":[{"embeddable":true,"href":"https:\/\/www.europesays.com\/pl\/wp-json\/wp\/v2\/users\/2"}],"replies":[{"embeddable":true,"href":"https:\/\/www.europesays.com\/pl\/wp-json\/wp\/v2\/comments?post=198305"}],"version-history":[{"count":0,"href":"https:\/\/www.europesays.com\/pl\/wp-json\/wp\/v2\/posts\/198305\/revisions"}],"wp:featuredmedia":[{"embeddable":true,"href":"https:\/\/www.europesays.com\/pl\/wp-json\/wp\/v2\/media\/198306"}],"wp:attachment":[{"href":"https:\/\/www.europesays.com\/pl\/wp-json\/wp\/v2\/media?parent=198305"}],"wp:term":[{"taxonomy":"category","embeddable":true,"href":"https:\/\/www.europesays.com\/pl\/wp-json\/wp\/v2\/categories?post=198305"},{"taxonomy":"post_tag","embeddable":true,"href":"https:\/\/www.europesays.com\/pl\/wp-json\/wp\/v2\/tags?post=198305"}],"curies":[{"name":"wp","href":"https:\/\/api.w.org\/{rel}","templated":true}]}}