{"id":198390,"date":"2026-01-10T20:54:09","date_gmt":"2026-01-10T20:54:09","guid":{"rendered":"https:\/\/www.europesays.com\/pl\/198390\/"},"modified":"2026-01-10T20:54:09","modified_gmt":"2026-01-10T20:54:09","slug":"nasa-sciaga-zaloge-crew-11-ze-stacji-iss-przed-czasem-jest-juz-data","status":"publish","type":"post","link":"https:\/\/www.europesays.com\/pl\/198390\/","title":{"rendered":"NASA \u015bci\u0105ga za\u0142og\u0119 Crew-11 ze stacji ISS przed czasem. Jest ju\u017c data"},"content":{"rendered":"<p>Wed\u0142ug najnowszych informacji opublikowanych przez NASA, ju\u017c 14 stycznia o\u00a0godzinie 23:00 polskiego czasu statek Crew Dragon odcumuje od Mi\u0119dzynarodowej Stacji Kosmicznej i\u00a0rozpocznie podr\u00f3\u017c na Ziemi\u0119. Je\u017celi ca\u0142y lot przebiegnie zgodnie z\u00a0planem, wodowanie w\u00a0Oceanie Spokojnym u\u00a0wybrze\u017cy Kalifornii b\u0119dzie mia\u0142o miejsce w\u00a0czwartek 15 stycznia o\u00a0godzinie 9:40 polskiego czasu. Oczywi\u015bcie, jak zawsze, godziny mog\u0105 ulec zmianie w\u00a0zale\u017cno\u015bci od pogody panuj\u0105cej w\u00a0rejonie wodowania.<\/p>\n<p>Za\u0142og\u0119 Crew-11 tworz\u0105 Mike Fincke i\u00a0Zena Cardman z\u00a0NASA, Kimiya Yui z\u00a0japo\u0144skiej agencji JAXA oraz Oleg Platonow z\u00a0Roskosmosu. Astronauci przylecieli na pok\u0142ad stacji kosmicznej 2\u00a0sierpnia i\u00a0jak to zwykle ma miejsce w\u00a0przypadku rutynowych misji, mieli sp\u0119dzi\u0107 na jej pok\u0142adzie oko\u0142o sze\u015bciu miesi\u0119cy. Pierwotnie powr\u00f3t misji zaplanowany by\u0142 na 20 lutego 2026 r. Ten termin jest jednak nieaktualny. Ze wzgl\u0119du na wyst\u0105pienie nieujawnionego na razie zdarzenia medycznego, lekarze obs\u0142uguj\u0105cy za\u0142og\u0119 z\u00a0centrum kontroli misji podj\u0119li decyzj\u0119 o\u00a0wcze\u015bniejszym zako\u0144czeniu misji i\u00a0jak najszybszym przetransportowaniu astronauty na Ziemi\u0119. Co wa\u017cne, jest to pierwsza ewakuacja medyczna w\u00a025-letniej historii Mi\u0119dzynarodowej Stacji Kosmicznej.<\/p>\n<p>W \u015brod\u0119 7\u00a0stycznia NASA zawiesi\u0142a zaplanowane na czwartek wyj\u015bcie w\u00a0kosmos Mike\u2019a Fincke i\u00a0Zeny Cardman. Powodem by\u0142o &#8222;zdarzenie medyczne&#8221; dotycz\u0105ce jednego z\u00a0astronaut\u00f3w. Agencja nie ujawni\u0142a jak na razie nazwiska ani szczeg\u00f3\u0142\u00f3w zdarzenia, powo\u0142uj\u0105c si\u0119 na prywatno\u015b\u0107. Wiadomo jedynie, \u017ce inni cz\u0142onkowie za\u0142ogi pospieszyli z\u00a0pomoc\u0105 astronaucie i\u00a0ustabilizowali jego stan.<\/p>\n<p>Ju\u017c nast\u0119pnego dnia NASA zapowiedzia\u0142a wcze\u015bniejszy powr\u00f3t Crew-11, by skuteczniej zdiagnozowa\u0107 problem i\u00a0wyleczy\u0107 go ju\u017c na powierzchni Ziemi. Podczas konferencji prasowej dr James Polk, szef s\u0142u\u017cb medycznych NASA, powiedzia\u0142 \u017ce &#8222;zdarzenie to nie jest kwesti\u0105 operacyjn\u0105, nie dosz\u0142o do \u017cadnego urazu podczas prowadzenia dzia\u0142a\u0144 zaplanowanych na pok\u0142adzie stacji. Jest to natomiast przede wszystkim problem medyczny w\u00a0realiach mikrograwitacji i\u00a0przy ograniczonym dost\u0119pie do sprz\u0119tu diagnostycznego&#8221;.<\/p>\n<p>Po odlocie Crew-11 na pok\u0142adzie stacji pozostanie jedynie troje astronaut\u00f3w: Christopher Williams z\u00a0NASA oraz kosmonauci Siergiej Kud-Swierczkow i\u00a0Siergiej Mikajew, kt\u00f3rzy przylecieli na stacj\u0119 27 listopada na pok\u0142adzie statku Sojuz. Warto tu podkre\u015bli\u0107, \u017ce standardowa za\u0142oga ISS liczy siedem os\u00f3b, aczkolwiek trzyosobowa obsada nie jest bezprecedensowa.<\/p>\n<p>W standardowych warunkach za\u0142oga Crew-11 mia\u0142a czeka\u0107 na przylot nast\u0119pc\u00f3w, czyli za\u0142ogi Crew-12, kt\u00f3ra rozpocznie swoj\u0105 misj\u0119 18 lutego. Start tej misji jest obecnie planowany na po\u0142ow\u0119 lutego, cho\u0107 NASA rozwa\u017ca jego przyspieszenie.<\/p>\n","protected":false},"excerpt":{"rendered":"Wed\u0142ug najnowszych informacji opublikowanych przez NASA, ju\u017c 14 stycznia o\u00a0godzinie 23:00 polskiego czasu statek Crew Dragon odcumuje od&hellip;\n","protected":false},"author":2,"featured_media":198391,"comment_status":"","ping_status":"","sticky":false,"template":"","format":"standard","meta":{"footnotes":""},"categories":[20],"tags":[120,118,119,42,38,40,39,41,116,114,115,121,117],"class_list":{"0":"post-198390","1":"post","2":"type-post","3":"status-publish","4":"format-standard","5":"has-post-thumbnail","7":"category-nauka-i-technika","8":"tag-nauka","9":"tag-nauka-i-technika","10":"tag-naukatechnika","11":"tag-pl","12":"tag-poland","13":"tag-polish","14":"tag-polska","15":"tag-polski","16":"tag-science","17":"tag-science-and-technology","18":"tag-sciencetechnology","19":"tag-technika","20":"tag-technology"},"share_on_mastodon":{"url":"https:\/\/pubeurope.com\/@pl\/115872796745626199","error":""},"_links":{"self":[{"href":"https:\/\/www.europesays.com\/pl\/wp-json\/wp\/v2\/posts\/198390","targetHints":{"allow":["GET"]}}],"collection":[{"href":"https:\/\/www.europesays.com\/pl\/wp-json\/wp\/v2\/posts"}],"about":[{"href":"https:\/\/www.europesays.com\/pl\/wp-json\/wp\/v2\/types\/post"}],"author":[{"embeddable":true,"href":"https:\/\/www.europesays.com\/pl\/wp-json\/wp\/v2\/users\/2"}],"replies":[{"embeddable":true,"href":"https:\/\/www.europesays.com\/pl\/wp-json\/wp\/v2\/comments?post=198390"}],"version-history":[{"count":0,"href":"https:\/\/www.europesays.com\/pl\/wp-json\/wp\/v2\/posts\/198390\/revisions"}],"wp:featuredmedia":[{"embeddable":true,"href":"https:\/\/www.europesays.com\/pl\/wp-json\/wp\/v2\/media\/198391"}],"wp:attachment":[{"href":"https:\/\/www.europesays.com\/pl\/wp-json\/wp\/v2\/media?parent=198390"}],"wp:term":[{"taxonomy":"category","embeddable":true,"href":"https:\/\/www.europesays.com\/pl\/wp-json\/wp\/v2\/categories?post=198390"},{"taxonomy":"post_tag","embeddable":true,"href":"https:\/\/www.europesays.com\/pl\/wp-json\/wp\/v2\/tags?post=198390"}],"curies":[{"name":"wp","href":"https:\/\/api.w.org\/{rel}","templated":true}]}}