{"id":198413,"date":"2026-01-10T21:11:09","date_gmt":"2026-01-10T21:11:09","guid":{"rendered":"https:\/\/www.europesays.com\/pl\/198413\/"},"modified":"2026-01-10T21:11:09","modified_gmt":"2026-01-10T21:11:09","slug":"atlantyk-zmieni-pogode-w-polsce-meteorolodzy-zapowiadaja-przelom-polska","status":"publish","type":"post","link":"https:\/\/www.europesays.com\/pl\/198413\/","title":{"rendered":"Atlantyk zmieni pogod\u0119 w Polsce. Meteorolodzy zapowiadaj\u0105 prze\u0142om &#8211; Polska"},"content":{"rendered":"<p>Czytaj tak\u017ce:<\/p>\n<ul class=\"ArticleContent_articleUlList__sA7TW\">&#13;<\/p>\n<li><a href=\"https:\/\/polskieradio24.pl\/artykul\/3631669,baltyk-zamarzal-nie-raz-historie-ktore-dzis-brzmia-niewiarygodnie\" target=\"_blank\" rel=\"nofollow noopener\">Ba\u0142tyk zamarza\u0142 nie raz. Historie, kt\u00f3re dzi\u015b brzmi\u0105 niewiarygodnie<\/a><\/li>\n<p>&#13;<\/p>\n<li><a href=\"https:\/\/polskieradio24.pl\/artykul\/3631672,luty-mrozniejszy-niz-styczen-tak-mowi-jeden-z-zapomnianych-wskaznikow\" target=\"_blank\" rel=\"nofollow noopener\">Luty mro\u017aniejszy ni\u017c stycze\u0144? Jest jeden wska\u017anik<\/a><\/li>\n<p>&#13;\n<\/ul>\n<p>Pogoda. Nadchodzi ocieplenie<\/p>\n<p>&#8222;Atlantyk b\u0119dzie g\u00f3r\u0105&#8221; &#8211; podkre\u015bli\u0142 serwis meteorologiczny Ventusky w wydanym komunikacie. Wprawdzie mieszka\u0144cy Europy do\u015bwiadczaj\u0105 kolejnego ataku zimy, kt\u00f3ry spowodowa\u0142 du\u017ce utrudnienia komunikacyjne m.in. w krajach Beneluksu, ale te\u017c <a href=\"https:\/\/polskieradio24.pl\/artykul\/3631648,burza-sniezna-uderzyla-w-europe-wiatr-200-kmh-paraliz-miast-i-lotnisk\" target=\"_blank\" rel=\"nofollow noopener\">w Niemczech czy Czechach<\/a>, a w sobot\u0119\u00a0<a href=\"https:\/\/polskieradio24.pl\/artykul\/3632116,sniezyce-uderza-juz-dzis-meteorolodzy-pokazali-animacje\" target=\"_blank\" rel=\"nofollow noopener\">\u015bnie\u017cyce po kilku dniach powr\u00f3ci\u0142y tak\u017ce do Polski<\/a>\u00a0&#8211; w dodatku zmagaj\u0105 si\u0119 z fal\u0105 siarczystych mroz\u00f3w &#8211; niemniej w przysz\u0142ym tygodniu dojdzie do znacz\u0105cej zmiany w pogodzie.<\/p>\n<p>Ventysky odnotowa\u0142, opieraj\u0105c swoj\u0105 prognoz\u0119 na modelach meteo, \u017ce cho\u0107 temperatury w Europie s\u0105 obecnie poni\u017cej \u015bredniej, to &#8222;w ci\u0105gu najbli\u017cszych siedmiu dni zachodnie pr\u0105dy znad Atlantyku b\u0119d\u0105 wypycha\u0107 mro\u017ane masy powietrza&#8221;. To za\u015b przyniesie &#8222;temperatury \u015brednie [dla obecnego okresu] lub powy\u017cej \u015bredniej w ca\u0142ej Europie&#8221;. W komunikacie zaznaczono, \u017ce zima &#8222;zrobi sobie przerw\u0119&#8221;, a pokrywa \u015bnie\u017cna &#8222;zacznie ust\u0119powa\u0107&#8221;.<\/p>\n<p>Anomali\u0119 temperatur, jaka b\u0119dzie mia\u0142a miejsce w nadchodz\u0105cych dniach, mo\u017cna zauwa\u017cy\u0107 na poni\u017cszej animacji. Na symulacji wida\u0107, jak ciep\u0142e powietrze znad Oceanu Atlantyckiego, nadci\u0105gaj\u0105ce do Europy, w tym tak\u017ce do Polski z po\u0142udniowego zachodu, przepchnie arktyczne masy powietrza z powrotem na p\u00f3\u0142noc.<\/p>\n<p>Alerty IMGW i RCB<\/p>\n<p>Jednak zanim do tego dojdzie, czeka nas kolejne uderzenie zimy, z obfitymi opadami \u015bniegu, mrozem i silnym wiatrem. \u015anie\u017cyce od sobotniego popo\u0142udnia pojawi\u0142y si\u0119 r\u00f3wnie\u017c w p\u00f3\u0142nocnej Polsce. Pogarszaj\u0105 si\u0119 warunki na drogach. W najbli\u017cszych godzinach chmury, kt\u00f3rym b\u0119d\u0105 towarzyszy\u0107 intensywne opady, b\u0119d\u0105 przemieszcza\u0107 si\u0119 na po\u0142udnie. Sytuacja zmienia si\u0119 dynamicznie, dlatego na bie\u017c\u0105co warto obserwowa\u0107 komunikaty meteorologiczne.<\/p>\n<p>Instytut Meteorologii i Gospodarki Wodnej wyda\u0142 seri\u0119 ostrze\u017ce\u0144 zar\u00f3wno drugiego (wy\u017cszego &#8211; kolor pomara\u0144czowy na powy\u017cszej mapie) i pierwszego stopnia (kolor \u017c\u00f3\u0142ty) przed intensywnymi opadami \u015bniegu dla p\u00f3\u0142nocnej, a lokalnie te\u017c po\u0142udniowej cz\u0119\u015bci kraju. Do tego dochodz\u0105 alerty pierwszego stopnia przed silnym wiatrem (nad morzem) oraz przed siarczystym mrozem (na po\u0142udniu Polski).<\/p>\n<p>Najwi\u0119cej \u015bniegu spadnie na Pomorzu, Podhalu i w Beskidzie \u015al\u0105skim. Przed niebezpieczn\u0105 pogod\u0105 ostrzega r\u00f3wnie\u017c Rz\u0105dowe Centrum Bezpiecze\u0144stwa. Ostrze\u017cenia (poprzez wiadomo\u015b\u0107 SMS) otrzyma\u0142y w sobot\u0119 osoby, przebywaj\u0105ce na Pomorzu, a cz\u0119\u015bciowo r\u00f3wnie\u017c na terenie wojew\u00f3dztw zachodniopomorskiego, warmi\u0144sko-mazurskiego, kujawsko-pomorskiego, \u015bl\u0105skiego i ma\u0142opolskiego.\u00a0<\/p>\n<p>Czytaj tak\u017ce:<\/p>\n<p>\u0179r\u00f3d\u0142a: Ventusky\/IMGW\/RCB\/PolskieRadio24.pl\/\u0142l<\/p>\n","protected":false},"excerpt":{"rendered":"Czytaj tak\u017ce: &#13; Ba\u0142tyk zamarza\u0142 nie raz. Historie, kt\u00f3re dzi\u015b brzmi\u0105 niewiarygodnie &#13; Luty mro\u017aniejszy ni\u017c stycze\u0144? Jest&hellip;\n","protected":false},"author":2,"featured_media":198414,"comment_status":"","ping_status":"","sticky":false,"template":"","format":"standard","meta":{"footnotes":""},"categories":[12],"tags":[32,33,36,37,27,34,35,28,31,25,42,38,40,39,41,29,30,26],"class_list":{"0":"post-198413","1":"post","2":"type-post","3":"status-publish","4":"format-standard","5":"has-post-thumbnail","7":"category-polska","8":"tag-breaking-news","9":"tag-breakingnews","10":"tag-featured-news","11":"tag-featurednews","12":"tag-headlines","13":"tag-latest-news","14":"tag-latestnews","15":"tag-naglowki","16":"tag-najwazniejsze-artykuly","17":"tag-news","18":"tag-pl","19":"tag-poland","20":"tag-polish","21":"tag-polska","22":"tag-polski","23":"tag-top-stories","24":"tag-topstories","25":"tag-wiadomosci"},"share_on_mastodon":{"url":"https:\/\/pubeurope.com\/@pl\/115872863766800270","error":""},"_links":{"self":[{"href":"https:\/\/www.europesays.com\/pl\/wp-json\/wp\/v2\/posts\/198413","targetHints":{"allow":["GET"]}}],"collection":[{"href":"https:\/\/www.europesays.com\/pl\/wp-json\/wp\/v2\/posts"}],"about":[{"href":"https:\/\/www.europesays.com\/pl\/wp-json\/wp\/v2\/types\/post"}],"author":[{"embeddable":true,"href":"https:\/\/www.europesays.com\/pl\/wp-json\/wp\/v2\/users\/2"}],"replies":[{"embeddable":true,"href":"https:\/\/www.europesays.com\/pl\/wp-json\/wp\/v2\/comments?post=198413"}],"version-history":[{"count":0,"href":"https:\/\/www.europesays.com\/pl\/wp-json\/wp\/v2\/posts\/198413\/revisions"}],"wp:featuredmedia":[{"embeddable":true,"href":"https:\/\/www.europesays.com\/pl\/wp-json\/wp\/v2\/media\/198414"}],"wp:attachment":[{"href":"https:\/\/www.europesays.com\/pl\/wp-json\/wp\/v2\/media?parent=198413"}],"wp:term":[{"taxonomy":"category","embeddable":true,"href":"https:\/\/www.europesays.com\/pl\/wp-json\/wp\/v2\/categories?post=198413"},{"taxonomy":"post_tag","embeddable":true,"href":"https:\/\/www.europesays.com\/pl\/wp-json\/wp\/v2\/tags?post=198413"}],"curies":[{"name":"wp","href":"https:\/\/api.w.org\/{rel}","templated":true}]}}