{"id":198423,"date":"2026-01-10T21:19:13","date_gmt":"2026-01-10T21:19:13","guid":{"rendered":"https:\/\/www.europesays.com\/pl\/198423\/"},"modified":"2026-01-10T21:19:13","modified_gmt":"2026-01-10T21:19:13","slug":"hurkacz-nadal-komunikat-chwile-po-awansie-polski-do-finalu-zero-zludzen","status":"publish","type":"post","link":"https:\/\/www.europesays.com\/pl\/198423\/","title":{"rendered":"Hurkacz nada\u0142 komunikat chwil\u0119 po awansie Polski do fina\u0142u. Zero z\u0142udze\u0144"},"content":{"rendered":"<p class=\"typography ids-typeset-body ids-typeset-body--preset-large link paragraph ids-paragraph ids-paragraph--default\">Polska wzi\u0119\u0142a rewan\u017c na USA za zesz\u0142oroczne starcie w United Cup\u00a0i zwyci\u0119\u017cy\u0142a 2:1, awansuj\u0105c do fina\u0142u reprezentacyjnych tenisowych rozgrywek. Zacz\u0119\u0142o si\u0119 od wygranej Huberta Hurkacza, kt\u00f3ry po pe\u0142nym emocji i zwrot\u00f3w akcji meczu <a href=\"https:\/\/sport.interia.pl\/iga-swiatek\/news-kolejny-wielki-triumf-huberta-hurkacza-na-united-cup-ameryka,nId,22507100\" target=\"_self\" rel=\"nofollow noopener\">pokona\u0142 Taylora Fritza 7:6(1), 7:6(2)<\/a>. Potem przyszed\u0142 czas na\u00a0Ig\u0119 \u015awi\u0105tek\u00a0i jej pojedynek z Coco Gauff. I tu szanse ameryka\u0144skiej ekipy wyr\u00f3wna\u0142y si\u0119 po tym, jak mistrzyni Roland Garros 2025 <a href=\"https:\/\/sport.interia.pl\/iga-swiatek\/news-wyrownany-start-meczu-swiatek-z-gauff-potem-zmiana-mikst-zde,nId,22507124\" target=\"_self\" rel=\"nofollow noopener\">zatriumfowa\u0142a nad Polk\u0105 6:4, 6:2<\/a>.<\/p>\n<p class=\"typography ids-typeset-body ids-typeset-body--preset-large link paragraph ids-paragraph ids-paragraph--default\">O losach awansu rozstrzygn\u0105\u0142 mikst. Na kort wyszed\u0142 \u015bwietnie spisuj\u0105cy si\u0119 i zaprawiony w bojach duet Katarzyna Kawa\/Jan Zieli\u0144ski. &#8222;Bia\u0142o-czerwoni&#8221; <a href=\"https:\/\/sport.interia.pl\/iga-swiatek\/news-wyrownany-start-meczu-swiatek-z-gauff-potem-zmiana-mikst-zde,nId,22507124\" target=\"_self\" rel=\"nofollow noopener\">wygrali 7:6(5), 7:6(3)<\/a>, melduj\u0105c tym samym ca\u0142\u0105 ekip\u0119 w finale United Cup 2026. Chwil\u0119 p\u00f3\u017aniej polska dru\u017cyna nada\u0142a komunikat specjalny.<\/p>\n<p>Komunikat od Hurkacza i polskiej ekipy. A jutro wielki fina\u0142<\/p>\n<p class=\"typography ids-typeset-body ids-typeset-body--preset-large link paragraph ids-paragraph ids-paragraph--default\">Wielka rado\u015b\u0107 w polskiej kadrze tenisa po sukcesie w Sydney. Po trzech emocjonuj\u0105cych sobotnich meczach &#8222;bia\u0142o-czerwona&#8221; ekipa\u00a0nagra\u0142a specjalne wideo. U\u015bmiechni\u0119ci od ucha do ucha, s\u0142owami Huberta Hurkacza, dzi\u0119kuj\u0105 za dotychczasowe wsparcie, niejako zapraszaj\u0105c do trzymania kciuk\u00f3w w finale.<\/p>\n<p class=\"typography ids-typeset-body ids-typeset-body--preset-large link paragraph ids-paragraph ids-paragraph--default\">&#8222;W\u0142a\u015bnie awansowali\u015bmy do fina\u0142u! Dzi\u0119kujemy za wsparcie. Do boju, Polsko!&#8221; &#8211; przekaza\u0142 Hurkacz, przy radosnych wiwatach reszty teamu, w tym u\u015bmiechni\u0119tej od ucha do ucha Igi \u015awi\u0105tek.<\/p>\n<p class=\"typography ids-typeset-body ids-typeset-body--preset-large link paragraph ids-paragraph ids-paragraph--default\"><a href=\"https:\/\/sport.interia.pl\/iga-swiatek\/news-polska-w-finale-united-cup-a-zaraz-komunikat-organizatorow-w,nId,22507158\" target=\"_self\" rel=\"nofollow noopener\">Fina\u0142 Polska &#8211; Szwajcaria<\/a> zaplanowany jest na niedziel\u0119 11 stycznia. Jako pierwsza na kort wyjdzie Iga \u015awi\u0105tek, kt\u00f3ra zmierzy si\u0119 w pojedynku z Belind\u0105 Bencic\u00a0(7.30 polskiego czasu). Nast\u0119pnie Hubert Hurkacz spr\u00f3buje swoich si\u0142 w starciu ze Stanem Wawrink\u0105 (nie wcze\u015bniej ni\u017c o godzinie 9.00). Je\u015bli po obu meczach b\u0119dzie remis, obie reprezentacje wystawi\u0105 do boju miksty, i to osi\u0105gni\u0119ty w\u00f3wczas rezultat b\u0119dzie rozstrzygaj\u0105cy.<\/p>\n<p class=\"typography ids-typeset-body ids-typeset-body--preset-large link paragraph ids-paragraph ids-paragraph--default\">Statystyki przemawiaj\u0105 na korzy\u015b\u0107 Polski. Hurkacz i Wawrinka spotkali si\u0119 dotychczas na korcie raz, w 2023 roku w United Cup. Nasz reprezentant wygra\u0142 w\u00f3wczas 7:6, 6:4. Z kolei \u015awi\u0105tek i Bencic mierzy\u0142y si\u0119 siedmiokrotnie, z czego sze\u015b\u0107 razy g\u00f3r\u0105 by\u0142a Iga. Wygra\u0142a w Wuhan (2025), na Wimbledonie (2025, 2023), w Dosze (2023), United Cup (2023) i Adelajdzie (2021), a przegra\u0142a tylko na US Open w w 2021 roku.<\/p>\n<p>Hubert Hurkacz: Czuj\u0119 rado\u015b\u0107 z powrotu do gry. WIDEOPolsat SportPolsat Sport<\/p>\n<p><img decoding=\"async\" class=\"ids-image-holder__img\" loading=\"lazy\" alt=\"Hubert Hurkacz \" title=\"Hubert Hurkacz\" width=\"3289\" height=\"2193\" src=\"https:\/\/www.europesays.com\/pl\/wp-content\/uploads\/2026\/01\/000KE5R2ULGG1PHC-C323-F4.webp.webp\"\/><\/p>\n<p>Hubert HurkaczDAVID GRAY \/ AFPAFP<\/p>\n<p><img decoding=\"async\" class=\"ids-image-holder__img\" loading=\"lazy\" alt=\"Dwoje tenisist\u00f3w w sportowych strojach cieszy si\u0119 ze zwyci\u0119stwa na korcie, u\u015bmiechaj\u0105c si\u0119 i obejmuj\u0105c po zako\u0144czonym meczu.\" title=\"Katarzyna Kawa i Jan Zieli\u0144ski rywalizowali w mik\u015bcie o fina\u0142 United Cup\" width=\"3000\" height=\"2000\" src=\"https:\/\/www.europesays.com\/pl\/wp-content\/uploads\/2026\/01\/000M6HL5IHV1IFO4-C323-F4.webp.webp\"\/><\/p>\n<p>Katarzyna Kawa i Jan Zieli\u0144ski rywalizowali w mik\u015bcie o fina\u0142 United CupIzhar KHAN \/ AFPAFP<\/p>\n<p><img decoding=\"async\" class=\"ids-image-holder__img\" loading=\"lazy\" alt=\"Tenisistka w bia\u0142ej koszulce i czerwonej sp\u00f3dniczce odbijaj\u0105ca pi\u0142k\u0119 tenisow\u0105 rakiet\u0105 podczas meczu na niebieskim korcie, dynamiczna poza sportowca.\" title=\"Iga \u015awi\u0105tek, United Cup 2026\" width=\"5500\" height=\"3666\" src=\"https:\/\/www.europesays.com\/pl\/wp-content\/uploads\/2026\/01\/000M6IIZIHVY61N7-C323-F4.webp.webp\"\/><\/p>\n<p>Iga \u015awi\u0105tek, United Cup 2026IZHAR KHANAFP<\/p>\n<p><a class=\"ids-undecorated-link source ids-page-info--source__link\" href=\"https:\/\/www.interia.pl\" rel=\"nofollow noopener\" target=\"_blank\"><img decoding=\"async\" class=\"ids-image-holder__img\" loading=\"lazy\" alt=\"\" title=\"\" height=\"24px\" src=\"https:\/\/www.europesays.com\/pl\/wp-content\/uploads\/2026\/01\/1767782590_880_0009A60QQ5I2TYF7-C202-F4.webp.webp\"\/><\/a><\/p>\n<p>Masz sugestie, uwagi albo widzisz b\u0142\u0105d? Napisz do nas<\/p>\n","protected":false},"excerpt":{"rendered":"Polska wzi\u0119\u0142a rewan\u017c na USA za zesz\u0142oroczne starcie w United Cup\u00a0i zwyci\u0119\u017cy\u0142a 2:1, awansuj\u0105c do fina\u0142u reprezentacyjnych tenisowych&hellip;\n","protected":false},"author":2,"featured_media":198424,"comment_status":"","ping_status":"","sticky":false,"template":"","format":"standard","meta":{"footnotes":""},"categories":[5],"tags":[32,33,36,37,27,34,35,28,31,25,42,38,40,39,41,29,30,26],"class_list":{"0":"post-198423","1":"post","2":"type-post","3":"status-publish","4":"format-standard","5":"has-post-thumbnail","7":"category-naglowki","8":"tag-breaking-news","9":"tag-breakingnews","10":"tag-featured-news","11":"tag-featurednews","12":"tag-headlines","13":"tag-latest-news","14":"tag-latestnews","15":"tag-naglowki","16":"tag-najwazniejsze-artykuly","17":"tag-news","18":"tag-pl","19":"tag-poland","20":"tag-polish","21":"tag-polska","22":"tag-polski","23":"tag-top-stories","24":"tag-topstories","25":"tag-wiadomosci"},"share_on_mastodon":{"url":"https:\/\/pubeurope.com\/@pl\/115872895104891283","error":""},"_links":{"self":[{"href":"https:\/\/www.europesays.com\/pl\/wp-json\/wp\/v2\/posts\/198423","targetHints":{"allow":["GET"]}}],"collection":[{"href":"https:\/\/www.europesays.com\/pl\/wp-json\/wp\/v2\/posts"}],"about":[{"href":"https:\/\/www.europesays.com\/pl\/wp-json\/wp\/v2\/types\/post"}],"author":[{"embeddable":true,"href":"https:\/\/www.europesays.com\/pl\/wp-json\/wp\/v2\/users\/2"}],"replies":[{"embeddable":true,"href":"https:\/\/www.europesays.com\/pl\/wp-json\/wp\/v2\/comments?post=198423"}],"version-history":[{"count":0,"href":"https:\/\/www.europesays.com\/pl\/wp-json\/wp\/v2\/posts\/198423\/revisions"}],"wp:featuredmedia":[{"embeddable":true,"href":"https:\/\/www.europesays.com\/pl\/wp-json\/wp\/v2\/media\/198424"}],"wp:attachment":[{"href":"https:\/\/www.europesays.com\/pl\/wp-json\/wp\/v2\/media?parent=198423"}],"wp:term":[{"taxonomy":"category","embeddable":true,"href":"https:\/\/www.europesays.com\/pl\/wp-json\/wp\/v2\/categories?post=198423"},{"taxonomy":"post_tag","embeddable":true,"href":"https:\/\/www.europesays.com\/pl\/wp-json\/wp\/v2\/tags?post=198423"}],"curies":[{"name":"wp","href":"https:\/\/api.w.org\/{rel}","templated":true}]}}