{"id":198429,"date":"2026-01-10T21:25:15","date_gmt":"2026-01-10T21:25:15","guid":{"rendered":"https:\/\/www.europesays.com\/pl\/198429\/"},"modified":"2026-01-10T21:25:15","modified_gmt":"2026-01-10T21:25:15","slug":"incydent-przed-domem-ministra-krajewskiego-sprawe-bada-policja","status":"publish","type":"post","link":"https:\/\/www.europesays.com\/pl\/198429\/","title":{"rendered":"Incydent przed domem ministra Krajewskiego. Spraw\u0119 bada policja"},"content":{"rendered":"<p class=\"ods-c-paragraph \">W pi\u0105tek rolnicy w wielu polskich miastach protestowali przeciwko porozumieniu pomi\u0119dzy Uni\u0105 Europejsk\u0105 a krajami Mercosur (Argentyn\u0105, Brazyli\u0105, Paragwajem i Urugwajem), kt\u00f3re wprowadzi preferencje celne dla niekt\u00f3rych produkt\u00f3w rolnych. W zamian rynki tych pa\u0144stw otworz\u0105 si\u0119 na towary przemys\u0142owe UE. Zapisy umowy budz\u0105 jednak sprzeciw europejskich rolnik\u00f3w, kt\u00f3rzy obawiaj\u0105 si\u0119 zalewu europejskiego rynku przez tanie produkty rolne z Ameryki Po\u0142udniowej.<\/p>\n<p>Dalszy ci\u0105g artyku\u0142u pod materia\u0142em wideo<\/p>\n<p> Co si\u0119 wydarzy\u0142o przed domem ministra rolnictwa? <\/p>\n<p> Kto zajmuje si\u0119 spraw\u0105 incydentu? <\/p>\n<p> Jakie gro\u017aby skierowano wobec ministra Krajewskiego? <\/p>\n<p> Jak minister Krajewski odni\u00f3s\u0142 si\u0119 do sprawcy incydentu? <\/p>\n<p class=\"ods-c-paragraph \">Mimo sprzeciwu Polski oraz czterech innych pa\u0144stw, <a href=\"https:\/\/wiadomosci.onet.pl\/swiat\/umowa-z-mercosur-unia-europejska-podjela-ostateczna-decyzje\/ncty4zy\" id=\"216e511e-740c-4e6c-a32e-4421226cc858\" rel=\"nofollow noopener\" target=\"_blank\">umowa zosta\u0142a oficjalnie zaakceptowana przez cz\u0142onk\u00f3w wsp\u00f3lnoty.<\/a> Minister rolnictwa i rozwoju wsi Stefan Krajewski wyst\u0105pi\u0142 w programie Polsat News, gdzie odni\u00f3s\u0142 si\u0119 do bie\u017c\u0105cych wydarze\u0144.<\/p>\n<p>&#8222;Pr\u00f3ba zniszczenia mienia, wtargni\u0119cie na prywatn\u0105 posesj\u0119, sk\u0142adanie gr\u00f3\u017ab karalnych&#8221;<\/p>\n<p class=\"ods-c-paragraph \">Minister opisa\u0142, \u017ce w trakcie protest\u00f3w nieznany sprawca rozla\u0142 gnoj\u00f3wk\u0119 przed jego domem, a tak\u017ce pr\u00f3bowa\u0142 wyrwa\u0107 ogrodzenie przy u\u017cyciu lin. Dodatkowo, przy budynku pozostawiono tablic\u0119 z napisem &#8222;Krajewski zdrajca wsi&#8221;. W momencie incydentu Krajewskiego nie by\u0142o w domu, jednak sprawca mia\u0142 skierowa\u0107 gro\u017aby wobec ministra do jego \u017cony.<\/p>\n<p class=\"ods-c-paragraph \">\u2014 Sk\u0142ada\u0142 gro\u017aby karalne wobec mojej osoby, wobec ministr\u00f3w polskiego rz\u0105du. Mo\u017ce doj\u015b\u0107 do tragedii, tak jak by\u0142o to w przypadku prezydenta Gda\u0144ska \u2014 m\u00f3wi\u0142 szef resortu. Doda\u0142, \u017ce incydent zako\u0144czy\u0142 si\u0119 interwencj\u0105 policji. \u2014 Pr\u00f3ba zniszczenia mienia, wtargni\u0119cie na prywatn\u0105 posesj\u0119, sk\u0142adanie gr\u00f3\u017ab karalnych \u2014 to wszystko si\u0119 zadzia\u0142o \u2014 wskaza\u0142.<\/p>\n<p>   Kto\u015b przyjecha\u0142 przed dom ministra. &#8222;To jest \u015brodowisko oszo\u0142om\u00f3w Brauna&#8221;<\/p>\n<p class=\"ods-c-paragraph \">Krajewski przekaza\u0142, \u017ce funkcjonariusze policji prowadz\u0105 obecnie czynno\u015bci wyja\u015bniaj\u0105ce. Z jego relacji wynika, \u017ce osoba odpowiedzialna za zdarzenie pracuje w bran\u017cy meblarskiej. \u2014 A ta bran\u017ca widzi szans\u0119 w podpisanych umowach \u2014 zauwa\u017cy\u0142 minister. Doda\u0142 r\u00f3wnie\u017c, \u017ce m\u0119\u017cczyzna opublikowa\u0142 w internecie nagranie dokumentuj\u0105ce przebieg incydentu.<\/p>\n<p class=\"ods-c-paragraph \">\u2014 To jest \u015brodowisko oszo\u0142om\u00f3w Brauna i tego zdania nie cofn\u0119. (&#8230;) Wida\u0107, \u017ce to s\u0105 dzia\u0142ania kreowane przez pana Brauna, przez jego \u015brodowisko. Ga\u015bnica, mo\u017ce by\u0107 gnojowica, ale mo\u017ce by\u0107 za chwil\u0119 u\u017cyty n\u00f3\u017c czy bro\u0144 w stosunku do kogo\u015b, kto im nie b\u0119dzie po prostu odpowiada\u0142 \u2014 podsumowa\u0142 Stefan Krajewski.<\/p>\n","protected":false},"excerpt":{"rendered":"W pi\u0105tek rolnicy w wielu polskich miastach protestowali przeciwko porozumieniu pomi\u0119dzy Uni\u0105 Europejsk\u0105 a krajami Mercosur (Argentyn\u0105, Brazyli\u0105,&hellip;\n","protected":false},"author":2,"featured_media":198430,"comment_status":"","ping_status":"","sticky":false,"template":"","format":"standard","meta":{"footnotes":""},"categories":[12],"tags":[32,33,36,37,27,49,34,35,93,28,31,48,25,46,42,38,414,40,12742,39,41,47,10335,29,30,26],"class_list":{"0":"post-198429","1":"post","2":"type-post","3":"status-publish","4":"format-standard","5":"has-post-thumbnail","7":"category-polska","8":"tag-breaking-news","9":"tag-breakingnews","10":"tag-featured-news","11":"tag-featurednews","12":"tag-headlines","13":"tag-kraj","14":"tag-latest-news","15":"tag-latestnews","16":"tag-mercosur","17":"tag-naglowki","18":"tag-najwazniejsze-artykuly","19":"tag-nat_styl","20":"tag-news","21":"tag-omp","22":"tag-pl","23":"tag-poland","24":"tag-policja","25":"tag-polish","26":"tag-polsat_news","27":"tag-polska","28":"tag-polski","29":"tag-screening_general","30":"tag-stefan_krajewski","31":"tag-top-stories","32":"tag-topstories","33":"tag-wiadomosci"},"share_on_mastodon":{"url":"https:\/\/pubeurope.com\/@pl\/115872918636726028","error":""},"_links":{"self":[{"href":"https:\/\/www.europesays.com\/pl\/wp-json\/wp\/v2\/posts\/198429","targetHints":{"allow":["GET"]}}],"collection":[{"href":"https:\/\/www.europesays.com\/pl\/wp-json\/wp\/v2\/posts"}],"about":[{"href":"https:\/\/www.europesays.com\/pl\/wp-json\/wp\/v2\/types\/post"}],"author":[{"embeddable":true,"href":"https:\/\/www.europesays.com\/pl\/wp-json\/wp\/v2\/users\/2"}],"replies":[{"embeddable":true,"href":"https:\/\/www.europesays.com\/pl\/wp-json\/wp\/v2\/comments?post=198429"}],"version-history":[{"count":0,"href":"https:\/\/www.europesays.com\/pl\/wp-json\/wp\/v2\/posts\/198429\/revisions"}],"wp:featuredmedia":[{"embeddable":true,"href":"https:\/\/www.europesays.com\/pl\/wp-json\/wp\/v2\/media\/198430"}],"wp:attachment":[{"href":"https:\/\/www.europesays.com\/pl\/wp-json\/wp\/v2\/media?parent=198429"}],"wp:term":[{"taxonomy":"category","embeddable":true,"href":"https:\/\/www.europesays.com\/pl\/wp-json\/wp\/v2\/categories?post=198429"},{"taxonomy":"post_tag","embeddable":true,"href":"https:\/\/www.europesays.com\/pl\/wp-json\/wp\/v2\/tags?post=198429"}],"curies":[{"name":"wp","href":"https:\/\/api.w.org\/{rel}","templated":true}]}}