{"id":198437,"date":"2026-01-10T21:33:17","date_gmt":"2026-01-10T21:33:17","guid":{"rendered":"https:\/\/www.europesays.com\/pl\/198437\/"},"modified":"2026-01-10T21:33:17","modified_gmt":"2026-01-10T21:33:17","slug":"temperatura-moze-spasc-do-25-st-c-najwieksze-mrozy-sa-dopiero-przed-nami","status":"publish","type":"post","link":"https:\/\/www.europesays.com\/pl\/198437\/","title":{"rendered":"Temperatura mo\u017ce spa\u015b\u0107 do -25 st. C. Najwi\u0119ksze mrozy s\u0105 dopiero przed nami"},"content":{"rendered":"<p class=\"ods-c-paragraph \">Jest ju\u017c pewne, \u017ce i\u015bcie zimowa <a href=\"https:\/\/wiadomosci.onet.pl\/pogoda\" id=\"5174e87b-579c-422b-8bb5-fa30c1abb524\" rel=\"nofollow noopener\" target=\"_blank\">pogoda<\/a> niemal nad ca\u0142\u0105 Polsk\u0105 utrzyma si\u0119 do wtorku\/\u015brody. Temperatura przez ca\u0142\u0105 dob\u0119 b\u0119dzie ujemna, a do tego okresami sypnie \u015bniegiem. \u015anie\u017cyce, jakie rozpoczynaj\u0105 si\u0119 ju\u017c na p\u00f3\u0142nocy, w nocy i w niedziel\u0119 rozszerz\u0105 si\u0119 te\u017c na centrum, po\u0142udnie i wsch\u00f3d kraju. Spadnie tam od 5 do 15 cm bia\u0142ego puchu, na pojezierzach oraz u podn\u00f3\u017ca g\u00f3r do 30 cm, a punktowo na Pomorzu Gda\u0144skim do 50 cm. <a href=\"https:\/\/wiadomosci.onet.pl\/pogoda\/pilne-alerty-imgw-nadciagaja-sniezyce-i-wichury-spadnie-az-50-cm-sniegu\/0g0n0sn\" id=\"8dab2ebd-beba-40bf-a13b-58fa41c7b595\" rel=\"nofollow noopener\" target=\"_blank\">Na p\u00f3\u0142nocy kraju obowi\u0105zuj\u0105 \u015bnie\u017cne alerty IMGW.<\/a><\/p>\n<p class=\"ods-c-paragraph \">W poniedzia\u0142ek sypnie jeszcze na wschodzie, natomiast we wtorek na zachodzie i po\u0142udniu mo\u017cliwe s\u0105 solidne <a href=\"https:\/\/wiadomosci.onet.pl\/snieg\" id=\"df6e83b9-fe81-495c-8293-7cff6adadeb6\" rel=\"nofollow noopener\" target=\"_blank\">opady \u015bniegu<\/a>, ale stopniowo przechodz\u0105ce w deszcz i marzn\u0105cy deszcz. Od \u015brody, je\u015bli ju\u017c gdzie\u015b popada, to przede wszystkim deszcz albo m\u017cawka.<\/p>\n<p>Dalszy ci\u0105g artyku\u0142u pod materia\u0142em wideo<\/p>\n<p> Jakie temperatury przewidywane s\u0105 na wschodzie kraju? <\/p>\n<p> Kiedy nast\u0105pi odwil\u017c w Polsce? <\/p>\n<p> Ile centymetr\u00f3w \u015bniegu mo\u017ce spa\u015b\u0107 w niekt\u00f3rych regionach? <\/p>\n<p> Jakie mrozy zapowiadane s\u0105 na pocz\u0105tku tygodnia? <\/p>\n<p>  Temperatura wkr\u00f3tce mo\u017ce spa\u015b\u0107 do -25 st. C. Najwi\u0119ksze mrozy s\u0105 dopiero przed nami<\/p>\n<p class=\"ods-c-paragraph \">Opr\u00f3cz opad\u00f3w, czekaj\u0105 nas nieust\u0119pliwe mrozy, cho\u0107 nie wsz\u0119dzie r\u00f3wnie silne. Od niedzieli do wtorku na zachodzie, Wybrze\u017cu i po\u0142udniowym zachodzie popo\u0142udniami zapowiadamy od -3 do 0 st. C, natomiast nad morzem, a we wtorek te\u017c u podn\u00f3\u017ca Sudet\u00f3w mo\u017ce by\u0107 do 1 st. C. Tymczasem na wschodzie i p\u00f3\u0142nocnym wschodzie nawet w pe\u0142ni dnia mr\u00f3z osi\u0105gnie -12\/-8 st. C.<\/p>\n<p><img decoding=\"async\" src=\"https:\/\/www.europesays.com\/pl\/wp-content\/uploads\/2026\/01\/YuKk9lBaHR0cHM6Ly9vY2RuLmV1L3B1bHNjbXMvTURBXy9lNjA5NjdiZTBiZDljMGU1MDJkYzE2ZDMyZWQzM2E5Zi5wbmeRlQLNB.jpeg\" height=\"504\" width=\"940\" alt=\"Prognoza temperatury maksymalnej w Polsce w kolejnych dniach\" loading=\"lazy\" class=\"ods-c-image__img ods-c-image__img--viewport-width\"\/><\/p>\n<p>Prognoza temperatury maksymalnej w Polsce w kolejnych dniachIMGW-PIB METEO POLSKA<\/p>\n<p class=\"ods-c-paragraph \">Bardzo <a href=\"https:\/\/wiadomosci.onet.pl\/mroz\" id=\"20522136-f421-4de9-9ab9-a388ce2e458e\" rel=\"nofollow noopener\" target=\"_blank\">mro\u017ano<\/a> zapowiadaj\u0105 si\u0119 noce. Na pocz\u0105tku tygodnia (zw\u0142aszcza we wtorek i \u015brod\u0119 rano) na Podlasiu, Mazurach, cz\u0119\u015bciowo Mazowszu, Lubelszczy\u017anie i Podkarpaciu spadki mog\u0105 osi\u0105ga\u0107 -23\/-18 st. C, a przy gruncie nawet ok. -25 st. C.<\/p>\n<p><img decoding=\"async\" src=\"https:\/\/www.europesays.com\/pl\/wp-content\/uploads\/2026\/01\/4q5k9lBaHR0cHM6Ly9vY2RuLmV1L3B1bHNjbXMvTURBXy8xMWJkZGQyMzdjMGU2ZDQzNDVlNzJlNTBlZjkxZTUyZS5wbmeRlQLNB.jpeg\" height=\"524\" width=\"750\" alt=\"Szczeg\u00f3lnie silne mrozy zapowiadamy na wschodzie\" loading=\"lazy\" class=\"ods-c-image__img ods-c-image__img--viewport-width\"\/><\/p>\n<p>Szczeg\u00f3lnie silne mrozy zapowiadamy na wschodziewxcharts<\/p>\n<p class=\"ods-c-paragraph \">Niewykluczone, \u017ce to w\u0142a\u015bnie wtedy zostan\u0105 odnotowane najni\u017csze warto\u015bci w czasie obecnego ataku zimy. W centrum i w Ma\u0142opolsce spodziewamy si\u0119 od -14 do -10 st. C, natomiast na zachodzie oraz po\u0142udniowym zachodzie -5\/-1 st. C.<\/p>\n<p><img decoding=\"async\" src=\"https:\/\/www.europesays.com\/pl\/wp-content\/uploads\/2026\/01\/VDXk9lBaHR0cHM6Ly9vY2RuLmV1L3B1bHNjbXMvTURBXy83MzVkM2Q4MzQ1ODRlODA2OGFhZjJkMmU3YmI4N2EyYi5wbmeRlQLNB.jpeg\" height=\"504\" width=\"940\" alt=\"Prognoza temperatury minimalnej w Polsce w czasie kolejnych d\u00f3b\" loading=\"lazy\" class=\"ods-c-image__img ods-c-image__img--viewport-width\"\/><\/p>\n<p>Prognoza temperatury minimalnej w Polsce w czasie kolejnych d\u00f3bIMGW-PIB METEO POLSKA<\/p>\n<p class=\"ods-c-paragraph \">Od po\u0142owy tygodnia odwil\u017c zacznie wkracza\u0107 do Polski coraz \u015bmielej, co oznacza coraz wy\u017csze temperatury. Na zachodzie i po\u0142udniowym zachodzie temperatura mo\u017ce poszybowa\u0107 co najmniej do ok. 5 st. C. Na wschodzie zimno b\u0119dzie d\u0142u\u017cej i niewykluczone, \u017ce dodatnie warto\u015bci na termometrach dotr\u0105 tam dopiero bli\u017cej kolejnego weekendu. Ocieplenie przebiega\u0107 ma przy do\u015b\u0107 suchej, ale mglistej pogodzie przypominaj\u0105cej to, z czym mieli\u015bmy do czynienia przez wi\u0119kszo\u015b\u0107 minionego grudnia.<\/p>\n","protected":false},"excerpt":{"rendered":"Jest ju\u017c pewne, \u017ce i\u015bcie zimowa pogoda niemal nad ca\u0142\u0105 Polsk\u0105 utrzyma si\u0119 do wtorku\/\u015brody. Temperatura przez ca\u0142\u0105&hellip;\n","protected":false},"author":2,"featured_media":198438,"comment_status":"","ping_status":"","sticky":false,"template":"","format":"standard","meta":{"footnotes":""},"categories":[5],"tags":[32,33,36,37,27,34,35,6987,28,31,48,25,46,42,78,38,40,39,41,47,7312,29,30,26],"class_list":{"0":"post-198437","1":"post","2":"type-post","3":"status-publish","4":"format-standard","5":"has-post-thumbnail","7":"category-naglowki","8":"tag-breaking-news","9":"tag-breakingnews","10":"tag-featured-news","11":"tag-featurednews","12":"tag-headlines","13":"tag-latest-news","14":"tag-latestnews","15":"tag-mroz","16":"tag-naglowki","17":"tag-najwazniejsze-artykuly","18":"tag-nat_styl","19":"tag-news","20":"tag-omp","21":"tag-pl","22":"tag-pogoda","23":"tag-poland","24":"tag-polish","25":"tag-polska","26":"tag-polski","27":"tag-screening_general","28":"tag-snieg","29":"tag-top-stories","30":"tag-topstories","31":"tag-wiadomosci"},"share_on_mastodon":{"url":"https:\/\/pubeurope.com\/@pl\/115872950266713923","error":""},"_links":{"self":[{"href":"https:\/\/www.europesays.com\/pl\/wp-json\/wp\/v2\/posts\/198437","targetHints":{"allow":["GET"]}}],"collection":[{"href":"https:\/\/www.europesays.com\/pl\/wp-json\/wp\/v2\/posts"}],"about":[{"href":"https:\/\/www.europesays.com\/pl\/wp-json\/wp\/v2\/types\/post"}],"author":[{"embeddable":true,"href":"https:\/\/www.europesays.com\/pl\/wp-json\/wp\/v2\/users\/2"}],"replies":[{"embeddable":true,"href":"https:\/\/www.europesays.com\/pl\/wp-json\/wp\/v2\/comments?post=198437"}],"version-history":[{"count":0,"href":"https:\/\/www.europesays.com\/pl\/wp-json\/wp\/v2\/posts\/198437\/revisions"}],"wp:featuredmedia":[{"embeddable":true,"href":"https:\/\/www.europesays.com\/pl\/wp-json\/wp\/v2\/media\/198438"}],"wp:attachment":[{"href":"https:\/\/www.europesays.com\/pl\/wp-json\/wp\/v2\/media?parent=198437"}],"wp:term":[{"taxonomy":"category","embeddable":true,"href":"https:\/\/www.europesays.com\/pl\/wp-json\/wp\/v2\/categories?post=198437"},{"taxonomy":"post_tag","embeddable":true,"href":"https:\/\/www.europesays.com\/pl\/wp-json\/wp\/v2\/tags?post=198437"}],"curies":[{"name":"wp","href":"https:\/\/api.w.org\/{rel}","templated":true}]}}