{"id":198453,"date":"2026-01-10T21:47:34","date_gmt":"2026-01-10T21:47:34","guid":{"rendered":"https:\/\/www.europesays.com\/pl\/198453\/"},"modified":"2026-01-10T21:47:34","modified_gmt":"2026-01-10T21:47:34","slug":"prezydent-zawetowal-podwyzke-akcyzy-na-alkohol-oto-ile-straci-budzet","status":"publish","type":"post","link":"https:\/\/www.europesays.com\/pl\/198453\/","title":{"rendered":"Prezydent zawetowa\u0142 podwy\u017ck\u0119 akcyzy na alkohol. Oto ile straci bud\u017cet"},"content":{"rendered":"<p>&#8211; Ile pieni\u0119dzy straci bud\u017cet pa\u0144stwa, a\u00a0w\u00a0szczeg\u00f3lno\u015bci <a href=\"https:\/\/www.money.pl\/wiadomosci\/nfz.html\" rel=\"noopener noreferrer nofollow\" target=\"_blank\">NFZ<\/a>? W\u00a0przypadku op\u0142aty cukrowej 96,5 proc. wp\u0142yw\u00f3w trafia bezpo\u015brednio do NFZ, to wed\u0142ug naszych szacunk\u00f3w by\u0142o oko\u0142o 855 mln z\u0142. Tych pieni\u0119dzy w\u00a0tym roku NFZ nie dostanie z\u00a0<a href=\"https:\/\/www.money.pl\/gospodarka\/oplata-cukrowa-rzad-chce-zmienic-zasady-rozliczania-7200972456483424a.html\" rel=\"noopener noreferrer nofollow\" target=\"_blank\">op\u0142aty cukrowej<\/a> &#8211;\u00a0powiedzia\u0142 Neneman.<\/p>\n<p>&#8211; W przypadku alkoholu szacujemy, \u017ce ten ubytek wynosi oko\u0142o 1,8 mld z\u0142 w\u00a0tym roku i\u00a02,8 mld z\u0142 w\u00a0przysz\u0142ym roku. W\u00a0przypadku alkoholu prognozy s\u0105 obarczone troch\u0119 wi\u0119kszym b\u0142\u0119dem, bo trudno przewidzie\u0107 dok\u0142adnie, jak zachowa si\u0119 rynek. W\u00a0przypadku cukru prognozy s\u0105 o\u00a0wiele bardziej dok\u0142adne, bo mo\u017cemy sobie szczerze powiedzie\u0107, \u017ce udzia\u0142 op\u0142aty cukrowej w\u00a0cenie wyrob\u00f3w s\u0142odzonych jest niewielki, nawet po tej podwy\u017cce &#8211;\u00a0doda\u0142 wiceminister.<\/p>\n<p>Sp\u00f3r o\u00a0reform\u0119 PIP w\u00a0Sejmie. &#8222;Lewica jest tym oburzona&#8221; <\/p>\n<p>Jak wskaza\u0142 wiceminister finans\u00f3w, proponowane zmiany s\u0105 uzasadnione ekonomicznie i\u00a0spo\u0142ecznie.<\/p>\n<p>&#8211; Bezsprzecznie opodatkowanie alkoholu, tytoniu, cukru to \u017ar\u00f3d\u0142a dodatkowych \u015brodk\u00f3w pieni\u0119\u017cnych, kt\u00f3re wydaj\u0105 si\u0119 by\u0107 najmniej kontrowersyjne, a\u00a0straty spo\u0142eczne z\u00a0picia i\u00a0palenia s\u0105 zdecydowanie wi\u0119ksze ni\u017c wp\u0142ywy z\u00a0tego tytu\u0142u, wi\u0119c ten kierunek dzia\u0142ania jest jak najbardziej uzasadniony ekonomicznie i\u00a0spo\u0142ecznie &#8211;\u00a0powiedzia\u0142 Neneman.<\/p>\n<p>Nowelizacja ustawy o\u00a0podatku akcyzowym zak\u0142ada\u0142a zwi\u0119kszenie skali podwy\u017cek akcyzy na alkohol w\u00a0tym roku. Obecnie w\u00a0ustawie zapisane s\u0105 podwy\u017cki tego podatku o\u00a05\u00a0proc. w\u00a0roku 2026 oraz o\u00a05\u00a0proc. w\u00a0roku 2027. Nowela mia\u0142a podnie\u015b\u0107 stawki akcyzy w\u00a0roku 2026 o\u00a015 proc., a\u00a0w\u00a0roku 2027 \u2013\u00a0o\u00a010 proc.<\/p>\n<p>Z kolei przepisy podwy\u017cszaj\u0105ce op\u0142at\u0119 cukrow\u0105 mia\u0142y zniech\u0119ci\u0107 do kupowania s\u0142odkich i\u00a0energetycznych napoj\u00f3w. Stawki op\u0142aty mia\u0142y zosta\u0107 podniesione m.in. z\u00a00,50 z\u0142 do 0,70 z\u0142 za litr napoju z\u00a0cukrem do 5\u00a0g\u00a0w\u00a0litrze lub s\u0142odzikiem i\u00a0z\u00a00,10 z\u0142 do 1,00 z\u0142 za dodatek kofeiny lub tauryny.<\/p>\n<p>Zawetowana ustawa zawiera\u0142a tak\u017ce zapisy o\u00a0podniesieniu podatku z\u00a0tytu\u0142u wygranych w\u00a0konkursach, grach i\u00a0zak\u0142adach wzajemnych lub nagr\u00f3d zwi\u0105zanych ze sprzeda\u017c\u0105 premiow\u0105 z\u00a010 proc. do 15 proc. <\/p>\n","protected":false},"excerpt":{"rendered":"&#8211; Ile pieni\u0119dzy straci bud\u017cet pa\u0144stwa, a\u00a0w\u00a0szczeg\u00f3lno\u015bci NFZ? W\u00a0przypadku op\u0142aty cukrowej 96,5 proc. wp\u0142yw\u00f3w trafia bezpo\u015brednio do NFZ,&hellip;\n","protected":false},"author":2,"featured_media":198454,"comment_status":"","ping_status":"","sticky":false,"template":"","format":"standard","meta":{"footnotes":""},"categories":[5],"tags":[32,33,36,37,27,34,35,28,31,25,42,38,40,39,41,29,30,26],"class_list":{"0":"post-198453","1":"post","2":"type-post","3":"status-publish","4":"format-standard","5":"has-post-thumbnail","7":"category-naglowki","8":"tag-breaking-news","9":"tag-breakingnews","10":"tag-featured-news","11":"tag-featurednews","12":"tag-headlines","13":"tag-latest-news","14":"tag-latestnews","15":"tag-naglowki","16":"tag-najwazniejsze-artykuly","17":"tag-news","18":"tag-pl","19":"tag-poland","20":"tag-polish","21":"tag-polska","22":"tag-polski","23":"tag-top-stories","24":"tag-topstories","25":"tag-wiadomosci"},"share_on_mastodon":{"url":"https:\/\/pubeurope.com\/@pl\/115873005140028147","error":""},"_links":{"self":[{"href":"https:\/\/www.europesays.com\/pl\/wp-json\/wp\/v2\/posts\/198453","targetHints":{"allow":["GET"]}}],"collection":[{"href":"https:\/\/www.europesays.com\/pl\/wp-json\/wp\/v2\/posts"}],"about":[{"href":"https:\/\/www.europesays.com\/pl\/wp-json\/wp\/v2\/types\/post"}],"author":[{"embeddable":true,"href":"https:\/\/www.europesays.com\/pl\/wp-json\/wp\/v2\/users\/2"}],"replies":[{"embeddable":true,"href":"https:\/\/www.europesays.com\/pl\/wp-json\/wp\/v2\/comments?post=198453"}],"version-history":[{"count":0,"href":"https:\/\/www.europesays.com\/pl\/wp-json\/wp\/v2\/posts\/198453\/revisions"}],"wp:featuredmedia":[{"embeddable":true,"href":"https:\/\/www.europesays.com\/pl\/wp-json\/wp\/v2\/media\/198454"}],"wp:attachment":[{"href":"https:\/\/www.europesays.com\/pl\/wp-json\/wp\/v2\/media?parent=198453"}],"wp:term":[{"taxonomy":"category","embeddable":true,"href":"https:\/\/www.europesays.com\/pl\/wp-json\/wp\/v2\/categories?post=198453"},{"taxonomy":"post_tag","embeddable":true,"href":"https:\/\/www.europesays.com\/pl\/wp-json\/wp\/v2\/tags?post=198453"}],"curies":[{"name":"wp","href":"https:\/\/api.w.org\/{rel}","templated":true}]}}