{"id":198467,"date":"2026-01-10T21:59:10","date_gmt":"2026-01-10T21:59:10","guid":{"rendered":"https:\/\/www.europesays.com\/pl\/198467\/"},"modified":"2026-01-10T21:59:10","modified_gmt":"2026-01-10T21:59:10","slug":"umowa-ue-mercosur-niemcy-zyskuja-polscy-rolnicy-traca-rzad-myje-rece-wobec-kluczowej-decyzji","status":"publish","type":"post","link":"https:\/\/www.europesays.com\/pl\/198467\/","title":{"rendered":"Umowa UE\u2013Mercosur: Niemcy zyskuj\u0105, polscy rolnicy trac\u0105 \u2013 rz\u0105d \u201emyje r\u0119ce\u201d wobec kluczowej decyzji"},"content":{"rendered":"<p>    Pa\u0144stwa UE za podpisaniem umowy UE\u2013Mercosur<\/p>\n<p class=\"hyphenate \" data-text-len=\"405\" data-scroll=\"paragraph_3\">Pa\u0144stwa cz\u0142onkowskie UE zgodzi\u0142y si\u0119 w pi\u0105tek na zawarcie umowy handlowej z po\u0142udniowoameryka\u0144skim blokiem Mercosur \u2013 poinformowa\u0142a Polska Agencja Prasowa. Przeciwko porozumieniu g\u0142osowa\u0142y: Polska, <a href=\"https:\/\/forsal.pl\/tagi\/francja\" id=\"68a73a57-2b2f-434e-9341-75747429292b\" title=\"Francja\" rel=\"nofollow noopener\" target=\"_blank\">Francja<\/a>, Irlandia, W\u0119gry oraz Austria. Belgia wstrzyma\u0142a si\u0119 od g\u0142osu.<\/p>\n<p class=\"hyphenate \" data-text-len=\"226\" data-scroll=\"paragraph_4\">Zgoda wi\u0119kszo\u015bci stolic oznacza, \u017ce przewodnicz\u0105ca Komisji Europejskiej Ursula von der Leyen mo\u017ce uda\u0107 si\u0119 do Paragwaju w celu podpisania umowy. Paragwaj od pocz\u0105tku roku sprawuje prezydencj\u0119 w bloku Mercosur.<\/p>\n<p class=\"hyphenate \" data-text-len=\"483\" data-scroll=\"paragraph_5\">W ramach porozumienia przewidziano mechanizm ochronny, kt\u00f3ry teoretycznie umo\u017cliwia czasowe wy\u0142\u0105czenie preferencji celnych dla producent\u00f3w z Mercosuru. Mechanizm ten mo\u017ce zosta\u0107 uruchomiony w przypadku gwa\u0142townego spadku cen tzw. produkt\u00f3w wra\u017cliwych w UE lub nag\u0142ego nap\u0142ywu nadmiernych ilo\u015bci tych towar\u00f3w na unijny rynek. Rolnicy podkre\u015blaj\u0105 jednak, \u017ce w praktyce podobne rozwi\u0105zania rzadko dzia\u0142aj\u0105 skutecznie i zwykle uruchamiane s\u0105 zbyt p\u00f3\u017ano.<\/p>\n<p>    Czym jest Mercosur? Po\u0142udniowoameryka\u0144ski odpowiednik UE<\/p>\n<p class=\"hyphenate adSlotSibling\" data-text-len=\"601\" data-async-ad-slot=\"true\" data-scroll=\"paragraph_7\">Mercosur, czyli Wsp\u00f3lny Rynek Po\u0142udnia, to po\u0142udniowoameryka\u0144ski blok handlowy utworzony w 1991 r. Jego cz\u0142onkami s\u0105 Argentyna, Brazylia, Paragwaj oraz Urugwaj. W 2012 r. do Mercosuru do\u0142\u0105czy\u0142a Wenezuela, jednak jej cz\u0142onkostwo zosta\u0142o zawieszone w 2017 r. Z kolei w grudniu 2012 r. podpisano protok\u00f3\u0142 dotycz\u0105cy przyst\u0105pienia Boliwii do bloku \u2013 dokument ten wci\u0105\u017c wymaga ratyfikacji przez parlamenty pa\u0144stw cz\u0142onkowskich. Pa\u0144stwa Mercosuru tworz\u0105 \u0142\u0105cznie sz\u00f3st\u0105 co do wielko\u015bci gospodark\u0119 \u015bwiata, a zamieszkuje je oko\u0142o 270 mln os\u00f3b.<\/p>\n<p>    Kto zyska najbardziej na umowie? Jak wygl\u0105da handel UE\u2013Mercosur<\/p>\n<p class=\"hyphenate \" data-text-len=\"396\" data-scroll=\"paragraph_9\"><a href=\"https:\/\/forsal.pl\/tagi\/unia-europejska\" id=\"4d2e7041-07a1-4023-9391-b40c98721ff4\" title=\"Unia Europejska\" rel=\"nofollow noopener\" target=\"_blank\">Unia Europejska<\/a> jest dla Mercosuru drugim co do wielko\u015bci partnerem w handlu towarami \u2013 w 2024 r. odpowiada\u0142a za blisko 17 proc. ca\u0142kowitego handlu tego bloku. Z kolei Mercosur jest dla UE dopiero dziesi\u0105tym najwa\u017cniejszym partnerem handlowym.<\/p>\n<p class=\"hyphenate \" data-text-len=\"545\" data-scroll=\"paragraph_10\">W 2024 r. warto\u015b\u0107 wymiany handlowej mi\u0119dzy UE a Mercosurem przekroczy\u0142a 111 mld euro. Eksport z UE wyni\u00f3s\u0142 55,2 mld euro, natomiast import \u2013 56 mld euro. Ponad 80 proc. ca\u0142ej wymiany handlowej odbywa\u0142o si\u0119 pomi\u0119dzy UE a Brazyli\u0105. W latach 2014\u20132024 <a href=\"https:\/\/forsal.pl\/tagi\/handel\" id=\"d234d4b8-34d1-4823-8041-4328a9d087ed\" title=\"handel\" rel=\"nofollow noopener\" target=\"_blank\">handel<\/a> towarami mi\u0119dzy UE a Mercosurem wzr\u00f3s\u0142 o ponad 36 proc. Import zwi\u0119kszy\u0142 si\u0119 o ponad 50 proc., natomiast eksport \u2013 o 25 proc.1<\/p>\n<p>        Wa\u017cne<\/p>\n<p class=\"\">Najwa\u017cniejsze towary eksportowane przez UE do pa\u0144stw Mercosuru to maszyny i urz\u0105dzenia, produkty chemiczne i farmaceutyczne oraz sprz\u0119t transportowy \u2013 w tym samochody osobowe, ci\u0119\u017carowe i dostawcze, a tak\u017ce cz\u0119\u015bci samochodowe.<\/p>\n<p class=\"\">Z kolei UE importuje z Mercosuru przede wszystkim produkty rolne, surowce mineralne, mas\u0119 papiernicz\u0105 oraz papier.<\/p>\n<p>    Handel UE\u2013Mercosur. Kto traci, a kto zyskuje<\/p>\n<p class=\"hyphenate \" data-text-len=\"488\" data-scroll=\"paragraph_13\">Sprzeciw kraj\u00f3w takich jak Polska czy <a href=\"https:\/\/forsal.pl\/tagi\/francja\" id=\"af2b1613-52d5-4310-abd9-6ba1e4c2da85\" title=\"Francja\" rel=\"nofollow noopener\" target=\"_blank\">Francja<\/a>, posiadaj\u0105cych silnie rozwini\u0119te sektory rolne, nie jest zaskoczeniem. To w\u0142a\u015bnie w Polsce i Francji umowa w obecnym kszta\u0142cie postrzegana jest jako powa\u017cne zagro\u017cenie dla lokalnych producent\u00f3w \u017cywno\u015bci. Nale\u017cy jednak zwr\u00f3ci\u0107 uwag\u0119 na mechanizmy chroni\u0105ce rolnictwo w UE.<\/p>\n<p>        Wa\u017cne<\/p>\n<p class=\"\">Zgodnie z porozumieniem ka\u017cdy produkt wprowadzany na rynek wewn\u0119trzny UE musi spe\u0142nia\u0107 surowe unijne normy w zakresie bezpiecze\u0144stwa \u017cywno\u015bci. Umowa w \u017caden spos\u00f3b nie wp\u0142ywa na ten stan rzeczy.<\/p>\n<p class=\"hyphenate \" data-text-len=\"328\" data-scroll=\"paragraph_15\">Ponadto producenci b\u0119d\u0105 mogli skorzysta\u0107 na eksporcie w efekcie zniesienia wysokich ce\u0142. Umowa daje zatem pewien bilans zysk\u00f3w i strat dla unijnego rolnika. Nie ma jednak cienia w\u0105tpliwo\u015bci, \u017ce strac\u0105 na tym ma\u0142e gospodarstwa, kt\u00f3re b\u0119d\u0105 uzale\u017cnione od dop\u0142at oraz rekompensat.<\/p>\n<p class=\"hyphenate \" data-text-len=\"336\" data-scroll=\"paragraph_16\">Z drugiej strony na porozumieniu wyra\u017anie skorzystaj\u0105 <a href=\"https:\/\/forsal.pl\/tagi\/niemcy\" id=\"cea97756-7a2c-47e0-89d8-31dd620385f1\" title=\"Niemcy\" rel=\"nofollow noopener\" target=\"_blank\">Niemcy<\/a>, kt\u00f3rych gospodarka opiera si\u0119 g\u0142\u00f3wnie na eksporcie maszyn, samochod\u00f3w, narz\u0119dzi przemys\u0142owych, elektroniki, chemikali\u00f3w oraz farmaceutyk\u00f3w.<\/p>\n<p>    Rz\u0105d Polski o \u201epora\u017cce\u201d i zapowiedzi walki w TSUE<\/p>\n<p class=\"hyphenate \" data-text-len=\"286\" data-scroll=\"paragraph_18\">Z perspektywy rolnik\u00f3w trudno dostrzec jakiekolwiek realne korzy\u015bci p\u0142yn\u0105ce z umowy UE\u2013Mercosur. Obawy dotycz\u0105ce masowego nap\u0142ywu ta\u0144szych produkt\u00f3w rolnych z Ameryki Po\u0142udniowej zdaj\u0105 si\u0119 potwierdza\u0107 r\u00f3wnie\u017c wypowiedzi przedstawicieli polskiego rz\u0105du.<\/p>\n<p class=\"hyphenate \" data-text-len=\"108\" data-scroll=\"paragraph_19\">Premier Donald Tusk nie ukrywa\u0142 rozczarowania wynikiem g\u0142osowania, wprost m\u00f3wi\u0105c o pora\u017cce.<\/p>\n<p class=\"hyphenate \" data-text-len=\"211\" data-scroll=\"paragraph_20\">&#8222;Kto\u015b chyba zobowi\u0105za\u0142 si\u0119, \u017ce przekona pani\u0105 premier Giorgi\u0119 Meloni do zmiany zdania, powo\u0142ywa\u0142 si\u0119 na przyja\u017a\u0144 i nie dowi\u00f3z\u0142&#8221; \u2013 powiedzia\u0142 premier, obwiniaj\u0105c za pora\u017ck\u0119 Prezydenta Karola Nawrockiego.<\/p>\n<p class=\"hyphenate \" data-text-len=\"74\" data-scroll=\"paragraph_21\">Donald Tusk podkre\u015bli\u0142, \u017ce Polska wykona\u0142a swoje zadanie.<\/p>\n<p class=\"hyphenate \" data-text-len=\"156\" data-scroll=\"paragraph_22\">&#8222;Rz\u0105d polski g\u0142osowa\u0142 przeciw, a kilkoro naszych sojusznik\u00f3w w Radzie Europejskiej g\u0142osowa\u0142o razem z nami. To jednak nie wystarczy\u0142o&#8221; \u2013 stwierdzi\u0142.<\/p>\n<p class=\"hyphenate adSlotSibling\" data-text-len=\"258\" data-async-ad-slot=\"true\" data-scroll=\"paragraph_23\">Ministerstwo Rolnictwa i Rozwoju Wsi w oficjalnym komunikacie wskaza\u0142o, \u017ce \u201eniestety, prezydentowi Karolowi Nawrockiemu oraz politykom PiS nie uda\u0142o si\u0119 przekona\u0107 swoich politycznych sojusznik\u00f3w i W\u0142ochy zag\u0142osowa\u0142y za przyj\u0119ciem umowy UE\u2013Mercosur\u201d.<\/p>\n<p class=\"hyphenate \" data-text-len=\"156\" data-scroll=\"paragraph_24\">Minister rolnictwa Stefan Krajewski zapowiedzia\u0142 natomiast podjecie pr\u00f3by skierowania umowy do Trybuna\u0142u Sprawiedliwo\u015bci Unii Europejskiej.<\/p>\n<p class=\"hyphenate \" data-text-len=\"319\" data-scroll=\"paragraph_25\">&#8222;Dalej nie odpu\u015bcimy. Umowa b\u0119dzie przedmiotem zg\u0142oszenia do Trybuna\u0142u Sprawiedliwo\u015bci Unii Europejskiej. Jako PSL b\u0119dziemy zabiega\u0107 o to, by sta\u0142a si\u0119 ona przedmiotem analiz i post\u0119powania przed TSUE&#8221; \u2013 o\u015bwiadczy\u0142 z sejmowej trybuny, przedstawiaj\u0105c informacj\u0119 rz\u0105du na temat porozumienia z pa\u0144stwami Mercosur.<\/p>\n<p class=\"hyphenate \" data-text-len=\"9\" data-scroll=\"paragraph_26\">PAP\/TVN24<\/p>\n<p class=\"hyphenate \" data-text-len=\"66\" data-scroll=\"paragraph_27\">1consilium.europa.eu\/pl\/infographics\/eu-mercosur-trade\/<\/p>\n","protected":false},"excerpt":{"rendered":"Pa\u0144stwa UE za podpisaniem umowy UE\u2013Mercosur Pa\u0144stwa cz\u0142onkowskie UE zgodzi\u0142y si\u0119 w pi\u0105tek na zawarcie umowy handlowej z&hellip;\n","protected":false},"author":2,"featured_media":198468,"comment_status":"","ping_status":"","sticky":false,"template":"","format":"standard","meta":{"footnotes":""},"categories":[14],"tags":[32,33,27,34,35,28,31,25,40,41,80,29,30,26,82,83,84],"class_list":{"0":"post-198467","1":"post","2":"type-post","3":"status-publish","4":"format-standard","5":"has-post-thumbnail","7":"category-swiat","8":"tag-breaking-news","9":"tag-breakingnews","10":"tag-headlines","11":"tag-latest-news","12":"tag-latestnews","13":"tag-naglowki","14":"tag-najwazniejsze-artykuly","15":"tag-news","16":"tag-polish","17":"tag-polski","18":"tag-swiat","19":"tag-top-stories","20":"tag-topstories","21":"tag-wiadomosci","22":"tag-world","23":"tag-world-news","24":"tag-worldnews"},"share_on_mastodon":{"url":"https:\/\/pubeurope.com\/@pl\/115873052316383300","error":""},"_links":{"self":[{"href":"https:\/\/www.europesays.com\/pl\/wp-json\/wp\/v2\/posts\/198467","targetHints":{"allow":["GET"]}}],"collection":[{"href":"https:\/\/www.europesays.com\/pl\/wp-json\/wp\/v2\/posts"}],"about":[{"href":"https:\/\/www.europesays.com\/pl\/wp-json\/wp\/v2\/types\/post"}],"author":[{"embeddable":true,"href":"https:\/\/www.europesays.com\/pl\/wp-json\/wp\/v2\/users\/2"}],"replies":[{"embeddable":true,"href":"https:\/\/www.europesays.com\/pl\/wp-json\/wp\/v2\/comments?post=198467"}],"version-history":[{"count":0,"href":"https:\/\/www.europesays.com\/pl\/wp-json\/wp\/v2\/posts\/198467\/revisions"}],"wp:featuredmedia":[{"embeddable":true,"href":"https:\/\/www.europesays.com\/pl\/wp-json\/wp\/v2\/media\/198468"}],"wp:attachment":[{"href":"https:\/\/www.europesays.com\/pl\/wp-json\/wp\/v2\/media?parent=198467"}],"wp:term":[{"taxonomy":"category","embeddable":true,"href":"https:\/\/www.europesays.com\/pl\/wp-json\/wp\/v2\/categories?post=198467"},{"taxonomy":"post_tag","embeddable":true,"href":"https:\/\/www.europesays.com\/pl\/wp-json\/wp\/v2\/tags?post=198467"}],"curies":[{"name":"wp","href":"https:\/\/api.w.org\/{rel}","templated":true}]}}