{"id":198475,"date":"2026-01-10T22:10:07","date_gmt":"2026-01-10T22:10:07","guid":{"rendered":"https:\/\/www.europesays.com\/pl\/198475\/"},"modified":"2026-01-10T22:10:07","modified_gmt":"2026-01-10T22:10:07","slug":"katarzyna-zillmann-i-janja-lesar-blisko-siebie-na-czerwonym-dywanie-wybraly-czern-plejada","status":"publish","type":"post","link":"https:\/\/www.europesays.com\/pl\/198475\/","title":{"rendered":"Katarzyna Zillmann i Janja Lesar blisko siebie na czerwonym dywanie. Wybra\u0142y czer\u0144 &#8211; Plejada"},"content":{"rendered":"<ol>\n<li><a href=\"https:\/\/news.google.com\/rss\/articles\/CBMisgFBVV95cUxONVFSVnNzZjE4SHBQSE43OFR4czQ2NWtMb0RUU0ZpNjktc2RRRGJWZVhkX0htSzZJaGJ2Sy1ZSDRsWFhDdVZ5SmhiM0pqbFVNa3NwR0pvdXVZaURJSmppakNrRExDWEZtUTFVbTRwVTNFNmU4WHVWZWpvZjRqaDJKeU9lTklKVWNtWWVnUDRXd2gtVTNla2VxVkt2ekw4WDEyem10LVBlVjk3T1ZFbEZodDFR?oc=5\" target=\"_blank\" rel=\"nofollow noopener\">Katarzyna Zillmann i Janja Lesar blisko siebie na czerwonym dywanie. Wybra\u0142y czer\u0144<\/a>&nbsp;&nbsp;Plejada<\/li>\n<li><a href=\"https:\/\/news.google.com\/rss\/articles\/CBMirAFBVV95cUxQZFpkN01LVDQ3MUtPWkNodmRoUG8yVFRMUnI5ZFdlcHdEeV9YYTZSNFBQZlFzZVluZ0t4Z0dtVktGRl8ta1lCTFJ2SEhJUDZBbXVQYzlDWDRETTZJUnN6Nm5mcWV6TTdTM3I4R0MwYWxOMzA2SzJVWVpsTTUzUEg4eTFIUXdkRFhIclgxdE9OeVNfMlY0RkJ0eDJBaDVfMFNyUl93SmQ4UjR1X0lR?oc=5\" target=\"_blank\" rel=\"nofollow noopener\">Katarzyna Zillmann z Janj\u0105 Lesar na Gali Mistrz\u00f3w Sportu! Wow!<\/a>&nbsp;&nbsp;Przegl\u0105d Sportowy Onet<\/li>\n<li><a href=\"https:\/\/news.google.com\/rss\/articles\/CBMipgFBVV95cUxQQVVRN01XRUJsQkpxVWFic3FXMzV0bW81M3poTGpRNjZfWldWbm01eTV6ejJidFJRTlJpa1ZLRm81M21YaTh2Y2Z5cmpiVzBkcjYtejMyS0w4UkhTUnNsYTBkRXFSNmUteGtIdk5saGhkYndJb3psTEVaNVNCWDJrYzd6N3gwcGtLZGRETGpGS1R0T1dkWHZUYzZvVVVQYUIxR0UwWXpR?oc=5\" target=\"_blank\" rel=\"nofollow noopener\">Ten duet przyci\u0105gn\u0105\u0142 spojrzenia na gali. Katarzyna Zillmann pojawi\u0142a si\u0119 z Janj\u0105 Lesar<\/a>&nbsp;&nbsp;Fakt<\/li>\n<li><a href=\"https:\/\/news.google.com\/rss\/articles\/CBMikwFBVV95cUxOcTBSN0swUzNJU0NiMmFmcFRNeDYxUXRoYjNyNkRzVlFFdmR1Y3FhRENkQ2ZlbWhrVHBveGRkOTdsRVZLM25XSTdZTTJITlBJZFBBaUdDZDdyNmpFY0xYT0hiN3c3ZnNXQm1UUU9zN2gzTWVHcWQ5ckRZVzRycEw0elpPS015c01YcEk2Rmc2N1hwX2c?oc=5\" target=\"_blank\" rel=\"nofollow noopener\">Para z \u201eTa\u0144ca z Gwiazdami\u201d zn\u00f3w razem. Furora w sieci<\/a>&nbsp;&nbsp;Polsat.pl<\/li>\n<li><a href=\"https:\/\/news.google.com\/rss\/articles\/CBMiugFBVV95cUxOX0ZJMXZZVnBkQ1JnVnJSNVZkNWVBTzkxc1ByZGhReWNGZU14Wkhsak9kSWpKTWt5VVJFRlZobXdwXzA4bFJaYXRDQ2xyQlVIWW9NQ2c2M052NU9tdTdSNUUxWjZxV1VtcjgwdEZEenlkWl9WajY2dmZtLWNPTVpPNnQ4NlhKMVpLZHVtcEE1MUJJRXNwRWRSQUpBai1LNlBIMFZQRXRnQk9LSzExZmtUd3djRUM1YnBDOUE?oc=5\" target=\"_blank\" rel=\"nofollow noopener\">A jednak, potwierdzi\u0142o si\u0119 ws. Zillmann i Lesar. I to na oczach wszystkich<\/a>&nbsp;&nbsp;Sport w INTERIA.PL<\/li>\n<\/ol>\n","protected":false},"excerpt":{"rendered":"Katarzyna Zillmann i Janja Lesar blisko siebie na czerwonym dywanie. Wybra\u0142y czer\u0144&nbsp;&nbsp;Plejada Katarzyna Zillmann z Janj\u0105 Lesar na&hellip;\n","protected":false},"author":2,"featured_media":198476,"comment_status":"","ping_status":"","sticky":false,"template":"","format":"standard","meta":{"footnotes":""},"categories":[22],"tags":[122,38257,3765,3561,48,46,42,38,40,39,41,123,47,804],"class_list":{"0":"post-198475","1":"post","2":"type-post","3":"status-publish","4":"format-standard","5":"has-post-thumbnail","7":"category-rozrywka","8":"tag-entertainment","9":"tag-gala_mistrzow_sportu","10":"tag-janja_lesar","11":"tag-katarzyna_zillmann","12":"tag-nat_styl","13":"tag-omp","14":"tag-pl","15":"tag-poland","16":"tag-polish","17":"tag-polska","18":"tag-polski","19":"tag-rozrywka","20":"tag-screening_general","21":"tag-zdjecia_gwiazd"},"share_on_mastodon":{"url":"https:\/\/pubeurope.com\/@pl\/115873095497062194","error":""},"_links":{"self":[{"href":"https:\/\/www.europesays.com\/pl\/wp-json\/wp\/v2\/posts\/198475","targetHints":{"allow":["GET"]}}],"collection":[{"href":"https:\/\/www.europesays.com\/pl\/wp-json\/wp\/v2\/posts"}],"about":[{"href":"https:\/\/www.europesays.com\/pl\/wp-json\/wp\/v2\/types\/post"}],"author":[{"embeddable":true,"href":"https:\/\/www.europesays.com\/pl\/wp-json\/wp\/v2\/users\/2"}],"replies":[{"embeddable":true,"href":"https:\/\/www.europesays.com\/pl\/wp-json\/wp\/v2\/comments?post=198475"}],"version-history":[{"count":0,"href":"https:\/\/www.europesays.com\/pl\/wp-json\/wp\/v2\/posts\/198475\/revisions"}],"wp:featuredmedia":[{"embeddable":true,"href":"https:\/\/www.europesays.com\/pl\/wp-json\/wp\/v2\/media\/198476"}],"wp:attachment":[{"href":"https:\/\/www.europesays.com\/pl\/wp-json\/wp\/v2\/media?parent=198475"}],"wp:term":[{"taxonomy":"category","embeddable":true,"href":"https:\/\/www.europesays.com\/pl\/wp-json\/wp\/v2\/categories?post=198475"},{"taxonomy":"post_tag","embeddable":true,"href":"https:\/\/www.europesays.com\/pl\/wp-json\/wp\/v2\/tags?post=198475"}],"curies":[{"name":"wp","href":"https:\/\/api.w.org\/{rel}","templated":true}]}}