{"id":198483,"date":"2026-01-10T22:16:11","date_gmt":"2026-01-10T22:16:11","guid":{"rendered":"https:\/\/www.europesays.com\/pl\/198483\/"},"modified":"2026-01-10T22:16:11","modified_gmt":"2026-01-10T22:16:11","slug":"kaja-ziomek-nogal-mistrzynia-europy-worek-medali-dla-polski-sport-tvp-pl","status":"publish","type":"post","link":"https:\/\/www.europesays.com\/pl\/198483\/","title":{"rendered":"Kaja Ziomek-Nogal mistrzyni\u0105 Europy! Worek medali dla Polski &#8211; sport.tvp.pl"},"content":{"rendered":"<ol>\n<li><a href=\"https:\/\/news.google.com\/rss\/articles\/CBMikwFBVV95cUxQcHRQczBHX0FFSWhEVDhiVFFScVE4T0h2V2RIOGt5dkIxVklDMWFwYUlnZWFIRkFmemFvQWRrSklrQTJzUl9sclVZWEVJNkJWSEZ4VnZxUFR5RVNwbXhKbzQ0ZXljNXhBb0RpM2FRY3l0eXB2LU5IUXVsaXJkYzN6bzh4TDYtTmsybUxPb0htTmhteFHSAZgBQVVfeXFMUEZNRFFNdWhmNU8yLVJaQ0FETWJjX3hfMDdQUDVJb3pXa3UtSlhtdDhMLWk4R19LbEtUU3o2cXVnZXUtdFFOWUxldnZjT3p1UDZIa3IxQWtLWjh5N0F5YnpYeWdUNW5YM0FWNXRSNGZNVnhRWWUxQmo5RUdnZExFdlc5d0pZNVVxOWdPS0JWRTdDbXEwckh6R3o?oc=5\" target=\"_blank\" rel=\"nofollow noopener\">Kaja Ziomek-Nogal mistrzyni\u0105 Europy! Worek medali dla Polski<\/a>&nbsp;&nbsp;sport.tvp.pl<\/li>\n<li><a href=\"https:\/\/news.google.com\/rss\/articles\/CBMirwFBVV95cUxQMmdRRWFEcWRyWkhSZUg0RzhHeXhYbG1ldFVZcWJITkxhVXFPZk1URklIYk9xRXdnSUt6ZFhYNzB5QTlRdXlfTThFWVZXeFFobGRDYWVodm9oblJ2WW5QVEpXUjVManA3VmZxaDF6ekR4QlVudkNCckF6WUlwWmdJY3BUNmMxakMxQ2lyY3ZnY09scUZYRVBOdUd6aWw2eVRCWlJRM1N6OUpXR3Y0UUdN?oc=5\" target=\"_blank\" rel=\"nofollow noopener\">Ten ch\u0142opak jest niemo\u017cliwy. Rywale daleko w tyle, mamy z\u0142oto!<\/a>&nbsp;&nbsp;SportoweFakty<\/li>\n<li><a href=\"https:\/\/news.google.com\/rss\/articles\/CBMirgFBVV95cUxNQ2RRVGZ4RGlkY0xCc0R5dVZQZTdfdnVoWk0yYUd1djJLU2NJNG1kTG5HYVZyZjlJSE00aFFSemdTWlhjV0o0TllSd3JQU1JpTDh3c3NuZWtsMnV1WEI1cGVuY1Y3Ulc3WXBVUmRvTWI1NF9TQUdtdWVXeGphTm1kQXNUbk02Mkl6NEsyZFNuNG5QX2RleXdKdG1fWW5Xb3R6Y2lsTTlKRFJidTNTVkE?oc=5\" target=\"_blank\" rel=\"nofollow noopener\">Hymn polski dla naturalizowanego Rosjanina. Oto jak zachowa\u0142 si\u0119 na podium<\/a>&nbsp;&nbsp;Sport w INTERIA.PL<\/li>\n<li><a href=\"https:\/\/news.google.com\/rss\/articles\/CBMirgFBVV95cUxQUHlQSzI1OTRSVExwd1FMM0Qyd3NkOHl5Zjdud216WFZmby1FZzNzQUpKa1BIbXJoMERUb29QR0Y3cXR1R0JXOXRrdDJIU2FkNEtiVG5sNU5sMTQ3dTJQTlJuUzZ1R2VONGY1Tm9QTXN2QlZDc0ZzRVgzMUlaa2pmLVdLTG45Qlc0YW5DYjFoQXFmNnBmQVNVaGVKQ2dVZ0FpSUtmRmdkNHNrX2lDSEE?oc=5\" target=\"_blank\" rel=\"nofollow noopener\">Uciek\u0142 z Rosji, Nawrocki da\u0142 mu polskie obywatelstwo. Tak si\u0119 odp\u0142aci\u0142<\/a>&nbsp;&nbsp;Sport.pl<\/li>\n<li><a href=\"https:\/\/news.google.com\/rss\/articles\/CBMiygFBVV95cUxQdktzaVdPeTZhVzJDQTM3Z2hDblo0UW5lcU1LX3J2TmJyYWVfdzlVVmRmSEtzR0cwM3EwSXJjXzJtamFMNUZrQTB6NXJQaVBtaUVfSWpwVk5UX0ExTkxvREpZd081dHMyU0E0NlI3WnRVenotTVJFNlU0YlpJc29XaFFGbnlpSVJJNUhLTUR2VG5VMWhvdGRnaEVvZ1pTaERBcDdyNlM4Vko0REdDYjZyYVNJWUlVU0dyTlJGaGhvbTRSTHFXTjE3VDZn?oc=5\" target=\"_blank\" rel=\"nofollow noopener\">Z\u0142oty i srebrny medal ME dla Polski! Co za wie\u015bci. Ogromny sukces<\/a>&nbsp;&nbsp;Przegl\u0105d Sportowy Onet<\/li>\n<\/ol>\n","protected":false},"excerpt":{"rendered":"Kaja Ziomek-Nogal mistrzyni\u0105 Europy! Worek medali dla Polski&nbsp;&nbsp;sport.tvp.pl Ten ch\u0142opak jest niemo\u017cliwy. Rywale daleko w tyle, mamy z\u0142oto!&nbsp;&nbsp;SportoweFakty&hellip;\n","protected":false},"author":2,"featured_media":198484,"comment_status":"","ping_status":"","sticky":false,"template":"","format":"standard","meta":{"footnotes":""},"categories":[24],"tags":[30483,30482,18256,30486,30484,38014,30485,42,38,40,39,41,127,334,126,38292,29930],"class_list":{"0":"post-198483","1":"post","2":"type-post","3":"status-publish","4":"format-standard","5":"has-post-thumbnail","7":"category-sport","8":"tag-andzelika-wjcik","9":"tag-kaja-ziomek-nogal","10":"tag-lyzwiarstwo-szybkie","11":"tag-marek-kania","12":"tag-martyna-baran","13":"tag-mistrzostwa-europy-w-lyzwiarstwie-szybkim","14":"tag-piotr-michalski","15":"tag-pl","16":"tag-poland","17":"tag-polish","18":"tag-polska","19":"tag-polski","20":"tag-sport","21":"tag-sport-tvp-pl","22":"tag-sports","23":"tag-szymon-wojtakowski","24":"tag-vladimir-semirunnij"},"share_on_mastodon":{"url":"https:\/\/pubeurope.com\/@pl\/115873119186252299","error":""},"_links":{"self":[{"href":"https:\/\/www.europesays.com\/pl\/wp-json\/wp\/v2\/posts\/198483","targetHints":{"allow":["GET"]}}],"collection":[{"href":"https:\/\/www.europesays.com\/pl\/wp-json\/wp\/v2\/posts"}],"about":[{"href":"https:\/\/www.europesays.com\/pl\/wp-json\/wp\/v2\/types\/post"}],"author":[{"embeddable":true,"href":"https:\/\/www.europesays.com\/pl\/wp-json\/wp\/v2\/users\/2"}],"replies":[{"embeddable":true,"href":"https:\/\/www.europesays.com\/pl\/wp-json\/wp\/v2\/comments?post=198483"}],"version-history":[{"count":0,"href":"https:\/\/www.europesays.com\/pl\/wp-json\/wp\/v2\/posts\/198483\/revisions"}],"wp:featuredmedia":[{"embeddable":true,"href":"https:\/\/www.europesays.com\/pl\/wp-json\/wp\/v2\/media\/198484"}],"wp:attachment":[{"href":"https:\/\/www.europesays.com\/pl\/wp-json\/wp\/v2\/media?parent=198483"}],"wp:term":[{"taxonomy":"category","embeddable":true,"href":"https:\/\/www.europesays.com\/pl\/wp-json\/wp\/v2\/categories?post=198483"},{"taxonomy":"post_tag","embeddable":true,"href":"https:\/\/www.europesays.com\/pl\/wp-json\/wp\/v2\/tags?post=198483"}],"curies":[{"name":"wp","href":"https:\/\/api.w.org\/{rel}","templated":true}]}}