{"id":198497,"date":"2026-01-10T22:28:21","date_gmt":"2026-01-10T22:28:21","guid":{"rendered":"https:\/\/www.europesays.com\/pl\/198497\/"},"modified":"2026-01-10T22:28:21","modified_gmt":"2026-01-10T22:28:21","slug":"bryla-lodu-spadla-z-ciezarowki-i-przebila-szybe-audi-na-s5-pod-gnieznem-pasazerka-w-szpitalu-kierowca-tira-odjechal","status":"publish","type":"post","link":"https:\/\/www.europesays.com\/pl\/198497\/","title":{"rendered":"Bry\u0142a lodu spad\u0142a z ci\u0119\u017car\u00f3wki i przebi\u0142a szyb\u0119 Audi na S5 pod Gnieznem. Pasa\u017cerka w szpitalu, kierowca tira odjecha\u0142"},"content":{"rendered":"<p>Do dramatycznego zdarzenia dosz\u0142o we wtorek, 6 stycznia 2026 roku, na drodze ekspresowej S5 w pobli\u017cu MOP Pierzyska w woj. wielkopolskim. Spadaj\u0105ca z naczepy ci\u0119\u017car\u00f3wki bry\u0142a lodu przebi\u0142a szyb\u0119 czo\u0142ow\u0105 jad\u0105cego Audi i powa\u017cnie rani\u0142a pasa\u017cerk\u0119. Kierowca tira odjecha\u0142, a spraw\u0105 zajmuje si\u0119 ju\u017c policja z Gniezna.<\/p>\n<p>                         &#13;<br \/>\n        &#13;<\/p>\n<p>                                        &#13;<br \/>\n                        &#13;<br \/>\n                            <img decoding=\"async\" src=\"https:\/\/www.europesays.com\/pl\/wp-content\/uploads\/2026\/01\/000M6EIM0QPBGB75-C123-F4.jpg\" title=\"Bry\u0142a lodu z tira roztrzaska\u0142a szyb\u0119 Audi, rani\u0142a kobiet\u0119! Policja szuka sprawcy koszmarnego wypadku\" alt=\"Bry\u0142a lodu spad\u0142a z ci\u0119\u017car\u00f3wki i przebi\u0142a szyb\u0119 Audi na S5 pod Gnieznem (Zimowe warunki na polskich drogach na zdj\u0119ciu ilustracyjnym) \/Anita Walczewska \/East News\" class=\"img-responsive\"\/>&#13;<\/p>\n<p>                            &#13;<\/p>\n<p>      &#13;<br \/>\n                            Bry\u0142a lodu spad\u0142a z ci\u0119\u017car\u00f3wki i przebi\u0142a szyb\u0119 Audi na S5 pod Gnieznem (Zimowe warunki na polskich drogach na zdj\u0119ciu ilustracyjnym)&#13;<br \/>\n                                    \/Anita Walczewska \/East News  &#13;\n                                    <\/p>\n<p>&#13;<\/p>\n<ul class=\"bullet\">\n<li>Dramatyczny wypadek na ekspresowej &#8222;pi\u0105tce&#8221; &#8211; bry\u0142a lodu z tira rozbi\u0142a szyb\u0119 Audi podczas wyprzedzania.<\/li>\n<li>Pasa\u017cerka Audi powa\u017cnie ranna, trafi\u0142a do szpitala z obra\u017ceniami twarzoczaszki.<\/li>\n<li>Kierowca ci\u0119\u017car\u00f3wki uciek\u0142 z miejsca zdarzenia, policja intensywnie szuka sprawcy.<\/li>\n<li><a href=\"https:\/\/www.rmf24.pl\/\" target=\"_blank\" rel=\"noreferrer noopener nofollow\">B\u0105d\u017a na bie\u017c\u0105co! Wejd\u017a na stron\u0119 g\u0142\u00f3wn\u0105 RMF24.pl<\/a><\/li>\n<\/ul>\n<p>                    <a href=\"https:\/\/www.rmf24.pl\/regiony\/poznan\/news-o-krok-od-tragedii-na-s5-spadajacy-lod-z-tira-uderzyl-w-jada,nId,8045998\" rel=\"nofollow noopener\" target=\"_blank\">O krok od tragedii na S5. Spadaj\u0105cy l\u00f3d z tira uderzy\u0142 w jad\u0105ce auto <\/a><\/p>\n<p>Jak wynika ze wst\u0119pnych ustale\u0144 policji, do zdarzenia dosz\u0142o w okolicach Miejsca Obs\u0142ugi Podr\u00f3\u017cnych Pierzyska na ekspresowej &#8222;pi\u0105tce&#8221; w kierunku Poznania. Kierowca osob\u00f3wki wyprzedza\u0142 ci\u0119\u017car\u00f3wk\u0119 z naczep\u0105, gdy nagle z jej dachu oderwa\u0142a si\u0119 pot\u0119\u017cna bry\u0142a lodu. Si\u0142a uderzenia by\u0142a na tyle du\u017ca, \u017ce l\u00f3d przebi\u0142 szyb\u0119 czo\u0142ow\u0105 samochodu.<\/p>\n<p>  W wyniku dramatycznego zdarzenia pasa\u017cerka Audi dozna\u0142a powa\u017cnych obra\u017ce\u0144 twarzoczaszki i zosta\u0142a przewieziona do szpitala.<\/p>\n<p>  Kieruj\u0105cy tirem nie zatrzyma\u0142 si\u0119 i kontynuowa\u0142 jazd\u0119 &#8211; by\u0107 mo\u017ce nawet nie zdaj\u0105c sobie sprawy z tego, co si\u0119 wydarzy\u0142o.<\/p>\n<p>  Na miejscu wypadku szybko pojawi\u0142y si\u0119 s\u0142u\u017cby ratunkowe oraz patrol policji. Funkcjonariusze z Gniezna prowadz\u0105 intensywne czynno\u015bci maj\u0105ce na celu ustalenie to\u017csamo\u015bci kierowcy ci\u0119\u017car\u00f3wki. Zabezpieczane s\u0105 nagrania z monitoringu oraz relacje \u015bwiadk\u00f3w.<\/p>\n<p>Policjanci przypominaj\u0105, \u017ce zgodnie z przepisami prawa, ka\u017cdy kierowca ma obowi\u0105zek odpowiedniego przygotowania pojazdu do jazdy &#8211; r\u00f3wnie\u017c usuni\u0119cia \u015bniegu i lodu z karoserii oraz naczepy. Zaniedbanie tego obowi\u0105zku mo\u017ce skutkowa\u0107 nie tylko wysokim mandatem, ale tak\u017ce odpowiedzialno\u015bci\u0105 karn\u0105, je\u015bli dojdzie do wypadku.<\/p>\n<p>Za spowodowanie zagro\u017cenia bezpiecze\u0144stwa w ruchu drogowym przez nieod\u015bnie\u017cony pojazd grozi mandat w wysoko\u015bci co najmniej 1500 z\u0142otych. Je\u015bli sprawa trafi do s\u0105du, kary mog\u0105 by\u0107 jeszcze surowsze. W przypadku powa\u017cnych obra\u017ce\u0144, tak jak w tym wypadku, sprawca odpowiada za przest\u0119pstwo z artyku\u0142u 177 kodeksu karnego. Grozi za to nawet do 3 lat wi\u0119zienia.<\/p>\n<p>Zim\u0105 na polskich drogach nie brakuje niebezpiecznych sytuacji zwi\u0105zanych z zalegaj\u0105cym \u015bniegiem i lodem na samochodach. Policjanci apeluj\u0105 do kierowc\u00f3w, aby przed ka\u017cd\u0105 podr\u00f3\u017c\u0105 dok\u0142adnie oczy\u015bci\u0107 pojazd &#8211; nie tylko szyby, ale tak\u017ce dachy, maski i naczepy. Z pozoru niewinna bry\u0142a lodu mo\u017ce w mgnieniu oka zamieni\u0107 si\u0119 w \u015bmiertelne zagro\u017cenie dla innych uczestnik\u00f3w ruchu.<\/p>\n","protected":false},"excerpt":{"rendered":"Do dramatycznego zdarzenia dosz\u0142o we wtorek, 6 stycznia 2026 roku, na drodze ekspresowej S5 w pobli\u017cu MOP Pierzyska&hellip;\n","protected":false},"author":2,"featured_media":198498,"comment_status":"","ping_status":"","sticky":false,"template":"","format":"standard","meta":{"footnotes":""},"categories":[12],"tags":[32,33,36,37,27,34,35,28,31,25,42,38,40,39,41,29,30,26],"class_list":{"0":"post-198497","1":"post","2":"type-post","3":"status-publish","4":"format-standard","5":"has-post-thumbnail","7":"category-polska","8":"tag-breaking-news","9":"tag-breakingnews","10":"tag-featured-news","11":"tag-featurednews","12":"tag-headlines","13":"tag-latest-news","14":"tag-latestnews","15":"tag-naglowki","16":"tag-najwazniejsze-artykuly","17":"tag-news","18":"tag-pl","19":"tag-poland","20":"tag-polish","21":"tag-polska","22":"tag-polski","23":"tag-top-stories","24":"tag-topstories","25":"tag-wiadomosci"},"share_on_mastodon":{"url":"https:\/\/pubeurope.com\/@pl\/115873166635323834","error":""},"_links":{"self":[{"href":"https:\/\/www.europesays.com\/pl\/wp-json\/wp\/v2\/posts\/198497","targetHints":{"allow":["GET"]}}],"collection":[{"href":"https:\/\/www.europesays.com\/pl\/wp-json\/wp\/v2\/posts"}],"about":[{"href":"https:\/\/www.europesays.com\/pl\/wp-json\/wp\/v2\/types\/post"}],"author":[{"embeddable":true,"href":"https:\/\/www.europesays.com\/pl\/wp-json\/wp\/v2\/users\/2"}],"replies":[{"embeddable":true,"href":"https:\/\/www.europesays.com\/pl\/wp-json\/wp\/v2\/comments?post=198497"}],"version-history":[{"count":0,"href":"https:\/\/www.europesays.com\/pl\/wp-json\/wp\/v2\/posts\/198497\/revisions"}],"wp:featuredmedia":[{"embeddable":true,"href":"https:\/\/www.europesays.com\/pl\/wp-json\/wp\/v2\/media\/198498"}],"wp:attachment":[{"href":"https:\/\/www.europesays.com\/pl\/wp-json\/wp\/v2\/media?parent=198497"}],"wp:term":[{"taxonomy":"category","embeddable":true,"href":"https:\/\/www.europesays.com\/pl\/wp-json\/wp\/v2\/categories?post=198497"},{"taxonomy":"post_tag","embeddable":true,"href":"https:\/\/www.europesays.com\/pl\/wp-json\/wp\/v2\/tags?post=198497"}],"curies":[{"name":"wp","href":"https:\/\/api.w.org\/{rel}","templated":true}]}}