{"id":198551,"date":"2026-01-10T23:27:09","date_gmt":"2026-01-10T23:27:09","guid":{"rendered":"https:\/\/www.europesays.com\/pl\/198551\/"},"modified":"2026-01-10T23:27:09","modified_gmt":"2026-01-10T23:27:09","slug":"gala-juz-nie-w-polsacie-ale-nie-zabraklo-znanego-dziennikarza-jego-zona-wygladala-zjawiskowo","status":"publish","type":"post","link":"https:\/\/www.europesays.com\/pl\/198551\/","title":{"rendered":"Gala ju\u017c nie w Polsacie, ale nie zabrak\u0142o znanego dziennikarza. Jego \u017cona wygl\u0105da\u0142a zjawiskowo"},"content":{"rendered":"\n<p class=\"contentpart contentpart--default contentpart--text\" data-position=\"0\">W ubieg\u0142ym roku <a href=\"https:\/\/sportowefakty.wp.pl\/siatkowka\/jerzy-mielewski\" rel=\"nofollow noopener\" target=\"_blank\">Jerzy Mielewski<\/a>\u00a0wsp\u00f3\u0142prowadzi\u0142 90. Gal\u0119 Mistrz\u00f3w Sportu. Wszystko z uwagi na to, \u017ce transmisj\u0119 z niej przeprowadza\u0142 Polsat. Tym razem jednak sytuacja uleg\u0142a zmianie.<\/p>\n<p class=\"contentpart contentpart--default contentpart--text\" data-position=\"1\">Wszystko z uwagi na to, \u017ce po raz pierwszy od 2017 roku wspomniane wydarzenie mo\u017cna by\u0142o \u015bledzi\u0107 w Telewizji Polski. Ju\u017c w listopadzie dyrektor TVP Sport Jakub Kwiatowski przekaza\u0142, \u017ce przez trzy najbli\u017csze lata Gala Mistrz\u00f3w Sportu b\u0119dzie transmitowana w TVP.<\/p>\n<p> <img role=\"presentation\" src=\"https:\/\/std.wpcdn.pl\/images\/adv\/placeholder_wp.svg\" loading=\"lazy\" alt=\"\" decoding=\"async\"\/>  <\/p>\n<p class=\"contentpart contentpart--default contentpart--text\" data-position=\"2\">Mimo zmiany Mielewski, b\u0119d\u0105cy dziennikarzem Polsatu, i tak pojawi\u0142 si\u0119 na 91. edycji tego wydarzenia. U jego boku nie zabrak\u0142o r\u00f3wnie\u017c m\u0142odszej o dziewi\u0119\u0107 lat \u017cony, <a href=\"https:\/\/sportowefakty.wp.pl\/sportowybar\/patrycja-mielewska\" rel=\"nofollow noopener\" target=\"_blank\">Patrycji<\/a>, kt\u00f3ra wygl\u0105da\u0142a zjawiskowo.<\/p>\n<p class=\"contentpart contentpart--default contentpart--text\" data-position=\"3\">Ukochana 45-latka po raz kolejny skrad\u0142a show na \u015bciance. W tym roku Patrycja Mielewska postawi\u0142a na d\u0142ug\u0105, jasn\u0105 b\u0142yszcz\u0105c\u0105 sukni\u0119 w srebrno-be\u017cowym odcieniu, kt\u00f3ra odznacza\u0142a si\u0119 rozci\u0119ciem na nodze i g\u0142\u0119bokim dekoltem. Do tego dorzuci\u0142a sanda\u0142ki na szpilce.<\/p>\n<p class=\"contentpart contentpart--default contentpart--text\" data-position=\"4\">Je\u017celi chodzi o Mielewskiego, to ten postawi\u0142 na klasyczny, ciemny garnitur. W takim samym kolorze by\u0142a jego koszula, a tak\u017ce muszka.<\/p>\n<p>  <img decoding=\"async\" src=\"https:\/\/www.europesays.com\/pl\/wp-content\/uploads\/2026\/01\/NjUzMDYuYQs0GDt3dg5sHndAby0wV2JIIFh3ZnZCeVotVT4idBIvBjkfPz13Aj4JMRRjNDVaPgI6DiI3dkN3XGcZeHw6R3dbMB51.jpeg\" alt=\"Na zdj\u0119ciu: Jerzy i Patrycja Mielewscy (fot. WP SportoweFakty)\" width=\"770\" height=\"\" loading=\"lazy\"\/> Na zdj\u0119ciu: Jerzy i Patrycja Mielewscy (fot. WP SportoweFakty)  <img role=\"presentation\" src=\"https:\/\/std.wpcdn.pl\/images\/adv\/placeholder_wp.svg\" loading=\"lazy\" alt=\"\" decoding=\"async\"\/>  <\/p>\n<p class=\"contentpart contentpart--default contentpart--text\" data-position=\"6\">ZOBACZ WIDEO: A\u017c si\u0119 pop\u0142aka\u0142. Tak Boruc wzruszy\u0142 Fabia\u0144skiego<\/p>\n","protected":false},"excerpt":{"rendered":"W ubieg\u0142ym roku Jerzy Mielewski\u00a0wsp\u00f3\u0142prowadzi\u0142 90. Gal\u0119 Mistrz\u00f3w Sportu. Wszystko z uwagi na to, \u017ce transmisj\u0119 z niej&hellip;\n","protected":false},"author":2,"featured_media":198552,"comment_status":"","ping_status":"","sticky":false,"template":"","format":"standard","meta":{"footnotes":""},"categories":[22],"tags":[122,38294,38295,42,38,40,39,41,123,131,268],"class_list":{"0":"post-198551","1":"post","2":"type-post","3":"status-publish","4":"format-standard","5":"has-post-thumbnail","7":"category-rozrywka","8":"tag-entertainment","9":"tag-jerzy-mielewski","10":"tag-patrycja-mielewska","11":"tag-pl","12":"tag-poland","13":"tag-polish","14":"tag-polska","15":"tag-polski","16":"tag-rozrywka","17":"tag-siatkowka","18":"tag-sportowybar"},"share_on_mastodon":{"url":"https:\/\/pubeurope.com\/@pl\/115873398501000944","error":""},"_links":{"self":[{"href":"https:\/\/www.europesays.com\/pl\/wp-json\/wp\/v2\/posts\/198551","targetHints":{"allow":["GET"]}}],"collection":[{"href":"https:\/\/www.europesays.com\/pl\/wp-json\/wp\/v2\/posts"}],"about":[{"href":"https:\/\/www.europesays.com\/pl\/wp-json\/wp\/v2\/types\/post"}],"author":[{"embeddable":true,"href":"https:\/\/www.europesays.com\/pl\/wp-json\/wp\/v2\/users\/2"}],"replies":[{"embeddable":true,"href":"https:\/\/www.europesays.com\/pl\/wp-json\/wp\/v2\/comments?post=198551"}],"version-history":[{"count":0,"href":"https:\/\/www.europesays.com\/pl\/wp-json\/wp\/v2\/posts\/198551\/revisions"}],"wp:featuredmedia":[{"embeddable":true,"href":"https:\/\/www.europesays.com\/pl\/wp-json\/wp\/v2\/media\/198552"}],"wp:attachment":[{"href":"https:\/\/www.europesays.com\/pl\/wp-json\/wp\/v2\/media?parent=198551"}],"wp:term":[{"taxonomy":"category","embeddable":true,"href":"https:\/\/www.europesays.com\/pl\/wp-json\/wp\/v2\/categories?post=198551"},{"taxonomy":"post_tag","embeddable":true,"href":"https:\/\/www.europesays.com\/pl\/wp-json\/wp\/v2\/tags?post=198551"}],"curies":[{"name":"wp","href":"https:\/\/api.w.org\/{rel}","templated":true}]}}