{"id":198579,"date":"2026-01-10T23:47:10","date_gmt":"2026-01-10T23:47:10","guid":{"rendered":"https:\/\/www.europesays.com\/pl\/198579\/"},"modified":"2026-01-10T23:47:10","modified_gmt":"2026-01-10T23:47:10","slug":"91-plebiscyt-na-najlepszego-sportowca-polski","status":"publish","type":"post","link":"https:\/\/www.europesays.com\/pl\/198579\/","title":{"rendered":"91. Plebiscyt na Najlepszego Sportowca Polski"},"content":{"rendered":"<p>Witamy Pa\u0144stwa bardzo serdecznie i zapraszamy na relacj\u0119 na \u017cywo z 91. Plebiscyt na Najlepszego Sportowca Polski &#8211; Gala Mistrz\u00f3w Sportu.<\/p>\n<p>            <img decoding=\"async\" alt=\"SOCCER-SPAIN-VIL-BAR\/\" class=\"article-gallery-picture__image\" fetchpriority=\"high\" loading=\"eager\" style=\"aspect-ratio: 4756 \/ 3339\" src=\"https:\/\/www.europesays.com\/pl\/wp-content\/uploads\/2026\/01\/z32519306IH,SOCCER-SPAIN-VIL-BAR-.jpg\" title=\"SOCCER-SPAIN-VIL-BAR\/\" onclick=\"\"\/><\/p>\n<p>                Fot. REUTERS\/Pablo Morano<\/p>\n<p class=\"art_paragraph\">W pa\u017adzierniku 2025 roku Zwoli\u0144ska na mistrzostwach \u015bwiata zdoby\u0142a trzy medale, dwa z\u0142ote w slalomach: C1i K-1 oraz br\u0105zowy w konkurencji cross. Zwoli\u0144ska zosta\u0142a pierwsz\u0105 zawodniczk\u0105 w historii, kt\u00f3ra na jednych mistrzostwach zdoby\u0142a medale w trzech r\u00f3\u017cnych konkurencjach.\u00a0<\/p>\n<p class=\"art_paragraph\">&#8211; Nie spodziewa\u0142am si\u0119 tego. Jestem w szoku. Bardzo si\u0119 ciesz\u0119. Jak by\u0142am dzieckiem, zawsze marzy\u0142am o wygranej w plebiscycie. Czym by\u0142am starsza, marzenie si\u0119 oddala\u0142o i pomy\u015bla\u0142am, \u017ce b\u0119dzie bardzo ci\u0119\u017cko &#8211; powiedzia\u0142a Zwoli\u0144ska!\u00a0<\/p>\n<p class=\"art_paragraph\">KLAUDIA ZWOLI\u0143SKA WYGRYWA PLEBISCYT!!!!<\/p>\n<p class=\"art_paragraph\">Za chwil\u0119 przekonamy si\u0119, kto wygra\u0142 plebiscyt!<\/p>\n<p class=\"art_paragraph\">&#8211; Jestem z wami duchem. Pozdrawiam z Australii. 2025 rok mia\u0142 momenty, kt\u00f3re zapami\u0119tam do ko\u0144ca \u017cycia. Dzi\u0119kuje kibicom za wsparcie w najtrudniejszych i najwi\u0119kszych momentach &#8211; m.in. na Wimbledonie &#8211; m\u00f3wi na nagraniu Iga \u015awi\u0105tek.\u00a0<\/p>\n<p class=\"art_paragraph\">&#8211; Bardzo serdecznie dzi\u0119kuje w imieniu Igi. Najlepiej, jakby sama Iga si\u0119 wypowiedzia\u0142a &#8211; m\u00f3wi Tomasz \u015awi\u0105tek.\u00a0<\/p>\n<p class=\"art_paragraph\">Nagrod\u0119 odbierze jej tata &#8211; Tomasz \u015awi\u0105tek.\u00a0<\/p>\n<p class=\"art_paragraph\">2 miejsce w plebiscycie zaj\u0119\u0142a mistrzyni Wimbledonu 2025 &#8211; Iga \u015awi\u0105tek!\u00a0<\/p>\n<p class=\"art_paragraph\">Dyrektor generalny Telewizji Polskiej &#8211; Tomasz Sygut wr\u0119czy nagrod\u0119 za zaj\u0119cie 2. miejsca.\u00a0<\/p>\n<p class=\"art_paragraph\">10 miejsce: Miko\u0142aj Marczyk, 9. Aleksandra Miros\u0142aw, 8. Mateusz Ponitka, 7. Robert Lewandowski, 6. Maria \u017bodzik, 5. Robert Kubica, 4. Barosz Zmarzlik, 3. Wilfredo Leon. Za chwil\u0119 przekonamy si\u0119, kto zaj\u0105\u0142 miejsce 2 i kto wygra\u0142 plebiscyt!<\/p>\n<p class=\"art_paragraph\">&#8211; To ogromny zaszczyt sta\u0107 tutaj przed legendami polskiego sportu. Dzi\u0119kuje mu za to, \u017ce dane mi by\u0142o prze\u017cywa\u0107 tak wiele sportowych emocji w Polsce, w mojej ojczy\u017anie. Jest on inspiracj\u0105 i wzorem do na\u015bladowania. To skromny cz\u0142owiek, wielkiej wiary &#8211; powiedzia\u0142a Ma\u0142gorzata Leon.\u00a0<\/p>\n<p class=\"art_paragraph\">3 miejsce w plebiscycie zaj\u0105\u0142 znakomity siatkarz &#8211; Wilfredo Leon! Dzi\u015b nagrod\u0119 odbierze jego \u017cona Ma\u0142gorzata.\u00a0<\/p>\n<p class=\"art_paragraph\">Nagrod\u0119 wr\u0119czy Magdalena Fularczyk-Koz\u0142owska,\u00a0polska wio\u015blarka, br\u0105zowa medalistka olimpijska z Londynu (2012) i mistrzyni olimpijska z Rio de Janeiro (2016)<\/p>\n<p class=\"art_paragraph\">Za chwil\u0119 poznamy podium!\u00a0<\/p>\n<p class=\"art_paragraph\">Kto wygra plebiscyt? Pajor, Leon, Maliszewska, \u015awi\u0105tek, Szeremeta, Zwoli\u0144ska? Za chwil\u0119 si\u0119 przekonamy!<\/p>\n<p class=\"art_paragraph\">&#8211; Zdecydowanie nie powiedzia\u0142em jeszcze ostatniego s\u0142owa. To du\u017ce osi\u0105gni\u0119cie by\u0107 przed dwoma Robertami w plebiscycie. Mam jeszcze wiele marze\u0144, wiele si\u0142.\u00a0 W domu najcz\u0119\u015bciej dostaje pytanie od synka: Czemu tata nie wygra\u0142e\u015b. Dzi\u0119kuje ca\u0142ej rodzinie. Robi\u0119 to dla nich &#8211; m.in. powiedzia\u0142 Zmarzlik ze \u0142zami w oczach. Pi\u0119kna chwila.\u00a0\u00a0<\/p>\n<p class=\"art_paragraph\">4 miejsce zaj\u0105\u0142 znakomity \u017cu\u017clowiec, sze\u015bciokrotny mistrz \u015bwiata &#8211; Bartosz Zmarzlik!\u00a0<\/p>\n<p class=\"art_paragraph\">Nagrod\u0119 za zaj\u0119cie 4 miejsca wr\u0119czy dwukrotna wicemistrzyni olimpijska &#8211; Maja W\u0142oszczowska.<\/p>\n<p class=\"art_paragraph\">&#8211; Bardzo dzi\u0119kuje wszystkim kibicom za doping w lepszych i gorszych chwilach. Jestem bardzo wzruszony &#8211; m.in. powiedzia\u0142 Kubica.\u00a0<\/p>\n<p class=\"art_paragraph\">5 miejsce w plebiscycie zaj\u0105\u0142 Robert Kubica,\u00a0kierowca wy\u015bcigowy i rajdowy.<\/p>\n","protected":false},"excerpt":{"rendered":"Witamy Pa\u0144stwa bardzo serdecznie i zapraszamy na relacj\u0119 na \u017cywo z 91. Plebiscyt na Najlepszego Sportowca Polski &#8211;&hellip;\n","protected":false},"author":2,"featured_media":198580,"comment_status":"","ping_status":"","sticky":false,"template":"","format":"standard","meta":{"footnotes":""},"categories":[24],"tags":[42,38,40,39,41,127,126],"class_list":{"0":"post-198579","1":"post","2":"type-post","3":"status-publish","4":"format-standard","5":"has-post-thumbnail","7":"category-sport","8":"tag-pl","9":"tag-poland","10":"tag-polish","11":"tag-polska","12":"tag-polski","13":"tag-sport","14":"tag-sports"},"share_on_mastodon":{"url":"https:\/\/pubeurope.com\/@pl\/115873476946341225","error":""},"_links":{"self":[{"href":"https:\/\/www.europesays.com\/pl\/wp-json\/wp\/v2\/posts\/198579","targetHints":{"allow":["GET"]}}],"collection":[{"href":"https:\/\/www.europesays.com\/pl\/wp-json\/wp\/v2\/posts"}],"about":[{"href":"https:\/\/www.europesays.com\/pl\/wp-json\/wp\/v2\/types\/post"}],"author":[{"embeddable":true,"href":"https:\/\/www.europesays.com\/pl\/wp-json\/wp\/v2\/users\/2"}],"replies":[{"embeddable":true,"href":"https:\/\/www.europesays.com\/pl\/wp-json\/wp\/v2\/comments?post=198579"}],"version-history":[{"count":0,"href":"https:\/\/www.europesays.com\/pl\/wp-json\/wp\/v2\/posts\/198579\/revisions"}],"wp:featuredmedia":[{"embeddable":true,"href":"https:\/\/www.europesays.com\/pl\/wp-json\/wp\/v2\/media\/198580"}],"wp:attachment":[{"href":"https:\/\/www.europesays.com\/pl\/wp-json\/wp\/v2\/media?parent=198579"}],"wp:term":[{"taxonomy":"category","embeddable":true,"href":"https:\/\/www.europesays.com\/pl\/wp-json\/wp\/v2\/categories?post=198579"},{"taxonomy":"post_tag","embeddable":true,"href":"https:\/\/www.europesays.com\/pl\/wp-json\/wp\/v2\/tags?post=198579"}],"curies":[{"name":"wp","href":"https:\/\/api.w.org\/{rel}","templated":true}]}}