{"id":198594,"date":"2026-01-11T00:00:07","date_gmt":"2026-01-11T00:00:07","guid":{"rendered":"https:\/\/www.europesays.com\/pl\/198594\/"},"modified":"2026-01-11T00:00:07","modified_gmt":"2026-01-11T00:00:07","slug":"paulina-hennig-kloska-zabrala-glos-przed-ii-tura-wyborow-nie-oddam-bez-walki","status":"publish","type":"post","link":"https:\/\/www.europesays.com\/pl\/198594\/","title":{"rendered":"Paulina Hennig-Kloska zabra\u0142a g\u0142os przed II tur\u0105 wybor\u00f3w. &#8222;Nie oddam bez walki&#8221;"},"content":{"rendered":"<p class=\"ods-c-paragraph \">Katarzyna Pe\u0142czy\u0144ska-Na\u0142\u0119cz i Hennig-Kloska zmierz\u0105 si\u0119 w II turze wybor\u00f3w na szefa Polski 2050. W sobotnim g\u0142osowaniu popar\u0142o je odpowiednio 277 i 131 cz\u0142onk\u00f3w partii. O przyw\u00f3dztwo w partii po Szymonie Ho\u0142owni ubiega\u0142o si\u0119 pi\u0119cioro jej cz\u0142onk\u00f3w. Trzecie miejsce w g\u0142osowaniu zdoby\u0142a Joanna Mucha z 119 g\u0142osami poparcia. Za ni\u0105 znale\u017ali si\u0119 Ryszard Petru \u2014 95 g\u0142os\u00f3w i Rafa\u0142 Kasprzyk \u2014 34 g\u0142osy.<\/p>\n<p>Dalszy ci\u0105g artyku\u0142u pod materia\u0142em wideo<\/p>\n<p> Kto bierze udzia\u0142 w II turze wybor\u00f3w na szefa Polski 2050? <\/p>\n<p> Ile g\u0142os\u00f3w poparcia otrzyma\u0142a Paulina Hennig-Kloska? <\/p>\n<p> Jakie miejsce zaj\u0119\u0142a Joanna Mucha w g\u0142osowaniu? <\/p>\n<p> Co Paulina Hennig-Kloska powiedzia\u0142a o wsp\u00f3\u0142pracy po wyborach? <\/p>\n<p class=\"ods-c-paragraph \">\u2014 Dzi\u0119kuj\u0119 wszystkim osobom, kt\u00f3re dzi\u015b na mnie g\u0142osowa\u0142y. To ogromne zaufanie spo\u0142eczne, kt\u00f3re od was dosta\u0142am. B\u0119d\u0119 stara\u0142a si\u0119 sprosta\u0107 wyzwaniu, jakie przede mn\u0105 stawiacie \u2014 powiedzia\u0142a Hennig-Kloska na opublikowanym w sobot\u0119 wieczorem nagraniu na platformie X.<\/p>\n<p> Paulina Hennig-Kloska zwr\u00f3ci\u0142a si\u0119 do swojej kontrkandydatki<\/p>\n<p class=\"ods-c-paragraph \">Szefowa resortu klimatu i \u015brodowiska podzi\u0119kowa\u0142a te\u017c wszystkim, kt\u00f3rzy wspierali jej kampani\u0119 wyborcz\u0105 i pomagali j\u0105 przygotowa\u0107. Pogratulowa\u0142a m.in. Joannie Musze, kt\u00f3ra wed\u0142ug niej &#8222;zrobi\u0142a \u015bwietny wynik, depcz\u0105c jej po pi\u0119tach&#8221;. \u2014 Licz\u0119 na nasz\u0105 dalsz\u0105 wsp\u00f3\u0142prac\u0119 \u2014 powiedzia\u0142a ministra.<\/p>\n<p class=\"ods-c-paragraph \">Podkre\u015bli\u0142a, \u017ce bardzo dobry wynik uzyska\u0142 Ryszard Petru. \u2014 Rafa\u0142 (Kasprzyk) tak samo. Wiele rozmawiali\u015bmy w trakcie tej kampanii o zmianach, kt\u00f3re w naszej organizacji, w naszym ugrupowaniu s\u0105 potrzebne. Zapraszam was ju\u017c dzi\u015b do wsp\u00f3\u0142pracy. Niezale\u017cnie od tego, jaki b\u0119dzie wynik drugiej tury wybor\u00f3w, ta wsp\u00f3\u0142praca jest nam dzi\u015b bardzo, bardzo potrzebna \u2014 doda\u0142a.<\/p>\n<p class=\"ods-c-paragraph \">Pogratulowa\u0142a te\u017c Pe\u0142czy\u0144skiej-Na\u0142\u0119cz, z kt\u00f3r\u0105 spotka si\u0119 w drugiej turze wybor\u00f3w. \u2014 Kasiu, bardzo dobry wynik, ale drugiej tury nie oddam bez walki \u2014 powiedzia\u0142a<\/p>\n","protected":false},"excerpt":{"rendered":"Katarzyna Pe\u0142czy\u0144ska-Na\u0142\u0119cz i Hennig-Kloska zmierz\u0105 si\u0119 w II turze wybor\u00f3w na szefa Polski 2050. W sobotnim g\u0142osowaniu popar\u0142o&hellip;\n","protected":false},"author":2,"featured_media":198595,"comment_status":"","ping_status":"","sticky":false,"template":"","format":"standard","meta":{"footnotes":""},"categories":[5],"tags":[32,33,36,37,27,1657,49,34,35,28,31,48,25,46,5494,42,38,40,39,202,41,47,29,30,26],"class_list":{"0":"post-198594","1":"post","2":"type-post","3":"status-publish","4":"format-standard","5":"has-post-thumbnail","7":"category-naglowki","8":"tag-breaking-news","9":"tag-breakingnews","10":"tag-featured-news","11":"tag-featurednews","12":"tag-headlines","13":"tag-katarzyna_pelczynska_nalecz","14":"tag-kraj","15":"tag-latest-news","16":"tag-latestnews","17":"tag-naglowki","18":"tag-najwazniejsze-artykuly","19":"tag-nat_styl","20":"tag-news","21":"tag-omp","22":"tag-paulina_hennig_kloska","23":"tag-pl","24":"tag-poland","25":"tag-polish","26":"tag-polska","27":"tag-polska_2050","28":"tag-polski","29":"tag-screening_general","30":"tag-top-stories","31":"tag-topstories","32":"tag-wiadomosci"},"share_on_mastodon":{"url":"https:\/\/pubeurope.com\/@pl\/115873528152647242","error":""},"_links":{"self":[{"href":"https:\/\/www.europesays.com\/pl\/wp-json\/wp\/v2\/posts\/198594","targetHints":{"allow":["GET"]}}],"collection":[{"href":"https:\/\/www.europesays.com\/pl\/wp-json\/wp\/v2\/posts"}],"about":[{"href":"https:\/\/www.europesays.com\/pl\/wp-json\/wp\/v2\/types\/post"}],"author":[{"embeddable":true,"href":"https:\/\/www.europesays.com\/pl\/wp-json\/wp\/v2\/users\/2"}],"replies":[{"embeddable":true,"href":"https:\/\/www.europesays.com\/pl\/wp-json\/wp\/v2\/comments?post=198594"}],"version-history":[{"count":0,"href":"https:\/\/www.europesays.com\/pl\/wp-json\/wp\/v2\/posts\/198594\/revisions"}],"wp:featuredmedia":[{"embeddable":true,"href":"https:\/\/www.europesays.com\/pl\/wp-json\/wp\/v2\/media\/198595"}],"wp:attachment":[{"href":"https:\/\/www.europesays.com\/pl\/wp-json\/wp\/v2\/media?parent=198594"}],"wp:term":[{"taxonomy":"category","embeddable":true,"href":"https:\/\/www.europesays.com\/pl\/wp-json\/wp\/v2\/categories?post=198594"},{"taxonomy":"post_tag","embeddable":true,"href":"https:\/\/www.europesays.com\/pl\/wp-json\/wp\/v2\/tags?post=198594"}],"curies":[{"name":"wp","href":"https:\/\/api.w.org\/{rel}","templated":true}]}}