{"id":198715,"date":"2026-01-11T02:48:05","date_gmt":"2026-01-11T02:48:05","guid":{"rendered":"https:\/\/www.europesays.com\/pl\/198715\/"},"modified":"2026-01-11T02:48:05","modified_gmt":"2026-01-11T02:48:05","slug":"zawrzalo-po-ogloszeniu-wynikow-gali-mistrzow-sportu-niesmieszne-przeglad-sportowy-onet","status":"publish","type":"post","link":"https:\/\/www.europesays.com\/pl\/198715\/","title":{"rendered":"Zawrza\u0142o po og\u0142oszeniu wynik\u00f3w Gali Mistrz\u00f3w Sportu. &quot;Nie\u015bmieszne&quot; &#8211; Przegl\u0105d Sportowy Onet"},"content":{"rendered":"<ol>\n<li><a href=\"https:\/\/news.google.com\/rss\/articles\/CBMizAFBVV95cUxObUs0ZmFpel9KLV9qQXFNSURuZXlzUGhuY3pDT3hXVjhKd3BLNEtRSVRDUFR4YUFoR0w1bDFMcVU0eDA4UElmc2hsZXI3WTZGTlV3RTZWRVR1RzFsNmpjMEI5bTFIZUZHeUtuc253MURQN01ReWxzRTdLRGFXQ2NhZTRhemZXei1lSU42Z2FuMG5ieU9YVlFVaXhtTjZfRWVBWEVvd2ktdjlmTUgzdjVkckpVTGZRTVZLLWlxQzM1bldhUW9OaG5uRC1aZkc?oc=5\" target=\"_blank\" rel=\"nofollow noopener\">Zawrza\u0142o po og\u0142oszeniu wynik\u00f3w Gali Mistrz\u00f3w Sportu. &#8222;Nie\u015bmieszne&#8221;<\/a>&nbsp;&nbsp;Przegl\u0105d Sportowy Onet<\/li>\n<li><a href=\"https:\/\/news.google.com\/rss\/articles\/CBMiywFBVV95cUxOOUt4ZnhabEZJbEJQTWlidWlmYTRucVlIVnlBbGEzTDJvY1Q2ZHp2U0JJM1hmS2t2ampwMXFFcU9wYWJxU21RN3dmbEVTS1lFaHQ2dDIwN1lSdWdmWVpnOXlvdGJkM3YzV0RzLVF4Z0k3N3BpTEw2NnNXcDNtNWFrU3hzbTZLQ05taXZtX05LaVM4OVllS3o1U0o4REtZa2RGanlnLU53d3U1S1dYMVQtaGFpdmJhVDc4N2RJQU03Q05UbHA4cG92UWRKOA?oc=5\" target=\"_blank\" rel=\"nofollow noopener\">Oto Sportowiec Roku! Polacy wybrali. Kr\u00f3lowa jest tylko jedna<\/a>&nbsp;&nbsp;Przegl\u0105d Sportowy Onet<\/li>\n<li><a href=\"https:\/\/news.google.com\/rss\/articles\/CBMinwFBVV95cUxPcEozVUsxZWs2dENveUFDWWROdXhEZ1N4WnB6MFNoWVNyX29DcVRuQ1A1NkxneGVmSVJHdXFOTWU3UENPOHptSkhvYWxSZndJOUpLQXNRbGRfNENXU3NqTVBfeTBfV0ZtaElXeWlXUHJ2VlNIRjVEQ0JsYkJTYWdTTDBMODJ3NmkxUmVOQlAzMlIxeS1YX0JtRXpjRDV1Nm8?oc=5\" target=\"_blank\" rel=\"nofollow noopener\">Wesz\u0142a ona, ca\u0142a na bia\u0142o. Skrad\u0142a show podczas gali<\/a>&nbsp;&nbsp;SportoweFakty<\/li>\n<li><a href=\"https:\/\/news.google.com\/rss\/articles\/CBMiugFBVV95cUxOQWVpZ2Vwc0VUZklfVW1ncXE4TkJER3lhWVVtRWQ3dl9wUWlMeThkRFA4TVRJT015VThndm8tRmF0UEhyd3I5enZNSld5WmxVRHM1N2thQ09yQkhSdzhnQmFsZi1PdkxVdmJQNFZlX3h0a21NaWJzNU0zVkxWZzJzbFJqQVphQ2hodkNFc3QyT05iTTh0c0ZNWHRienhyYVl0STZ2SkNST3BZQTEwWVBaTS05YWxhWGNfRlE?oc=5\" target=\"_blank\" rel=\"nofollow noopener\">Wszystko jasne, oto najlepsi polscy sportowcy. Znamy triumfator\u00f3w 91. edycji Plebiscytu &#8222;Przegl\u0105du Sportowego&#8221;<\/a>&nbsp;&nbsp;Sport w INTERIA.PL<\/li>\n<li><a href=\"https:\/\/news.google.com\/rss\/articles\/CBMijAFBVV95cUxPVENYaWI0SFNfRm9zbVc1NGpkM05kZE5RSU1taTBYd2JZN0Y2LXJDTWEwWWUyVmttN1dPY1k2UzBzMXJOUTlWX1ZLbVZYNEJHY0VCMjVleWZ5eDNkemJFQnd5ZFVVc1NSM0RkTEJMenJOdmJnSHFJeWI4blphVDQyY084bjZTMWtmR2lUVQ?oc=5\" target=\"_blank\" rel=\"nofollow noopener\">Sensacja! Zwoli\u0144ska sportowcem roku w Polsce!<\/a>&nbsp;&nbsp;Meczyki.pl<\/li>\n<\/ol>\n","protected":false},"excerpt":{"rendered":"Zawrza\u0142o po og\u0142oszeniu wynik\u00f3w Gali Mistrz\u00f3w Sportu. &#8222;Nie\u015bmieszne&#8221;&nbsp;&nbsp;Przegl\u0105d Sportowy Onet Oto Sportowiec Roku! Polacy wybrali. Kr\u00f3lowa jest tylko&hellip;\n","protected":false},"author":2,"featured_media":198716,"comment_status":"","ping_status":"","sticky":false,"template":"","format":"standard","meta":{"footnotes":""},"categories":[5],"tags":[32,33,36,37,38257,27,67,34,35,28,31,25,549,42,22495,38,40,39,41,136,128,47,135,29,30,26],"class_list":{"0":"post-198715","1":"post","2":"type-post","3":"status-publish","4":"format-standard","5":"has-post-thumbnail","7":"category-naglowki","8":"tag-breaking-news","9":"tag-breakingnews","10":"tag-featured-news","11":"tag-featurednews","12":"tag-gala_mistrzow_sportu","13":"tag-headlines","14":"tag-intextvideo_splayer","15":"tag-latest-news","16":"tag-latestnews","17":"tag-naglowki","18":"tag-najwazniejsze-artykuly","19":"tag-news","20":"tag-pber","21":"tag-pl","22":"tag-plebiscyt_przegladu_sportowego","23":"tag-poland","24":"tag-polish","25":"tag-polska","26":"tag-polski","27":"tag-ps_detal_new","28":"tag-psv2","29":"tag-screening_general","30":"tag-sport_sport","31":"tag-top-stories","32":"tag-topstories","33":"tag-wiadomosci"},"share_on_mastodon":{"url":"https:\/\/pubeurope.com\/@pl\/115874188653968158","error":""},"_links":{"self":[{"href":"https:\/\/www.europesays.com\/pl\/wp-json\/wp\/v2\/posts\/198715","targetHints":{"allow":["GET"]}}],"collection":[{"href":"https:\/\/www.europesays.com\/pl\/wp-json\/wp\/v2\/posts"}],"about":[{"href":"https:\/\/www.europesays.com\/pl\/wp-json\/wp\/v2\/types\/post"}],"author":[{"embeddable":true,"href":"https:\/\/www.europesays.com\/pl\/wp-json\/wp\/v2\/users\/2"}],"replies":[{"embeddable":true,"href":"https:\/\/www.europesays.com\/pl\/wp-json\/wp\/v2\/comments?post=198715"}],"version-history":[{"count":0,"href":"https:\/\/www.europesays.com\/pl\/wp-json\/wp\/v2\/posts\/198715\/revisions"}],"wp:featuredmedia":[{"embeddable":true,"href":"https:\/\/www.europesays.com\/pl\/wp-json\/wp\/v2\/media\/198716"}],"wp:attachment":[{"href":"https:\/\/www.europesays.com\/pl\/wp-json\/wp\/v2\/media?parent=198715"}],"wp:term":[{"taxonomy":"category","embeddable":true,"href":"https:\/\/www.europesays.com\/pl\/wp-json\/wp\/v2\/categories?post=198715"},{"taxonomy":"post_tag","embeddable":true,"href":"https:\/\/www.europesays.com\/pl\/wp-json\/wp\/v2\/tags?post=198715"}],"curies":[{"name":"wp","href":"https:\/\/api.w.org\/{rel}","templated":true}]}}