{"id":198731,"date":"2026-01-11T03:57:41","date_gmt":"2026-01-11T03:57:41","guid":{"rendered":"https:\/\/www.europesays.com\/pl\/198731\/"},"modified":"2026-01-11T03:57:41","modified_gmt":"2026-01-11T03:57:41","slug":"straznicy-przylapali-go-na-goracym-uczynku-byl-obserwowany-z-ukrycia","status":"publish","type":"post","link":"https:\/\/www.europesays.com\/pl\/198731\/","title":{"rendered":"Stra\u017cnicy przy\u0142apali go na gor\u0105cym uczynku. &#8222;By\u0142 obserwowany z ukrycia&#8221;"},"content":{"rendered":"<p class=\"ods-c-paragraph \">Jak przypominaj\u0105 Stra\u017cnicy Posterunku Pa\u0144stwowej Stra\u017cy Rybackiej w Szczecinie, od 1 stycznia do 30 kwietnia trwa okres ochronny szczupaka. Mimo to w regionie nie brakuje os\u00f3b dopuszczaj\u0105cych si\u0119 k\u0142usownictwa.<\/p>\n<p> Gdzie mia\u0142 miejsce nielegalny po\u0142\u00f3w ryb? <\/p>\n<p> Kiedy trwa okres ochronny szczupaka? <\/p>\n<p> Jakie kary wcze\u015bniej otrzyma\u0142 zatrzymany m\u0119\u017cczyzna? <\/p>\n<p> Jak\u0105 ryb\u0119 z\u0142owi\u0142 zatrzymany m\u0119\u017cczyzna? <\/p>\n<p class=\"ods-c-paragraph \">W czwartek 8 stycznia stra\u017cnicy przy\u0142apali na gor\u0105cym uczynku m\u0119\u017cczyzn\u0119, kt\u00f3ry prowadzi\u0142 nielegalny po\u0142\u00f3w ryb przy u\u017cyciu tzw. samo\u0142\u00f3wek na zamarzni\u0119tym jeziorze Kamienny Most. <\/p>\n<blockquote class=\"ods-o-quota\">\n<p class=\"ods-o-quota__paragraph\">&#8222;M\u0119\u017cczyzna by\u0142 obserwowany z ukrycia do czasu rozstawienia sprz\u0119tu&#8221; <\/p>\n<\/blockquote>\n<p class=\"ods-c-paragraph \">\u2014 wyja\u015bniaj\u0105 w facebookowym wpisie stra\u017cnicy.<\/p>\n<p class=\"ods-c-paragraph \">O uj\u0119ciu osoby prowadz\u0105cej nielegalny po\u0142\u00f3w ryb poinformowali r\u00f3wnie\u017c stra\u017cnicy Posterunku Pa\u0144stwowej Stra\u017cy Rybackiej w Koszalinie. Jak czytamy we wpisie, zatrzymany m\u0119\u017cczyzna by\u0142 ju\u017c znany stra\u017cnikom. <\/p>\n<blockquote class=\"ods-o-quota\">\n<p class=\"ods-o-quota__paragraph\">&#8222;Niedawno zako\u0144czy\u0142 odbywanie kary 1,5 roku pozbawienia wolno\u015bci za \u0137\u0142usownictwo troci na przymorskich rzekach. By\u0142 te\u017c karany mandatami za wykroczenia&#8221; <\/p>\n<\/blockquote>\n<p class=\"ods-c-paragraph \">\u2014 czytamy.<\/p>\n<p class=\"ods-c-paragraph \">Sprawca zd\u0105\u017cy\u0142 ju\u017c z\u0142owi\u0107 jedn\u0105 sztuk\u0119 szczupaka. Wy\u0142awianie ryb tego gatunku w okresie ochronnym od 1 stycznia do 30 kwietnia jest wykroczeniem. M\u0119\u017cczyzna zosta\u0142 przekazany w r\u0119ce policji.<\/p>\n","protected":false},"excerpt":{"rendered":"Jak przypominaj\u0105 Stra\u017cnicy Posterunku Pa\u0144stwowej Stra\u017cy Rybackiej w Szczecinie, od 1 stycznia do 30 kwietnia trwa okres ochronny&hellip;\n","protected":false},"author":2,"featured_media":198732,"comment_status":"","ping_status":"","sticky":false,"template":"","format":"standard","meta":{"footnotes":""},"categories":[12],"tags":[210,32,33,36,37,27,38320,34,35,28,31,48,25,46,42,38,40,39,41,13940,47,29,30,26],"class_list":{"0":"post-198731","1":"post","2":"type-post","3":"status-publish","4":"format-standard","5":"has-post-thumbnail","7":"category-polska","8":"tag-aktualnosci","9":"tag-breaking-news","10":"tag-breakingnews","11":"tag-featured-news","12":"tag-featurednews","13":"tag-headlines","14":"tag-klusownictwo","15":"tag-latest-news","16":"tag-latestnews","17":"tag-naglowki","18":"tag-najwazniejsze-artykuly","19":"tag-nat_styl","20":"tag-news","21":"tag-omp","22":"tag-pl","23":"tag-poland","24":"tag-polish","25":"tag-polska","26":"tag-polski","27":"tag-ryby","28":"tag-screening_general","29":"tag-top-stories","30":"tag-topstories","31":"tag-wiadomosci"},"share_on_mastodon":{"url":"https:\/\/pubeurope.com\/@pl\/115874460003005190","error":""},"_links":{"self":[{"href":"https:\/\/www.europesays.com\/pl\/wp-json\/wp\/v2\/posts\/198731","targetHints":{"allow":["GET"]}}],"collection":[{"href":"https:\/\/www.europesays.com\/pl\/wp-json\/wp\/v2\/posts"}],"about":[{"href":"https:\/\/www.europesays.com\/pl\/wp-json\/wp\/v2\/types\/post"}],"author":[{"embeddable":true,"href":"https:\/\/www.europesays.com\/pl\/wp-json\/wp\/v2\/users\/2"}],"replies":[{"embeddable":true,"href":"https:\/\/www.europesays.com\/pl\/wp-json\/wp\/v2\/comments?post=198731"}],"version-history":[{"count":0,"href":"https:\/\/www.europesays.com\/pl\/wp-json\/wp\/v2\/posts\/198731\/revisions"}],"wp:featuredmedia":[{"embeddable":true,"href":"https:\/\/www.europesays.com\/pl\/wp-json\/wp\/v2\/media\/198732"}],"wp:attachment":[{"href":"https:\/\/www.europesays.com\/pl\/wp-json\/wp\/v2\/media?parent=198731"}],"wp:term":[{"taxonomy":"category","embeddable":true,"href":"https:\/\/www.europesays.com\/pl\/wp-json\/wp\/v2\/categories?post=198731"},{"taxonomy":"post_tag","embeddable":true,"href":"https:\/\/www.europesays.com\/pl\/wp-json\/wp\/v2\/tags?post=198731"}],"curies":[{"name":"wp","href":"https:\/\/api.w.org\/{rel}","templated":true}]}}