{"id":198755,"date":"2026-01-11T05:07:17","date_gmt":"2026-01-11T05:07:17","guid":{"rendered":"https:\/\/www.europesays.com\/pl\/198755\/"},"modified":"2026-01-11T05:07:17","modified_gmt":"2026-01-11T05:07:17","slug":"awaria-sieci-cieplowniczej-w-gdyni-mieszkancy-bez-ogrzewania-i-cieplej-wody","status":"publish","type":"post","link":"https:\/\/www.europesays.com\/pl\/198755\/","title":{"rendered":"Awaria sieci ciep\u0142owniczej w Gdyni. Mieszka\u0144cy bez ogrzewania i ciep\u0142ej wody"},"content":{"rendered":"<p>\t\t\t    \t<img decoding=\"async\" src=\"https:\/\/www.europesays.com\/pl\/wp-content\/uploads\/2026\/01\/283564_r0_940.jpg\" itemprop=\"image\" alt=\"Awaria sieci ciep\u0142owniczej w Gdyni. Mieszka\u0144cy bez ogrzewania i ciep\u0142ej wody\" title=\"OPEC w Gdyni podkre\u015bla, \u017ce obecnie trwa ustalanie \u017ar\u00f3d\u0142a awarii\" class=\"gallery-image\" fetchpriority=\"high\"\/><\/p>\n<p>\t\t\t\t\t\t\tOPEC w Gdyni podkre\u015bla, \u017ce obecnie trwa ustalanie \u017ar\u00f3d\u0142a awarii<\/p>\n<p>\n\t\t\t\t\t\t\t\t\tStudio PTWP\n\t\t\t\t\t\t\t\t<\/p>\n<p>\n\t\t\tW zwi\u0105zku z awari\u0105 sieci ciep\u0142owniczej pozbawieni ciep\u0142ej wody i ogrzewania s\u0105 w sobot\u0119 po po\u0142udniu mieszka\u0144cy pi\u0119ciu ulic w Gdyni-D\u0105browie. Obecnie trwa ustalanie \u017ar\u00f3d\u0142a awarii &#8211; informuje Okr\u0119gowe Przedsi\u0119biorstwo Energetyki Cieplnej (OPEC) w Gdyni.\n\t\t<\/p>\n<p>&#8222;Informujemy, \u017ce z powodu awarii na sieci niskoparametrowej zosta\u0142a wstrzymana dostawa ciep\u0142a z w\u0119z\u0142a grupowego Pio\u0142unowa 28 A&#8221; &#8211; poda\u0142 na swojej stronie internetowej OPEC Gdynia.<\/p>\n<p>&#13;<\/p>\n<p>W informacji wyja\u015bniono, \u017ce od dostaw ciep\u0142a odci\u0119ci s\u0105 odbiorcy z pi\u0119ciu ulic w dzielnicy D\u0105browa: Pio\u0142unowej, Poziomkowej, Perzowej, Mi\u0119towej i Nagietkowej.<\/p>\n<p>&#13;<\/p>\n<p>OPEC podkre\u015bla, \u017ce obecnie trwa ustalanie \u017ar\u00f3d\u0142a awarii.<\/p>\n<p>&#13;<\/p>\n<p>&#8211;\u00a0 Informujemy, \u017ce nadal trwa przegl\u0105d sieci w celu lokalizacji wycieku- czytamy w komunikacie z godz. 17.40.\u00a0<\/p>\n<p>&#13;<\/p>\n<p>Jak informuje OPEC, sieci b\u0119d\u0105ce w\u0142asno\u015bci\u0105 przedsi\u0119biorstwa ju\u017c zosta\u0142y sprawdzone, natomiast cz\u0119\u015b\u0107 sieci w dzielnicy D\u0105browa nie nale\u017cy do OPEC i najprawdopodobniej na takim odcinku dosz\u0142o do awarii.\u00a0 Zapewniamy, \u017ce nasze s\u0142u\u017cby techniczne dzia\u0142aj\u0105 w terenie, aby jak najszybciej przywr\u00f3ci\u0107 dostaw\u0119 ciep\u0142a na potrzeby centralnego ogrzewania. Prosimy o cierpliwo\u015b\u0107 i przepraszamy za utrudnienia &#8211; czytamy .<\/p>\n<p><img decoding=\"async\" style=\"max-width:80px;\" loading=\"lazy\" src=\"https:\/\/www.europesays.com\/pl\/wp-content\/uploads\/2026\/01\/1767816550_107_081834.png\"\/><\/p>\n","protected":false},"excerpt":{"rendered":"OPEC w Gdyni podkre\u015bla, \u017ce obecnie trwa ustalanie \u017ar\u00f3d\u0142a awarii Studio PTWP W zwi\u0105zku z awari\u0105 sieci ciep\u0142owniczej&hellip;\n","protected":false},"author":2,"featured_media":198756,"comment_status":"","ping_status":"","sticky":false,"template":"","format":"standard","meta":{"footnotes":""},"categories":[12],"tags":[664,1178,10433,7910,10475,32,33,36,37,27,34,35,28,31,10473,7908,10431,25,42,38,40,39,41,29,30,7909,10474,10432,26],"class_list":{"0":"post-198755","1":"post","2":"type-post","3":"status-publish","4":"format-standard","5":"has-post-thumbnail","7":"category-polska","8":"tag-typedefinedterm","9":"tag-0-html","10":"tag-242-html","11":"tag-7910","12":"tag-67-html","13":"tag-breaking-news","14":"tag-breakingnews","15":"tag-featured-news","16":"tag-featurednews","17":"tag-headlines","18":"tag-latest-news","19":"tag-latestnews","20":"tag-naglowki","21":"tag-najwazniejsze-artykuly","22":"tag-namegdynia","23":"tag-nameserwis-energia-gaz-ciepu0142o","24":"tag-namewojewu00f3dztwo-pomorskie","25":"tag-news","26":"tag-pl","27":"tag-poland","28":"tag-polish","29":"tag-polska","30":"tag-polski","31":"tag-top-stories","32":"tag-topstories","33":"tag-urlhttps-www-portalsamorzadowy-pl-gospodarka-komunalna-podserwis-serwis-energia-gaz-cieplo","34":"tag-urlhttps-www-portalsamorzadowy-pl-klucze-gdynia","35":"tag-urlhttps-www-portalsamorzadowy-pl-klucze-wojewodztwo-pomorskie","36":"tag-wiadomosci"},"share_on_mastodon":{"url":"","error":"Validation failed: Text character limit of 500 exceeded"},"_links":{"self":[{"href":"https:\/\/www.europesays.com\/pl\/wp-json\/wp\/v2\/posts\/198755","targetHints":{"allow":["GET"]}}],"collection":[{"href":"https:\/\/www.europesays.com\/pl\/wp-json\/wp\/v2\/posts"}],"about":[{"href":"https:\/\/www.europesays.com\/pl\/wp-json\/wp\/v2\/types\/post"}],"author":[{"embeddable":true,"href":"https:\/\/www.europesays.com\/pl\/wp-json\/wp\/v2\/users\/2"}],"replies":[{"embeddable":true,"href":"https:\/\/www.europesays.com\/pl\/wp-json\/wp\/v2\/comments?post=198755"}],"version-history":[{"count":0,"href":"https:\/\/www.europesays.com\/pl\/wp-json\/wp\/v2\/posts\/198755\/revisions"}],"wp:featuredmedia":[{"embeddable":true,"href":"https:\/\/www.europesays.com\/pl\/wp-json\/wp\/v2\/media\/198756"}],"wp:attachment":[{"href":"https:\/\/www.europesays.com\/pl\/wp-json\/wp\/v2\/media?parent=198755"}],"wp:term":[{"taxonomy":"category","embeddable":true,"href":"https:\/\/www.europesays.com\/pl\/wp-json\/wp\/v2\/categories?post=198755"},{"taxonomy":"post_tag","embeddable":true,"href":"https:\/\/www.europesays.com\/pl\/wp-json\/wp\/v2\/tags?post=198755"}],"curies":[{"name":"wp","href":"https:\/\/api.w.org\/{rel}","templated":true}]}}