{"id":198761,"date":"2026-01-11T05:21:09","date_gmt":"2026-01-11T05:21:09","guid":{"rendered":"https:\/\/www.europesays.com\/pl\/198761\/"},"modified":"2026-01-11T05:21:09","modified_gmt":"2026-01-11T05:21:09","slug":"odwazna-kreacja-julia-szeremeta-blyszczala-na-sciance","status":"publish","type":"post","link":"https:\/\/www.europesays.com\/pl\/198761\/","title":{"rendered":"Odwa\u017cna kreacja. Julia Szeremeta b\u0142yszcza\u0142a na \u015bciance"},"content":{"rendered":"\n<p class=\"contentpart contentpart--default contentpart--text\" data-position=\"0\">Na sobot\u0119, 10 stycznia zaplanowana zosta\u0142a 91. edycja Gali Mistrz\u00f3w Sportu. Z tego powodu w Teatrze Wielkim pojawi\u0142o si\u0119 wiele znanych osobisto\u015bci. Oczywi\u015bcie nie zabrak\u0142o zdj\u0119\u0107 na specjalnie przygotowanej \u015bciance.<\/p>\n<p class=\"contentpart contentpart--default contentpart--text\" data-position=\"1\">Jedn\u0105 z os\u00f3b, kt\u00f3ra zaprezentowa\u0142a si\u0119 na czerwonym dywanie, jest <a href=\"https:\/\/sportowefakty.wp.pl\/boks\/julia-szeremeta\" rel=\"nofollow noopener\" target=\"_blank\">Julia Szeremeta<\/a>. Wicemistrzyni olimpijska w boksie postawi\u0142a na d\u0142ug\u0105 sukni\u0119 w kolorze ciemnego granatu z prze\u015bwitami.<\/p>\n<p> <img role=\"presentation\" src=\"https:\/\/std.wpcdn.pl\/images\/adv\/placeholder_wp.svg\" loading=\"lazy\" alt=\"\" decoding=\"async\"\/>  <\/p>\n<p class=\"contentpart contentpart--default contentpart--text\" data-position=\"2\">22-latka do swojej kreacji dobra\u0142a tak\u017ce oryginaln\u0105 torebk\u0119 oraz szpilki. Tym samym nale\u017cy przyzna\u0107, \u017ce Szeremeta zadba\u0142a o to, by jej styl\u00f3wka na to wydarzenie by\u0142a naprawd\u0119 wyj\u0105tkowa.<\/p>\n<p class=\"contentpart contentpart--default contentpart--text\" data-position=\"3\">Nale\u017cy jednak wspomnie\u0107, \u017ce pi\u0119\u015bciarka nie unikn\u0119\u0142a wpadki. Ot\u00f3\u017c okazuje si\u0119, i\u017c przy schodzeniu ze schod\u00f3w stan\u0119\u0142a na fragmencie swojej sukni, przez co na chwil\u0119 straci\u0142a r\u00f3wnowag\u0119. Na szcz\u0119\u015bcie nie dosz\u0142o do upadku.<\/p>\n<p class=\"contentpart contentpart--default contentpart--text\" data-position=\"4\">Szeremeta nale\u017cy do grona os\u00f3b, kt\u00f3rzy zostali nominowani na Najlepszego Sportowca Polski 2025 roku. W tym roku uda\u0142o jej si\u0119 zdoby\u0107 wicemistrzostwo \u015bwiata w Liverpoolu. W finale minimalnie lepsza okaza\u0142a si\u0119 Jaismine Lamboria.<\/p>\n<p>  <img decoding=\"async\" src=\"https:\/\/www.europesays.com\/pl\/wp-content\/uploads\/2026\/01\/MzU2MzAuYhs0UDtJbg5vDncIbxMoV2FYIBB3WG5CekotHT4cbBIsFjlXPwNvAj0ZMVxjCi1aPRI6RiIJbkN0TGdTLEwgRylPZwB9.jpeg\" alt=\"Na zdj\u0119ciu: Julia Szeremeta (fot. PAP)\" width=\"770\" height=\"\" loading=\"lazy\"\/> Na zdj\u0119ciu: Julia Szeremeta (fot. PAP)  <img role=\"presentation\" src=\"https:\/\/std.wpcdn.pl\/images\/adv\/placeholder_wp.svg\" loading=\"lazy\" alt=\"\" decoding=\"async\"\/>  <\/p>\n<p class=\"contentpart contentpart--default contentpart--text\" data-position=\"6\">ZOBACZ WIDEO: Mistrz KSW nie wytrzyma\u0142 podczas wywiadu. &#8222;Zatrzymajmy t\u0119 karuzel\u0119 \u015bmiechu&#8221;<\/p>\n","protected":false},"excerpt":{"rendered":"Na sobot\u0119, 10 stycznia zaplanowana zosta\u0142a 91. edycja Gali Mistrz\u00f3w Sportu. Z tego powodu w Teatrze Wielkim pojawi\u0142o&hellip;\n","protected":false},"author":2,"featured_media":198762,"comment_status":"","ping_status":"","sticky":false,"template":"","format":"standard","meta":{"footnotes":""},"categories":[12],"tags":[2514,1840,32,33,36,37,27,1842,34,35,28,31,25,42,38,40,39,41,268,1256,29,30,26],"class_list":{"0":"post-198761","1":"post","2":"type-post","3":"status-publish","4":"format-standard","5":"has-post-thumbnail","7":"category-polska","8":"tag-boks","9":"tag-boks-olimpijski","10":"tag-breaking-news","11":"tag-breakingnews","12":"tag-featured-news","13":"tag-featurednews","14":"tag-headlines","15":"tag-julia-szeremeta","16":"tag-latest-news","17":"tag-latestnews","18":"tag-naglowki","19":"tag-najwazniejsze-artykuly","20":"tag-news","21":"tag-pl","22":"tag-poland","23":"tag-polish","24":"tag-polska","25":"tag-polski","26":"tag-sportowybar","27":"tag-sporty-walki","28":"tag-top-stories","29":"tag-topstories","30":"tag-wiadomosci"},"share_on_mastodon":{"url":"https:\/\/pubeurope.com\/@pl\/115874790339785236","error":""},"_links":{"self":[{"href":"https:\/\/www.europesays.com\/pl\/wp-json\/wp\/v2\/posts\/198761","targetHints":{"allow":["GET"]}}],"collection":[{"href":"https:\/\/www.europesays.com\/pl\/wp-json\/wp\/v2\/posts"}],"about":[{"href":"https:\/\/www.europesays.com\/pl\/wp-json\/wp\/v2\/types\/post"}],"author":[{"embeddable":true,"href":"https:\/\/www.europesays.com\/pl\/wp-json\/wp\/v2\/users\/2"}],"replies":[{"embeddable":true,"href":"https:\/\/www.europesays.com\/pl\/wp-json\/wp\/v2\/comments?post=198761"}],"version-history":[{"count":0,"href":"https:\/\/www.europesays.com\/pl\/wp-json\/wp\/v2\/posts\/198761\/revisions"}],"wp:featuredmedia":[{"embeddable":true,"href":"https:\/\/www.europesays.com\/pl\/wp-json\/wp\/v2\/media\/198762"}],"wp:attachment":[{"href":"https:\/\/www.europesays.com\/pl\/wp-json\/wp\/v2\/media?parent=198761"}],"wp:term":[{"taxonomy":"category","embeddable":true,"href":"https:\/\/www.europesays.com\/pl\/wp-json\/wp\/v2\/categories?post=198761"},{"taxonomy":"post_tag","embeddable":true,"href":"https:\/\/www.europesays.com\/pl\/wp-json\/wp\/v2\/tags?post=198761"}],"curies":[{"name":"wp","href":"https:\/\/api.w.org\/{rel}","templated":true}]}}