{"id":198777,"date":"2026-01-11T05:44:09","date_gmt":"2026-01-11T05:44:09","guid":{"rendered":"https:\/\/www.europesays.com\/pl\/198777\/"},"modified":"2026-01-11T05:44:09","modified_gmt":"2026-01-11T05:44:09","slug":"anna-lewandowska-cala-w-rozu-na-gali-mistrzow-sportu-wygladala-jak-ksiezniczka-plejada","status":"publish","type":"post","link":"https:\/\/www.europesays.com\/pl\/198777\/","title":{"rendered":"Anna Lewandowska ca\u0142a w r\u00f3\u017cu na Gali Mistrz\u00f3w Sportu. Wygl\u0105da\u0142a jak ksi\u0119\u017cniczka &#8211; Plejada"},"content":{"rendered":"<ol>\n<li><a href=\"https:\/\/news.google.com\/rss\/articles\/CBMivAFBVV95cUxQNkxQZ2JzcndkSUdxV21MMzJfTlcwZnNtMVFGTjBFTk1LcVhNc2xUQXk0enI5azNMUnhjdVp5SGszNk8wcnZrU3dHUVdHZUxJSU1fanJIS0h4VS1tQkd0UGVaUXh5dVZCUHlTNmszdUhxNnBfSzdGT3BKWmNPRlF3SnRtOURmSE8wcm9jbWxJOTJRa1hEYXh3dHp6WmtuMnRydzlhRFBkd2V3UktOOWpqWnh2aTVYYXNZV0pWcQ?oc=5\" target=\"_blank\" rel=\"nofollow noopener\">Anna Lewandowska ca\u0142a w r\u00f3\u017cu na Gali Mistrz\u00f3w Sportu. Wygl\u0105da\u0142a jak ksi\u0119\u017cniczka<\/a>&nbsp;&nbsp;Plejada<\/li>\n<li><a href=\"https:\/\/news.google.com\/rss\/articles\/CBMiugFBVV95cUxOQll1djBXdDFqNzZmNFVtTGwwOVd0Z1Z4ZkVGSzRHNTU1SlZNUktQSlFPc1hmM3pUcVhWRjNQTGQzT3d3ZE1kVFlGaE9GeGNoVXpsVlJJS3FjZjc0bUZocXJDNnlQc2NIMDBydWoweVUtN3JrMl9JUktRTXB6ZlY1YlFSWkRkMmViTzMtNE5OSWZ1NWxXak10V2xBMlFnOVBmMTZQeGViQjNmQzRJNXJuSWtHM0FTc1BqWUE?oc=5\" target=\"_blank\" rel=\"nofollow noopener\">&#8222;Polscy Beckhamowie&#8221; na Gali Mistrz\u00f3w Sportu. Ma\u0142gorzata Rozenek-Majdan zada\u0142a szyku<\/a>&nbsp;&nbsp;Onet<\/li>\n<li><a href=\"https:\/\/news.google.com\/rss\/articles\/CBMivwFBVV95cUxOS3AyaHhwWUFXZGFSUGI3SzBDZ0J6Sm5hUGVUX2NGdUdUNldpYjFrdHJGTi00ZktodzVsRnFVdHVxcXVMSG9NSUY0VGl5YUFaTmlua3Z2UVE2UDlMWTFwbk4waW5ud0pmRlR1bk1mSWRGQmNvU3lOUTh4SWRmNUV1bWZXOFNnQUVGM2hvZ1VIQUtVSGRhYmlBR2NjRENQVXNpZVdBNklVc3dadjJOenZQWHh4YV9QZFZIZEtEX1dJYw?oc=5\" target=\"_blank\" rel=\"nofollow noopener\">Rozenek tak odstawi\u0142a si\u0119 na Gal\u0119 Mistrz\u00f3w Sportu. Modowy ekspert nie ma w\u0105tpliwo\u015bci<\/a>&nbsp;&nbsp;Plotek.pl<\/li>\n<li><a href=\"https:\/\/news.google.com\/rss\/articles\/CBMinAFBVV95cUxNeHYwTXFPMFNIVkt0aHRmbGM2NU9GdWdDUVEwMXVkV2NINmxOS0RLc0RvdjZhelJRSERfckJDMC1tbUNXSXhVbVJUNnV2LTRqZ3NGd1ZueDlMT29XSExGdjhkYmd1NC1yMVo4NmRKZ2xPdHY5RHFpQ3lpbXRiYlFUU2U0Zkt4R3VqSEx4bHFBNkdUclZqREJXRHcxZEs?oc=5\" target=\"_blank\" rel=\"nofollow noopener\">Rozenek czaruje na gali tali\u0105 osy. Prz\u00f3d skromniutki, ale za to z ty\u0142u sza\u0142<\/a>&nbsp;&nbsp;Kozaczek<\/li>\n<li><a href=\"https:\/\/news.google.com\/rss\/articles\/CBMipgFBVV95cUxOaVVvSmlyQVVzeFQwYlo4Mzd3XzhXNFlyamxiWTN4anA2RC0xQ1lyZGRIOFpQejV1ZnctUmNFUlkzNkptUGVEOEJBN19vdXQwM2F1bDlNWTh3bkVOdDJGNWNsYVdCWUFsdUtKZklqbWhhaHNidGx3U0xRbDZfQTBqUGQwYS14T1FOVjg3eUc3RlVrWFJzLVowWFB1cVZuLUx2aHFIak53?oc=5\" target=\"_blank\" rel=\"nofollow noopener\">Ma\u0142gorzata Rozenek-Majdan o afterparty Gali Mistrz\u00f3w Sportu. Zaskakuj\u0105ce wyznanie<\/a>&nbsp;&nbsp;Fakt<\/li>\n<\/ol>\n","protected":false},"excerpt":{"rendered":"Anna Lewandowska ca\u0142a w r\u00f3\u017cu na Gali Mistrz\u00f3w Sportu. Wygl\u0105da\u0142a jak ksi\u0119\u017cniczka&nbsp;&nbsp;Plejada &#8222;Polscy Beckhamowie&#8221; na Gali Mistrz\u00f3w Sportu.&hellip;\n","protected":false},"author":2,"featured_media":198778,"comment_status":"","ping_status":"","sticky":false,"template":"","format":"standard","meta":{"footnotes":""},"categories":[24],"tags":[2576,48,46,42,38,40,39,41,47,127,126,804],"class_list":{"0":"post-198777","1":"post","2":"type-post","3":"status-publish","4":"format-standard","5":"has-post-thumbnail","7":"category-sport","8":"tag-anna_lewandowska","9":"tag-nat_styl","10":"tag-omp","11":"tag-pl","12":"tag-poland","13":"tag-polish","14":"tag-polska","15":"tag-polski","16":"tag-screening_general","17":"tag-sport","18":"tag-sports","19":"tag-zdjecia_gwiazd"},"share_on_mastodon":{"url":"https:\/\/pubeurope.com\/@pl\/115874880749074552","error":""},"_links":{"self":[{"href":"https:\/\/www.europesays.com\/pl\/wp-json\/wp\/v2\/posts\/198777","targetHints":{"allow":["GET"]}}],"collection":[{"href":"https:\/\/www.europesays.com\/pl\/wp-json\/wp\/v2\/posts"}],"about":[{"href":"https:\/\/www.europesays.com\/pl\/wp-json\/wp\/v2\/types\/post"}],"author":[{"embeddable":true,"href":"https:\/\/www.europesays.com\/pl\/wp-json\/wp\/v2\/users\/2"}],"replies":[{"embeddable":true,"href":"https:\/\/www.europesays.com\/pl\/wp-json\/wp\/v2\/comments?post=198777"}],"version-history":[{"count":0,"href":"https:\/\/www.europesays.com\/pl\/wp-json\/wp\/v2\/posts\/198777\/revisions"}],"wp:featuredmedia":[{"embeddable":true,"href":"https:\/\/www.europesays.com\/pl\/wp-json\/wp\/v2\/media\/198778"}],"wp:attachment":[{"href":"https:\/\/www.europesays.com\/pl\/wp-json\/wp\/v2\/media?parent=198777"}],"wp:term":[{"taxonomy":"category","embeddable":true,"href":"https:\/\/www.europesays.com\/pl\/wp-json\/wp\/v2\/categories?post=198777"},{"taxonomy":"post_tag","embeddable":true,"href":"https:\/\/www.europesays.com\/pl\/wp-json\/wp\/v2\/tags?post=198777"}],"curies":[{"name":"wp","href":"https:\/\/api.w.org\/{rel}","templated":true}]}}