{"id":198781,"date":"2026-01-11T05:51:16","date_gmt":"2026-01-11T05:51:16","guid":{"rendered":"https:\/\/www.europesays.com\/pl\/198781\/"},"modified":"2026-01-11T05:51:16","modified_gmt":"2026-01-11T05:51:16","slug":"hurkacz-sie-nie-certolil-oglosil-wprost-przed-kluczowym-meczem-swiatek-tenis","status":"publish","type":"post","link":"https:\/\/www.europesays.com\/pl\/198781\/","title":{"rendered":"Hurkacz si\u0119 nie certoli\u0142. Og\u0142osi\u0142 wprost przed kluczowym meczem \u015awi\u0105tek Tenis"},"content":{"rendered":"<p class=\"art_paragraph\">Sezon 2025 by\u0142 prawdopodobnie najgorszym w karierze <a href=\"https:\/\/www.sport.pl\/hubert-hurkacz#anchorLink\" rel=\"nofollow noopener\" target=\"_blank\">Huberta<\/a> Hurkacza od czasu, kiedy przedar\u0142 si\u0119 do \u015bwiatowej czo\u0142\u00f3wki. Polak nie wygra\u0142 \u017cadnego turnieju rangi ATP, rozczarowywa\u0142 w turniejach, w kt\u00f3rych wydawa\u0142o si\u0119, \u017ce mo\u017ce pokaza\u0107 si\u0119 z dobrej strony, a na koniec posypa\u0142 si\u0119 zdrowotnie. Z powodu kontuzji nie ogl\u0105dali\u015bmy go na kortach przez kilka miesi\u0119cy, ale w styczniu wr\u00f3ci\u0142 do gry. I prezentuje si\u0119 naprawd\u0119 \u015bwietnie.<\/p>\n<p>\n    Zobacz wideo Jak zagra Legia na wiosn\u0119? Papszun: B\u0119dziemy walczy\u0107 o \u017cycie\n  <\/p>\n<p class=\"art_paragraph\">Hubert Hurkacz zabra\u0142 g\u0142os po wielkiej wygranej<\/p>\n<p class=\"art_paragraph\">Polski <a href=\"https:\/\/www.sport.pl\/tenis\/7,64987,32435065,tak-rosjanin-mowi-o-swiatek-na-pewno.html#anchorLink\" rel=\"nofollow noopener\" target=\"_blank\">tenisista<\/a>, podobnie jak Iga \u015awi\u0105tek, postanowi\u0142 przygotowywa\u0107 si\u0119 do Australian Open poprzez gr\u0119 w dru\u017cynowych zawodach <a href=\"https:\/\/www.sport.pl\/pilka\/7,65080,32506887,media-alez-wiesci-zapadla-decyzja-ws-trenera-manchesteru.html#anchorLink\" rel=\"nofollow noopener\" target=\"_blank\">United<\/a> Cup. Na start rywalizacji w Australii 28-latek ogra\u0142 Sasch\u0119 Zvereva, a nast\u0119pnie poradzi\u0142 sobie z\u00a0Tallonem Griekspoorem. Wi\u0119ksze problemy sprawi\u0142 mu dopiero Alex de Minaur, kt\u00f3ry ostatecznie pokona\u0142 Polaka 6:4, 4:6, 6:4.<\/p>\n<p class=\"art_paragraph\">ZOBACZ TE\u017b: <a href=\"https:\/\/www.sport.pl\/tenis\/7,64987,32518573,90-minut-i-koniec-sabalenka-na-taki-mecz-czekala-od-ponad-szesciu.html\" class=\"art_link\" rel=\"dofollow noopener\" target=\"_blank\">90 minut i koniec! Sabalenka na taki mecz czeka\u0142a od ponad sze\u015bciu lat<\/a><\/p>\n<p class=\"art_paragraph\">W sobot\u0119 Hurkacz znowu by\u0142 jednak zwyci\u0119ski. Polak rozegra\u0142 znakomite spotkanie z Taylorem Fritzem, pokonuj\u0105c go w dw\u00f3ch partiach, kt\u00f3re rozstrzyga\u0142y tie-breaki. Ten triumf m\u00f3g\u0142 cieszy\u0107 polskich <a href=\"https:\/\/www.sport.pl\/kibice#anchorLink\" rel=\"nofollow noopener\" target=\"_blank\">kibic\u00f3w<\/a> szczeg\u00f3lnie dlatego, \u017ce w przesz\u0142o\u015bci 28-latek nie by\u0142 uwa\u017cany za tenisist\u0119 o \u017celaznych nerwach, nie p\u0119kaj\u0105cego pod koniec set\u00f3w.<\/p>\n<p class=\"art_paragraph\">Po <a href=\"https:\/\/www.sport.pl\/euro\/7,154862,31079522,kto-dzis-gra-na-euro-2024-jakie-mecze-dzisiaj-piatek-21-czerwca.html#anchorLink\" rel=\"nofollow noopener\" target=\"_blank\">meczu<\/a> z Fritzem Hurkacz udzieli\u0142 kr\u00f3tkiego wywiadu na korcie. Dziennikarz zapyta\u0142 go o to, czy jest zaskoczony swoj\u0105 form\u0105.<\/p>\n<p class=\"art_paragraph\">&#8211; Tak, i nie.\u00a0Jestem zdecydowanie mi\u0142o zaskoczony, bo nie gra\u0142em tak przez naprawd\u0119 d\u0142ugi czas. To m\u00f3j pierwszy turniej. Wi\u0119c wracaj\u0105c po takiej przerwie, i to po raz pierwszy w karierze, nie wiesz, czego si\u0119 spodziewa\u0107. Ale z drugiej strony, naprawd\u0119 ci\u0119\u017cko pracowa\u0142em poza kortem. Da\u0142em sobie czas, \u017ceby wr\u00f3ci\u0107 na m\u00f3j poziom, a mo\u017ce nawet wej\u015b\u0107 na lepszy poziom. Mo\u017ce te\u017c mniejsze oczekiwania ni\u017c zazwyczaj co do mojej postawy, mi w tym tygodniu pomog\u0142y &#8211; stwierdzi\u0142 Polak.<\/p>\n<p class=\"art_paragraph\">Hurkacz powiedzia\u0142 te\u017c par\u0119 s\u0142\u00f3w o Idze \u015awi\u0105tek i jej pojedynku z Coco Gauff. &#8211; Oczywi\u015bcie Coco jest niesamowit\u0105 zawodniczk\u0105, ale w Polsce mamy Ig\u0119. Jest inspiracj\u0105 dla naszego kraju. B\u0119dziemy j\u0105 wspiera\u0107 i dopingowa\u0107 &#8211; podkre\u015bli\u0142 polski tenisista.<\/p>\n","protected":false},"excerpt":{"rendered":"Sezon 2025 by\u0142 prawdopodobnie najgorszym w karierze Huberta Hurkacza od czasu, kiedy przedar\u0142 si\u0119 do \u015bwiatowej czo\u0142\u00f3wki. Polak&hellip;\n","protected":false},"author":2,"featured_media":198782,"comment_status":"","ping_status":"","sticky":false,"template":"","format":"standard","meta":{"footnotes":""},"categories":[24],"tags":[42,38,40,39,41,127,126],"class_list":{"0":"post-198781","1":"post","2":"type-post","3":"status-publish","4":"format-standard","5":"has-post-thumbnail","7":"category-sport","8":"tag-pl","9":"tag-poland","10":"tag-polish","11":"tag-polska","12":"tag-polski","13":"tag-sport","14":"tag-sports"},"share_on_mastodon":{"url":"https:\/\/pubeurope.com\/@pl\/115874908248347113","error":""},"_links":{"self":[{"href":"https:\/\/www.europesays.com\/pl\/wp-json\/wp\/v2\/posts\/198781","targetHints":{"allow":["GET"]}}],"collection":[{"href":"https:\/\/www.europesays.com\/pl\/wp-json\/wp\/v2\/posts"}],"about":[{"href":"https:\/\/www.europesays.com\/pl\/wp-json\/wp\/v2\/types\/post"}],"author":[{"embeddable":true,"href":"https:\/\/www.europesays.com\/pl\/wp-json\/wp\/v2\/users\/2"}],"replies":[{"embeddable":true,"href":"https:\/\/www.europesays.com\/pl\/wp-json\/wp\/v2\/comments?post=198781"}],"version-history":[{"count":0,"href":"https:\/\/www.europesays.com\/pl\/wp-json\/wp\/v2\/posts\/198781\/revisions"}],"wp:featuredmedia":[{"embeddable":true,"href":"https:\/\/www.europesays.com\/pl\/wp-json\/wp\/v2\/media\/198782"}],"wp:attachment":[{"href":"https:\/\/www.europesays.com\/pl\/wp-json\/wp\/v2\/media?parent=198781"}],"wp:term":[{"taxonomy":"category","embeddable":true,"href":"https:\/\/www.europesays.com\/pl\/wp-json\/wp\/v2\/categories?post=198781"},{"taxonomy":"post_tag","embeddable":true,"href":"https:\/\/www.europesays.com\/pl\/wp-json\/wp\/v2\/tags?post=198781"}],"curies":[{"name":"wp","href":"https:\/\/api.w.org\/{rel}","templated":true}]}}