{"id":198785,"date":"2026-01-11T05:58:19","date_gmt":"2026-01-11T05:58:19","guid":{"rendered":"https:\/\/www.europesays.com\/pl\/198785\/"},"modified":"2026-01-11T05:58:19","modified_gmt":"2026-01-11T05:58:19","slug":"ledwo-skonczyl-sie-mecz-a-tu-taki-komunikat-ws-swiatek-wta-oglasza","status":"publish","type":"post","link":"https:\/\/www.europesays.com\/pl\/198785\/","title":{"rendered":"Ledwo sko\u0144czy\u0142 si\u0119 mecz, a tu taki komunikat ws. \u015awi\u0105tek. WTA og\u0142asza"},"content":{"rendered":"<p class=\"typography ids-typeset-body ids-typeset-body--preset-large link paragraph ids-paragraph ids-paragraph--default\">\u015awietnie spisuje si\u0119\u00a0Iga \u015awi\u0105tek u progu sezonu, tu\u017c przed wielkoszlemowym <a href=\"https:\/\/sport.interia.pl\/tenis\/australian-open\" target=\"_blank\" rel=\"follow nofollow noopener\">Australian Open<\/a>. W United Cup wygra\u0142a wszystkie trzy mecze, cho\u0107 pierwszy pojedynek &#8211; z Ev\u0105 Lys z Niemiec &#8211; pocz\u0105tkowo nie przebiega\u0142 po jej my\u015bli. Pierwszego seta przegra\u0142a 3:6, niezbyt dobrze wesz\u0142a te\u017c w drugiego, lecz ostatecznie pokaza\u0142a swoj\u0105 moc i do\u015bwiadczenie, <a href=\"https:\/\/sport.interia.pl\/iga-swiatek\/news-swiatek-przegrywala-z-lys-juz-3-6-1-3-niesamowita-batalia-na,nId,22505032\" target=\"_self\" rel=\"nofollow noopener\">zwyci\u0119\u017caj\u0105c 3:6, 6:3, 6:4<\/a>.<\/p>\n<p class=\"typography ids-typeset-body ids-typeset-body--preset-large link paragraph ids-paragraph ids-paragraph--default\">W nast\u0119pnym w kolejno\u015bci starciu z Holenderk\u0105 Suzan Lamens ju\u017c po dw\u00f3ch setach wszystko by\u0142o jasne. Polka <a href=\"https:\/\/sport.interia.pl\/iga-swiatek\/news-swiatek-walczyla-z-mistrzynia-z-osaki-72-minuty-starcia-podc,nId,22505489\" target=\"_self\" rel=\"nofollow noopener\">wygra\u0142a 6:3, 6:2<\/a> i wraz z reprezentacj\u0105 zameldowa\u0142a si\u0119 w fazie pucharowej dru\u017cynowych rozgrywek. I tam posz\u0142o jej doskonale. Potrzebowa\u0142a zaledwie 57 minut, by odprawi\u0107 z kwitkiem May\u0119 Joint, <a href=\"https:\/\/sport.interia.pl\/iga-swiatek\/news-lzy-niepokoj-a-pozniej-koncert-w-meczu-igi-swiatek-tylko-57,nId,22506649\" target=\"_self\" rel=\"nofollow noopener\">i to z wynikiem 1:6, 1:6<\/a>. Po meczu ruszy\u0142a lawina komentarzy. Uaktywni\u0142a si\u0119 nawet\u00a0federacja WTA.<\/p>\n<p>Zachwyty nad \u015awi\u0105tek po meczu United Cup. &#8222;Przyt\u0142oczy\u0142a wschodz\u0105c\u0105 gwiazd\u0119&#8221;<\/p>\n<p class=\"typography ids-typeset-body ids-typeset-body--preset-large link paragraph ids-paragraph ids-paragraph--default\">Ledwo sko\u0144czy\u0142 si\u0119 mecz z Joint, a WTA wypu\u015bci\u0142o komunikat, w kt\u00f3rym nie szcz\u0119dzi mi\u0142ych s\u0142\u00f3w pod adresem Igi \u015awi\u0105tek. Og\u0142aszaj\u0105, \u017ce Polka &#8222;przyt\u0142oczy\u0142a wschodz\u0105c\u0105 gwiazd\u0119 Australii&#8221; i \u017ce &#8222;odnios\u0142a przekonuj\u0105ce zwyci\u0119stwo&#8221;, podkre\u015blaj\u0105c jednocze\u015bnie wielkie tenisowe do\u015bwiadczenie wiceliderki rankingu.<\/p>\n<p class=\"typography ids-typeset-body ids-typeset-body--preset-large link paragraph ids-paragraph ids-paragraph--default\">&#8222;Sze\u015bciokrotna mistrzyni Wielkiego Szlema\u00a0zdecydowanie kontrolowa\u0142a wymian\u0119 (&#8230;). Wygra\u0142a sze\u015b\u0107 gem\u00f3w z rz\u0119du, wygrywaj\u0105c pierwszego seta 6:1 w 26 minut i ju\u017c na pocz\u0105tku meczu wzbudzi\u0142a w\u015br\u00f3d polskich kibic\u00f3w\u00a0okrzyki 'Iga&#8217;. Jej punkt setowy, zwyci\u0119ski forhend z obu stron kortu, kt\u00f3ry min\u0105\u0142 wyci\u0105gni\u0119t\u0105 Joint, najlepiej podsumowa\u0142 mecz&#8221; &#8211; czytamy.<\/p>\n<p class=\"typography ids-typeset-body ids-typeset-body--preset-large link paragraph ids-paragraph ids-paragraph--default\">Kategorycznie wygran\u0105 Igi opisuj\u0105 organizatorzy United Cup. &#8222;Dominuj\u0105ca \u015awi\u0105tek daje Polsce prowadzenie 1:0 nad Australijczykami w \u0107wier\u0107finale United Cup&#8221; &#8211; o\u015bwiadczono.<\/p>\n<p class=\"typography ids-typeset-body ids-typeset-body--preset-large link paragraph ids-paragraph ids-paragraph--default\">Forma polskiej tenisistki szeroko komentowana jest r\u00f3wnie\u017c na platformie X. G\u0142os zabiera m.in. ekspert Dawid Celt. &#8222;Tradycyjnie bardzo mocna fizycznie jest Iga \u015awi\u0105tek na pocz\u0105tku roku. Wida\u0107 wykonan\u0105 prac\u0119 w okresie przygotowawczym. Dzisiaj intensywno\u015b\u0107 narzucona przez I\u015a na razie nie osi\u0105galna dla Australijki&#8221; &#8211; opisuje.<\/p>\n<p class=\"typography ids-typeset-body ids-typeset-body--preset-large link paragraph ids-paragraph ids-paragraph--default\">Podobnych ocen jest wi\u0119cej. &#8222;To by\u0142 pokaz perfekcyjnej jazdy Igi&#8221;, &#8222;\u015awietnie ogl\u0105da\u0142o si\u0119 dzisiaj Ig\u0119 \u015awi\u0105tek. Dominacja nad May\u0105 Joint w praktycznie ka\u017cdym elemencie&#8221;, &#8222;Brawo Iga. Ale\u017c popis&#8221;, &#8222;Mecz Igi \u015awi\u0105tek z May\u0105 Joint pojedynkiem do jednej bramki&#8221; &#8211; pisz\u0105 kibice i dziennikarze. A trzy grosze dorzuca Polski Zwi\u0105zek Tenisowy. &#8222;Maya Joint bez \u017cadnych szans. Iga \u015awi\u0105tek znakomicie dla polskiej reprezentacji rozpocz\u0119\u0142a \u0107wier\u0107fina\u0142owe spotkanie United Cup z Australi\u0105!\u00a0Kapitalny mecz wiceliderki \u015bwiatowego rankingu&#8221; &#8211; podsumowano.<\/p>\n<p>Iga \u015awi\u0105tek &#8211; Maya Joint. Skr\u00f3t meczuPolsat Sport<\/p>\n<p><img decoding=\"async\" class=\"ids-image-holder__img\" loading=\"lazy\" alt=\"Tenisistka w dynamicznej pozie podczas wykonywania forhendowego uderzenia na korcie, skupiona na pi\u0142ce, ubrana w bia\u0142y sportowy top, czerwon\u0105 sp\u00f3dniczk\u0119 i bia\u0142\u0105 czapk\u0119, w tle rozmyte napisy i ciemne t\u0142o hali.\" title=\"Iga \u015awi\u0105tek, United Cup 2026\" width=\"5500\" height=\"3667\" src=\"https:\/\/www.europesays.com\/pl\/wp-content\/uploads\/2026\/01\/000M6CE1GI6EJHRG-C323-F4.webp.webp\"\/><\/p>\n<p>Iga \u015awi\u0105tek, United Cup 2026IZHAR KHANAFP<\/p>\n<p><img decoding=\"async\" class=\"ids-image-holder__img\" loading=\"lazy\" alt=\"Iga \u015awi\u0105tek, United Cup 2026\" title=\"Iga \u015awi\u0105tek, United Cup 2026\" width=\"5500\" height=\"3666\" src=\"https:\/\/www.europesays.com\/pl\/wp-content\/uploads\/2026\/01\/000M6CF3SV1G6KD5-C323-F4.webp.webp\"\/><\/p>\n<p>Iga \u015awi\u0105tek, United Cup 2026IZHAR KHANAFP<\/p>\n<p><img decoding=\"async\" class=\"ids-image-holder__img\" loading=\"lazy\" alt=\"Iga \u015awi\u0105tek\" title=\"Iga \u015awi\u0105tek\" width=\"2048\" height=\"1459\" src=\"https:\/\/www.europesays.com\/pl\/wp-content\/uploads\/2026\/01\/000M3KDJTML50HJ6-C323-F4.webp.webp\"\/><\/p>\n<p>Iga \u015awi\u0105tekFoto Olimpik \/ NurPhoto \/ NurPhoto via AFP  _AFP<\/p>\n<p><a class=\"ids-undecorated-link source ids-page-info--source__link\" href=\"https:\/\/www.interia.pl\" rel=\"nofollow noopener\" target=\"_blank\"><img decoding=\"async\" class=\"ids-image-holder__img\" loading=\"lazy\" alt=\"\" title=\"\" height=\"24px\" src=\"https:\/\/www.europesays.com\/pl\/wp-content\/uploads\/2026\/01\/1767782590_880_0009A60QQ5I2TYF7-C202-F4.webp.webp\"\/><\/a><\/p>\n<p>Masz sugestie, uwagi albo widzisz b\u0142\u0105d? Napisz do nas<\/p>\n","protected":false},"excerpt":{"rendered":"\u015awietnie spisuje si\u0119\u00a0Iga \u015awi\u0105tek u progu sezonu, tu\u017c przed wielkoszlemowym Australian Open. W United Cup wygra\u0142a wszystkie trzy&hellip;\n","protected":false},"author":2,"featured_media":198786,"comment_status":"","ping_status":"","sticky":false,"template":"","format":"standard","meta":{"footnotes":""},"categories":[24],"tags":[42,38,40,39,41,127,126],"class_list":{"0":"post-198785","1":"post","2":"type-post","3":"status-publish","4":"format-standard","5":"has-post-thumbnail","7":"category-sport","8":"tag-pl","9":"tag-poland","10":"tag-polish","11":"tag-polska","12":"tag-polski","13":"tag-sport","14":"tag-sports"},"share_on_mastodon":{"url":"https:\/\/pubeurope.com\/@pl\/115874935812145442","error":""},"_links":{"self":[{"href":"https:\/\/www.europesays.com\/pl\/wp-json\/wp\/v2\/posts\/198785","targetHints":{"allow":["GET"]}}],"collection":[{"href":"https:\/\/www.europesays.com\/pl\/wp-json\/wp\/v2\/posts"}],"about":[{"href":"https:\/\/www.europesays.com\/pl\/wp-json\/wp\/v2\/types\/post"}],"author":[{"embeddable":true,"href":"https:\/\/www.europesays.com\/pl\/wp-json\/wp\/v2\/users\/2"}],"replies":[{"embeddable":true,"href":"https:\/\/www.europesays.com\/pl\/wp-json\/wp\/v2\/comments?post=198785"}],"version-history":[{"count":0,"href":"https:\/\/www.europesays.com\/pl\/wp-json\/wp\/v2\/posts\/198785\/revisions"}],"wp:featuredmedia":[{"embeddable":true,"href":"https:\/\/www.europesays.com\/pl\/wp-json\/wp\/v2\/media\/198786"}],"wp:attachment":[{"href":"https:\/\/www.europesays.com\/pl\/wp-json\/wp\/v2\/media?parent=198785"}],"wp:term":[{"taxonomy":"category","embeddable":true,"href":"https:\/\/www.europesays.com\/pl\/wp-json\/wp\/v2\/categories?post=198785"},{"taxonomy":"post_tag","embeddable":true,"href":"https:\/\/www.europesays.com\/pl\/wp-json\/wp\/v2\/tags?post=198785"}],"curies":[{"name":"wp","href":"https:\/\/api.w.org\/{rel}","templated":true}]}}