{"id":198814,"date":"2026-01-11T06:45:18","date_gmt":"2026-01-11T06:45:18","guid":{"rendered":"https:\/\/www.europesays.com\/pl\/198814\/"},"modified":"2026-01-11T06:45:18","modified_gmt":"2026-01-11T06:45:18","slug":"800-od-lutego-2026-nowe-zasady-kontrole-zus-i-mozliwa-starta-swiadczenia-dla-duzej-grupy-uprawnionych","status":"publish","type":"post","link":"https:\/\/www.europesays.com\/pl\/198814\/","title":{"rendered":"800+ od lutego 2026. Nowe zasady, kontrole ZUS i mo\u017cliwa starta \u015bwiadczenia dla du\u017cej grupy uprawnionych"},"content":{"rendered":"<p>800 z\u0142 miesi\u0119cznie na dziecko od lat trafia do milion\u00f3w rodzin i dla wielu z nich jest sta\u0142ym elementem domowego bud\u017cetu. Od lutego 2026 roku program 800+ wchodzi jednak w now\u0105 faz\u0119. \u015awiadczenie nie znika, ale zmieniaj\u0105 si\u0119 zasady jego przyznawania i kontroli. ZUS zyska nowe narz\u0119dzia weryfikacji, a cz\u0119\u015b\u0107 rodzin, tak\u017ce tych, kt\u00f3re dot\u0105d nie mia\u0142y problem\u00f3w, mo\u017ce straci\u0107 wyp\u0142aty lub zaliczy\u0107 przerw\u0119 w ich otrzymywaniu. Sprawdzamy, kogo dotycz\u0105 zmiany i na co trzeba uwa\u017ca\u0107.<\/p>\n<p>rozwi\u0144 &gt;<\/p>\n<p>Czym jest 800+ i komu dzi\u015b przys\u0142uguje<\/p>\n<p style=\"text-align: justify;\">800+ to comiesi\u0119czne \u015bwiadczenie wyp\u0142acane na ka\u017cde dziecko do uko\u0144czenia 18. roku \u017cycia. Przys\u0142uguje bez wzgl\u0119du na doch\u00f3d, sytuacj\u0119 zawodow\u0105 rodzic\u00f3w czy liczb\u0119 dzieci w rodzinie. Nie ma prog\u00f3w dochodowych. Nie ma limit\u00f3w zarobk\u00f3w. Nie trzeba wykazywa\u0107 aktywno\u015bci zawodowej. Obecnie \u015bwiadczenie wynosi 800 z\u0142 miesi\u0119cznie na ka\u017cde dziecko, a jego wyp\u0142at\u0105 zajmuje si\u0119 Zak\u0142ad Ubezpiecze\u0144 Spo\u0142ecznych. Dla milion\u00f3w rodzin to pieni\u0105dze sta\u0142e, przewidywalne i\u00a0 do tej pory\u00a0 niemal pewne.<\/p>\n<p>Kto mo\u017ce otrzyma\u0107 800+ wed\u0142ug obecnych zasad<\/p>\n<p style=\"text-align: justify;\">Prawo do \u015bwiadczenia maj\u0105 m.in.: rodzice biologiczni dziecka, opiekunowie prawni, rodziny zast\u0119pcze, osoby faktycznie sprawuj\u0105ce opiek\u0119 nad dzieckiem.<\/p>\n<p style=\"text-align: justify;\">800+ przys\u0142uguje zar\u00f3wno osobom pracuj\u0105cym, jak i niepracuj\u0105cym. Mo\u017cna je pobiera\u0107 r\u00f3wnolegle z innymi formami wsparcia,\u00a0 zasi\u0142kami, rentami czy emeryturami.<\/p>\n<p style=\"text-align: justify;\">Wnioski sk\u0142ada si\u0119 wy\u0142\u0105cznie elektronicznie, a pieni\u0105dze trafiaj\u0105 bezpo\u015brednio na konto bankowe. Dla wi\u0119kszo\u015bci rodzin procedura jest szybka i bezproblemowa.<\/p>\n<p>Okresy \u015bwiadczeniowe. Dlaczego wniosek co roku ma znaczenie<\/p>\n<p style=\"text-align: justify;\">800+ nie jest przyznawane raz na zawsze. Program dzia\u0142a w rocznych okresach \u015bwiadczeniowych, kt\u00f3re trwaj\u0105 od 1 czerwca do 31 maja kolejnego roku.<\/p>\n<p>Dalszy ci\u0105g materia\u0142u pod wideo<\/p>\n<p style=\"text-align: justify;\">Aby zachowa\u0107 ci\u0105g\u0142o\u015b\u0107 wyp\u0142at, trzeba co roku z\u0142o\u017cy\u0107 nowy wniosek. Brak wniosku nie oznacza utraty prawa do \u015bwiadczenia, ale cz\u0119sto oznacza przerw\u0119 w wyp\u0142atach i oczekiwanie na wyr\u00f3wnanie. Do tej pory by\u0142a to g\u0142\u00f3wnie formalno\u015b\u0107. Od 2026 roku mo\u017ce by\u0107 zupe\u0142nie inaczej.<\/p>\n<p>Jak ZUS sprawdza prawo do 800+ obecnie<\/p>\n<p style=\"text-align: justify;\">Dzi\u015b ZUS weryfikuje g\u0142\u00f3wnie wiek dziecka, miejsce zamieszkania i pobytu w Polsce, faktyczne sprawowanie opieki, oraz status prawny opiekuna. W praktyce wi\u0119kszo\u015b\u0107 polskich rodzin przechodzi ten proces automatycznie. System dzia\u0142a szybko, a kontakt z ZUS bywa sporadyczny lub \u017caden. I w\u0142a\u015bnie ten automatyzm ko\u0144czy si\u0119 w 2026 roku.<\/p>\n<p>Dlaczego rz\u0105d zdecydowa\u0142 si\u0119 zmieni\u0107 zasady<\/p>\n<p style=\"text-align: justify;\">Od miesi\u0119cy w debacie publicznej pojawia\u0142y si\u0119 zarzuty, \u017ce program 800+ jest zbyt s\u0142abo kontrolowany. Wskazywano m.in. na trudno\u015bci z potwierdzeniem, czy dziecko faktycznie przebywa w Polsce, liczne wyp\u0142aty dla os\u00f3b, kt\u00f3re wyjecha\u0142y z kraju, brak powi\u0105zania \u015bwiadczenia z realn\u0105 sytuacj\u0105 beneficjenta.<\/p>\n<p style=\"text-align: justify;\">Nowe przepisy maj\u0105 uszczelni\u0107 system, ale jednocze\u015bnie oznaczaj\u0105, \u017ce cz\u0119\u015b\u0107 rodzin znajdzie si\u0119 pod wi\u0119ksz\u0105 kontrol\u0105 ni\u017c kiedykolwiek wcze\u015bniej.<\/p>\n<p>Zmiany w 800+ od lutego 2026 roku. Co zmieni si\u0119 naprawd\u0119<\/p>\n<p style=\"text-align: justify;\">Od 1 lutego 2026 r. zaczynaj\u0105 obowi\u0105zywa\u0107 nowe zasady przyznawania i wyp\u0142aty 800+. Program nadal dzia\u0142a, ale nie dla wszystkich na identycznych warunkach jak dot\u0105d.<\/p>\n<p>1. Nowe regu\u0142y dla cudzoziemc\u00f3w<\/p>\n<p style=\"text-align: justify;\">W przypadku os\u00f3b bez polskiego obywatelstwa ZUS otrzymuje szersze narz\u0119dzia kontroli. Prawo do 800+ b\u0119dzie silniej powi\u0105zane z:<\/p>\n<ul style=\"list-style-type: disc;\">\n<li value=\"1\">legalnym pobytem w Polsce,<\/li>\n<li value=\"2\">faktycznym zamieszkaniem dziecka w kraju,<\/li>\n<li value=\"3\">aktywno\u015bci\u0105 zawodow\u0105 lub edukacyjn\u0105 opiekuna.<\/li>\n<\/ul>\n<p style=\"text-align: justify;\">Brak spe\u0142nienia tych warunk\u00f3w mo\u017ce skutkowa\u0107 wstrzymaniem wyp\u0142at, nawet je\u015bli \u015bwiadczenie by\u0142o wcze\u015bniej przyznane i wyp\u0142acane regularnie.<\/p>\n<p>2. Dane i formalno\u015bci pod pe\u0142n\u0105 kontrol\u0105<\/p>\n<p style=\"text-align: justify;\">Od lutego 2026 r. najwi\u0119ksze znaczenie b\u0119d\u0105 mia\u0142y dane zgromadzone w rejestrach publicznych. Je\u015bli informacje z wniosku nie b\u0119d\u0105 zgodne z danymi ZUS, urz\u0119d\u00f3w skarbowych lub system\u00f3w meldunkowych, wyp\u0142ata mo\u017ce zosta\u0107 zatrzymana do czasu wyja\u015bnienia sprawy.<\/p>\n<p style=\"text-align: justify;\">W praktyce oznacza to, \u017ce nawet rodzina, kt\u00f3ra niczego nie zmienia\u0142a, mo\u017ce nagle zobaczy\u0107 brak przelewu z powodu nieaktualnych lub niesp\u00f3jnych danych.<\/p>\n<p>3. Koniec biernego pobierania \u015bwiadczenia<\/p>\n<p style=\"text-align: justify;\">Nowe przepisy pozwalaj\u0105 ZUS sprawdza\u0107, czy beneficjent faktycznie przebywa w Polsce, korzysta ze \u015bwiadczenia zgodnie z jego celem, oraz spe\u0142nia dodatkowe warunki przewidziane dla danej grupy.<\/p>\n<p style=\"text-align: justify;\">W cz\u0119\u015bci przypadk\u00f3w samo posiadanie dziecka mo\u017ce ju\u017c nie wystarczy\u0107, by pieni\u0105dze by\u0142y wyp\u0142acane automatycznie.<\/p>\n<p>Te rodziny mog\u0105 straci\u0107 800+ w 2026 roku<\/p>\n<p style=\"text-align: justify;\">Najwi\u0119ksze ryzyko dotyczy:<\/p>\n<ul style=\"list-style-type: disc;\">\n<li value=\"1\">cudzoziemc\u00f3w bez sta\u0142ego pobytu i aktywno\u015bci w Polsce,<\/li>\n<li value=\"2\">os\u00f3b, kt\u00f3re nie aktualizuj\u0105 danych w systemie,<\/li>\n<li value=\"3\">rodzin sk\u0142adaj\u0105cych wnioski po terminie,<\/li>\n<li value=\"4\">sytuacji, w kt\u00f3rych dziecko faktycznie przebywa poza Polsk\u0105.<\/li>\n<\/ul>\n<p style=\"text-align: justify;\">Dla pozosta\u0142ych rodzin program 800+ pozostaje, ale wymaga znacznie wi\u0119kszej uwagi formalnej ni\u017c dotychczas.<\/p>\n<p style=\"text-align: justify;\">800+ w 2026 roku nadal funkcjonuje, ale przestaje by\u0107 \u015bwiadczeniem z automatu. Najbardziej odczuj\u0105 to rodziny, kt\u00f3re do tej pory nie musia\u0142y zajmowa\u0107 si\u0119 formalno\u015bciami.<\/p>\n<p>Podstawa prawna<\/p>\n","protected":false},"excerpt":{"rendered":"800 z\u0142 miesi\u0119cznie na dziecko od lat trafia do milion\u00f3w rodzin i dla wielu z nich jest sta\u0142ym&hellip;\n","protected":false},"author":2,"featured_media":198815,"comment_status":"","ping_status":"","sticky":false,"template":"","format":"standard","meta":{"footnotes":""},"categories":[12],"tags":[1889,32,33,36,37,27,34,35,28,31,25,42,38,40,39,41,29,30,26,17319,38328],"class_list":{"0":"post-198814","1":"post","2":"type-post","3":"status-publish","4":"format-standard","5":"has-post-thumbnail","7":"category-polska","8":"tag-800-plus","9":"tag-breaking-news","10":"tag-breakingnews","11":"tag-featured-news","12":"tag-featurednews","13":"tag-headlines","14":"tag-latest-news","15":"tag-latestnews","16":"tag-naglowki","17":"tag-najwazniejsze-artykuly","18":"tag-news","19":"tag-pl","20":"tag-poland","21":"tag-polish","22":"tag-polska","23":"tag-polski","24":"tag-top-stories","25":"tag-topstories","26":"tag-wiadomosci","27":"tag-zaklad-ubezpieczen-spolecznych","28":"tag-zmiany-przepisow"},"share_on_mastodon":{"url":"https:\/\/pubeurope.com\/@pl\/115875120592394371","error":""},"_links":{"self":[{"href":"https:\/\/www.europesays.com\/pl\/wp-json\/wp\/v2\/posts\/198814","targetHints":{"allow":["GET"]}}],"collection":[{"href":"https:\/\/www.europesays.com\/pl\/wp-json\/wp\/v2\/posts"}],"about":[{"href":"https:\/\/www.europesays.com\/pl\/wp-json\/wp\/v2\/types\/post"}],"author":[{"embeddable":true,"href":"https:\/\/www.europesays.com\/pl\/wp-json\/wp\/v2\/users\/2"}],"replies":[{"embeddable":true,"href":"https:\/\/www.europesays.com\/pl\/wp-json\/wp\/v2\/comments?post=198814"}],"version-history":[{"count":0,"href":"https:\/\/www.europesays.com\/pl\/wp-json\/wp\/v2\/posts\/198814\/revisions"}],"wp:featuredmedia":[{"embeddable":true,"href":"https:\/\/www.europesays.com\/pl\/wp-json\/wp\/v2\/media\/198815"}],"wp:attachment":[{"href":"https:\/\/www.europesays.com\/pl\/wp-json\/wp\/v2\/media?parent=198814"}],"wp:term":[{"taxonomy":"category","embeddable":true,"href":"https:\/\/www.europesays.com\/pl\/wp-json\/wp\/v2\/categories?post=198814"},{"taxonomy":"post_tag","embeddable":true,"href":"https:\/\/www.europesays.com\/pl\/wp-json\/wp\/v2\/tags?post=198814"}],"curies":[{"name":"wp","href":"https:\/\/api.w.org\/{rel}","templated":true}]}}