{"id":198818,"date":"2026-01-11T06:47:07","date_gmt":"2026-01-11T06:47:07","guid":{"rendered":"https:\/\/www.europesays.com\/pl\/198818\/"},"modified":"2026-01-11T06:47:07","modified_gmt":"2026-01-11T06:47:07","slug":"gala-mistrzow-sportu-2026-klaudia-zwolinska-sportowcem-2025-roku","status":"publish","type":"post","link":"https:\/\/www.europesays.com\/pl\/198818\/","title":{"rendered":"Gala Mistrz\u00f3w Sportu 2026. Klaudia Zwoli\u0144ska sportowcem 2025 roku"},"content":{"rendered":"<p class=\"article-p\" data-section=\"detail-body\">W poprzednim g\u0142osowaniu kibic\u00f3w zwyci\u0119\u017cy\u0142a Aleksandra Miros\u0142aw, kt\u00f3ra na igrzyskach w Pary\u017cu si\u0119gn\u0119\u0142a po z\u0142oto we wspinaczce na czas. Drugie miejsce zaj\u0119\u0142a br\u0105zowa medalistka olimpijska w biegu na 400 m Natalia Bukowiecka, a trzecie siatkarz Wilfredo Leon.<\/p>\n<p class=\"article-p\" data-section=\"detail-body\"><a href=\"https:\/\/sport.fakt.pl\/inne-sporty\/gala-mistrzow-sportu-rozbrajajace-slowa-justyny-kowalczyk\/1sy7h4k\" id=\"e0af86b3-6e93-4b53-bd1b-612b376edc72\" rel=\"nofollow noopener\" target=\"_blank\">Rozbrajaj\u0105ce s\u0142owa Justyny Kowalczyk ze sceny. &#8222;Si\u00f3dmy ch\u0142op&#8221;<\/a><\/p>\n<p>        Gala Mistrz\u00f3w Sportu. Poznali\u015bmy sportowca Polski 2025 roku! <\/p>\n<p class=\"article-p\" data-section=\"detail-body\">Tym razem Miros\u0142aw zaj\u0119\u0142a 9. miejsce. Sportowcem 2025 r. w g\u0142osowaniu kibic\u00f3w zosta\u0142a Klaudia Zwoli\u0144ska \u2014 kajakarka g\u00f3rska, mistrzyni \u015bwiata 2025 w slalomach C1 i K-1. \u2014 Tego si\u0119 nie spodziewa\u0142am. Jestem w szoku. Jak by\u0142am dzieckiem, to marzy\u0142am o wygranej. Ogl\u0105da\u0142am Justyn\u0119 Kowalczyk i my\u015bla\u0142am, \u017ce te\u017c chcia\u0142abym si\u0119gn\u0105\u0107 po zwyci\u0119stwo \u2014 podkre\u015bli\u0142a.<\/p>\n<p class=\"article-p\" data-section=\"detail-body\">Iga \u015awi\u0105tek zaj\u0119\u0142a drugie miejsce. Nasza najlepsza tenisistka w ubieg\u0142ym roku wygra\u0142a Wimbledon. W finale rozprawi\u0142a si\u0119 z Amand\u0105 Anisimov\u0105 6:0, 6:0. Siatkarz Wilfredo Leon by\u0142 trzeci.<\/p>\n<p class=\"article-p\" data-section=\"detail-body\">91. Plebiscyt &#8222;Przegl\u0105du Sportowego&#8221;. Czo\u0142owa dziesi\u0105tka<\/p>\n<p class=\"article-p\" data-section=\"detail-body\">1. Klaudia Zwoli\u0144ska \u2014 kajakarstwo g\u00f3rskie.<\/p>\n<p class=\"article-p\" data-section=\"detail-body\">2. Iga \u015awi\u0105tek \u2014 tenis.<\/p>\n<p class=\"article-p\" data-section=\"detail-body\">3. Wilfredo Leon \u2014 siatk\u00f3wka.<\/p>\n<p class=\"article-p\" data-section=\"detail-body\">4. Bartosz Zmarzlik \u2014 \u017cu\u017cel.<\/p>\n<p class=\"article-p\" data-section=\"detail-body\">5. Robert Kubica \u2014 kierowca wy\u015bcigowy.<\/p>\n<p class=\"article-p\" data-section=\"detail-body\">6. Maria \u017bodzik \u2014 lekkoatletyka.<\/p>\n<p class=\"article-p\" data-section=\"detail-body\">7. Robert Lewandowski \u2014 pi\u0142ka no\u017cna.<\/p>\n<p class=\"article-p\" data-section=\"detail-body\">8. Mateusz Ponitka \u2014 koszyk\u00f3wka.<\/p>\n<p class=\"article-p\" data-section=\"detail-body\">9. Aleksandra Miros\u0142aw \u2014 wspinaczka sportowa.<\/p>\n<p class=\"article-p\" data-section=\"detail-body\">10. Miko\u0142aj Marczyk \u2014 kierowca rajdowy.<\/p>\n<p class=\"article-p\" data-section=\"detail-body\">Gala Mistrz\u00f3w Sportu 2025. Wszyscy laureaci:<\/p>\n<p class=\"article-p\" data-section=\"detail-body\">Trener roku \u2014 Tomasz Dylak (boks)<\/p>\n<p class=\"article-p\" data-section=\"detail-body\">Dru\u017cyna roku \u2014 m\u0119ska reprezentacja siatk\u00f3wki<\/p>\n<p class=\"article-p\" data-section=\"detail-body\">Sportowe wydarzenie roku \u2014 Wielka Warszawska (wy\u015bcigi konne)<\/p>\n<p class=\"article-p\" data-section=\"detail-body\">Nagroda XXI wieku \u2014 Profbud<\/p>\n<p class=\"article-p\" data-section=\"detail-body\">Czempion stulecia \u2014 Robert Lewandowski i Justyna Kowalczyk-Tekieli<\/p>\n<p class=\"article-p\" data-section=\"detail-body\">Mecenas polskiego sportu i kultury: Orlen<\/p>\n<p class=\"article-p\" data-section=\"detail-body\">Superchampion: Natalia Partyka<\/p>\n<p class=\"article-p\" data-section=\"detail-body\">Mecenas sportu: Totalizator Sportowy<\/p>\n<p class=\"article-p\" data-section=\"detail-body\">Tenisistka sto\u0142owa Natalia Partyka odebra\u0142 Superczempiona.<\/p>\n<p>        \/24<\/p>\n<p>                    <img decoding=\"async\" class=\"article-image-img\" loading=\"lazy\" alt=\"\" src=\"https:\/\/ocdn.eu\/pulscms-transforms\/1\/BRNk9kuTURBXy8wNjlmNjNmMS1mOGQ5LTQ4YjktYmEzNi1mZTdkYzA3NTkwZWEuanBlZ5GTAs0DSM0B2N4AAqEwAaExAQ\" width=\"840\" height=\"472\"\/><\/p>\n<p>                  Przegl\u0105d Sportowy \/ YouTube<\/p>\n<p class=\"article-gallery-p\">\n        Klaudia Zwoli\u0144ska sportowcem 2025 roku!\n    <\/p>\n<p>        \/24<\/p>\n<p>                    <img decoding=\"async\" class=\"article-image-img\" loading=\"lazy\" alt=\"\" src=\"https:\/\/ocdn.eu\/pulscms-transforms\/1\/68wk9kuTURBXy9iZWQzNGUxYi04Y2VkLTQzNTUtYTIzYS0zZTYzMzIwNjBhMWYuanBlZ5GTAs0DSM0B2N4AAqEwAaExAQ\" width=\"840\" height=\"472\"\/><\/p>\n<p>                  Przegl\u0105d Sportowy \/ YouTube<\/p>\n","protected":false},"excerpt":{"rendered":"W poprzednim g\u0142osowaniu kibic\u00f3w zwyci\u0119\u017cy\u0142a Aleksandra Miros\u0142aw, kt\u00f3ra na igrzyskach w Pary\u017cu si\u0119gn\u0119\u0142a po z\u0142oto we wspinaczce na&hellip;\n","protected":false},"author":2,"featured_media":198819,"comment_status":"","ping_status":"","sticky":false,"template":"","format":"standard","meta":{"footnotes":""},"categories":[24],"tags":[42,38,40,39,41,127,126],"class_list":{"0":"post-198818","1":"post","2":"type-post","3":"status-publish","4":"format-standard","5":"has-post-thumbnail","7":"category-sport","8":"tag-pl","9":"tag-poland","10":"tag-polish","11":"tag-polska","12":"tag-polski","13":"tag-sport","14":"tag-sports"},"share_on_mastodon":{"url":"https:\/\/pubeurope.com\/@pl\/115875128882681382","error":""},"_links":{"self":[{"href":"https:\/\/www.europesays.com\/pl\/wp-json\/wp\/v2\/posts\/198818","targetHints":{"allow":["GET"]}}],"collection":[{"href":"https:\/\/www.europesays.com\/pl\/wp-json\/wp\/v2\/posts"}],"about":[{"href":"https:\/\/www.europesays.com\/pl\/wp-json\/wp\/v2\/types\/post"}],"author":[{"embeddable":true,"href":"https:\/\/www.europesays.com\/pl\/wp-json\/wp\/v2\/users\/2"}],"replies":[{"embeddable":true,"href":"https:\/\/www.europesays.com\/pl\/wp-json\/wp\/v2\/comments?post=198818"}],"version-history":[{"count":0,"href":"https:\/\/www.europesays.com\/pl\/wp-json\/wp\/v2\/posts\/198818\/revisions"}],"wp:featuredmedia":[{"embeddable":true,"href":"https:\/\/www.europesays.com\/pl\/wp-json\/wp\/v2\/media\/198819"}],"wp:attachment":[{"href":"https:\/\/www.europesays.com\/pl\/wp-json\/wp\/v2\/media?parent=198818"}],"wp:term":[{"taxonomy":"category","embeddable":true,"href":"https:\/\/www.europesays.com\/pl\/wp-json\/wp\/v2\/categories?post=198818"},{"taxonomy":"post_tag","embeddable":true,"href":"https:\/\/www.europesays.com\/pl\/wp-json\/wp\/v2\/tags?post=198818"}],"curies":[{"name":"wp","href":"https:\/\/api.w.org\/{rel}","templated":true}]}}