{"id":198825,"date":"2026-01-11T06:53:13","date_gmt":"2026-01-11T06:53:13","guid":{"rendered":"https:\/\/www.europesays.com\/pl\/198825\/"},"modified":"2026-01-11T06:53:13","modified_gmt":"2026-01-11T06:53:13","slug":"oto-co-karol-nawrocki-powiedzial-do-kibicow-pod-jasna-gora-pojawilo-sie-nagranie-przeglad-sportowy-onet","status":"publish","type":"post","link":"https:\/\/www.europesays.com\/pl\/198825\/","title":{"rendered":"Oto co Karol Nawrocki powiedzia\u0142 do kibic\u00f3w pod Jasn\u0105 G\u00f3r\u0105. Pojawi\u0142o si\u0119 nagranie &#8211; Przegl\u0105d Sportowy Onet"},"content":{"rendered":"<ol>\n<li><a href=\"https:\/\/news.google.com\/rss\/articles\/CBMizgFBVV95cUxNSzZjMzBzNnVmdTlVdVo0NXJXQXdxOUl3cTlPSlpVTHMySFBoeXlBZG40YVlvOWczUU9nWWctX0U1LUwtY3dEdFptcDlaNDhOSTdYUHJNMVhaN044djZ3QU1JaVZwLVlwMnR5M01FZkRxNHowUHRhcXhRTGtfNVpHVlhiSjM3NmNmUzRYQ1pyb1R6Rmx2eUI4ZnJkY1BfSEVSUmNMVUlkeXdZM2txaWFiejY5YUZfY3hydkk0cC05eVJxa0VLY21FSjBJMDl5Zw?oc=5\" target=\"_blank\" rel=\"nofollow noopener\">Oto co Karol Nawrocki powiedzia\u0142 do kibic\u00f3w pod Jasn\u0105 G\u00f3r\u0105. Pojawi\u0142o si\u0119 nagranie<\/a>&nbsp;&nbsp;Przegl\u0105d Sportowy Onet<\/li>\n<li><a href=\"https:\/\/news.google.com\/rss\/articles\/CBMiwgFBVV95cUxOOXg5WWE2Zk5xbFM4TmhZNGliRTVvUXczOU5DZ3NuRjJ4WTFmNEtYNHVDQXVrMFJqMW1GZlFJandfZmVKLW1MMFFXenhTdUdwemt4UWh5Z1VTMEJpRW1RVGpoTTNmeWJTYU0xUzVac191eXV4Zi1tOXZ4cV9SbFp2TXFxcjBTcjdhLUk2bDFkaERkcG16ZWt2MlVWZDdwNlZPQi1fTElla25SNi1Zc2g1V25naVZHVzdRVlZBcEtxRVR0QQ?oc=5\" target=\"_blank\" rel=\"nofollow noopener\">Race i has\u0142a o wieszaniu komunist\u00f3w na b\u0142oniach Jasnej G\u00f3ry. Karol Nawrocki na pielgrzymce kibic\u00f3w<\/a>&nbsp;&nbsp;czestochowa.wyborcza.pl<\/li>\n<li><a href=\"https:\/\/news.google.com\/rss\/articles\/CBMiugFBVV95cUxPZ3hldDZtNDUxeXNlLTRjclNXMFprcklEVURpR1ZTU1ExQkhob2VRTVdQQ2FqeVFKVnBCd0l6LU1hMnB2OG5adlhoRFJEMEJubDlicEpFN3h3Ym9ncGhDcjg5RzNxM3dBYzJYWldaS0M2eC1FZjJ0MURYVTBHdkNQNzZTc3RCZGlqYkNBTW9VUU9DWUpyYjExYXZqM0F2aXRQQkdaMkdPSnpHUDBid29OWFFTaHhQLXpGaWc?oc=5\" target=\"_blank\" rel=\"nofollow noopener\">Znacz\u0105ca decyzja Nawrockiego, ukrywano to a\u017c do teraz. Niespodzianka na mszy \u015bwi\u0119tej<\/a>&nbsp;&nbsp;Sport w INTERIA.PL<\/li>\n<li><a href=\"https:\/\/news.google.com\/rss\/articles\/CBMi2AFBVV95cUxQN21fX2N4Tngxd0ZxMk9xVnI1M3ZJLUdPUVEzWFZaRWZ4SlZPUXJpNkdXb2lLZ01wTXpSRnBOUXEzbjhEeVFoQUkwNlMzTER5aHNzaExxQkZEWTRzRmlHLVpfcDJBNTBwXzktRlZCaU1USlpqLUltUUp4bWRDcUo3dHVPdnotRnp3Q1diS1hfcW1NQmJvaFl3aVlfbFNKLWVHZHMydnRQaXF2ZW5naWowTC1SVkUtMGxiOXl1ZXZ0ZFliVlNLbE04Tmh2bXMtS21JNjd1dGJzamI?oc=5\" target=\"_blank\" rel=\"nofollow noopener\">Tak Donald Tusk zareagowa\u0142, gdy us\u0142ysza\u0142 o planie Karola Nawrockiego. Przestroga<\/a>&nbsp;&nbsp;Przegl\u0105d Sportowy Onet<\/li>\n<li><a href=\"https:\/\/news.google.com\/rss\/articles\/CBMimAFBVV95cUxPWElQZ2szUDNUOHFzYW4tcUhldHNBNC1aalBiRktjY0hRS2xlVXgtdmFVVTRTWnZSQUtwZlM0QVZTaFlvT1ZrMXJOczhFOEhoT1MxRV9MbFMyRUZianVGX1NJMi1kVGs5NHh6YVk2RDVfYzBXUkpQOWZMQUJZdnVncDl4RzQ0VENPSElIRXNxQU5XS3MwbHlTNg?oc=5\" target=\"_blank\" rel=\"nofollow noopener\">Kierwi\u0144ski atakuje prezydenta! Odpowiedzieli pos\u0142owie PiS<\/a>&nbsp;&nbsp;wPolityce.pl<\/li>\n<\/ol>\n","protected":false},"excerpt":{"rendered":"Oto co Karol Nawrocki powiedzia\u0142 do kibic\u00f3w pod Jasn\u0105 G\u00f3r\u0105. Pojawi\u0142o si\u0119 nagranie&nbsp;&nbsp;Przegl\u0105d Sportowy Onet Race i has\u0142a&hellip;\n","protected":false},"author":2,"featured_media":198826,"comment_status":"","ping_status":"","sticky":false,"template":"","format":"standard","meta":{"footnotes":""},"categories":[5],"tags":[32,33,36,37,27,10622,67,2477,43,34,35,2806,551,28,31,25,549,42,38,40,39,41,136,128,47,135,29,30,26,130,4970],"class_list":{"0":"post-198825","1":"post","2":"type-post","3":"status-publish","4":"format-standard","5":"has-post-thumbnail","7":"category-naglowki","8":"tag-breaking-news","9":"tag-breakingnews","10":"tag-featured-news","11":"tag-featurednews","12":"tag-headlines","13":"tag-inne_sporty","14":"tag-intextvideo_splayer","15":"tag-jagiellonia_bialystok","16":"tag-karol_nawrocki","17":"tag-latest-news","18":"tag-latestnews","19":"tag-lech_poznan","20":"tag-lechia_gdansk","21":"tag-naglowki","22":"tag-najwazniejsze-artykuly","23":"tag-news","24":"tag-pber","25":"tag-pl","26":"tag-poland","27":"tag-polish","28":"tag-polska","29":"tag-polski","30":"tag-ps_detal_new","31":"tag-psv2","32":"tag-screening_general","33":"tag-sport_sport","34":"tag-top-stories","35":"tag-topstories","36":"tag-wiadomosci","37":"tag-wiadomosci_sportowe","38":"tag-wisla"},"share_on_mastodon":{"url":"","error":"Validation failed: Text character limit of 500 exceeded"},"_links":{"self":[{"href":"https:\/\/www.europesays.com\/pl\/wp-json\/wp\/v2\/posts\/198825","targetHints":{"allow":["GET"]}}],"collection":[{"href":"https:\/\/www.europesays.com\/pl\/wp-json\/wp\/v2\/posts"}],"about":[{"href":"https:\/\/www.europesays.com\/pl\/wp-json\/wp\/v2\/types\/post"}],"author":[{"embeddable":true,"href":"https:\/\/www.europesays.com\/pl\/wp-json\/wp\/v2\/users\/2"}],"replies":[{"embeddable":true,"href":"https:\/\/www.europesays.com\/pl\/wp-json\/wp\/v2\/comments?post=198825"}],"version-history":[{"count":0,"href":"https:\/\/www.europesays.com\/pl\/wp-json\/wp\/v2\/posts\/198825\/revisions"}],"wp:featuredmedia":[{"embeddable":true,"href":"https:\/\/www.europesays.com\/pl\/wp-json\/wp\/v2\/media\/198826"}],"wp:attachment":[{"href":"https:\/\/www.europesays.com\/pl\/wp-json\/wp\/v2\/media?parent=198825"}],"wp:term":[{"taxonomy":"category","embeddable":true,"href":"https:\/\/www.europesays.com\/pl\/wp-json\/wp\/v2\/categories?post=198825"},{"taxonomy":"post_tag","embeddable":true,"href":"https:\/\/www.europesays.com\/pl\/wp-json\/wp\/v2\/tags?post=198825"}],"curies":[{"name":"wp","href":"https:\/\/api.w.org\/{rel}","templated":true}]}}