{"id":198829,"date":"2026-01-11T06:58:10","date_gmt":"2026-01-11T06:58:10","guid":{"rendered":"https:\/\/www.europesays.com\/pl\/198829\/"},"modified":"2026-01-11T06:58:10","modified_gmt":"2026-01-11T06:58:10","slug":"makabryczne-odkrycie-w-filadelfii-w-domu-znaleziono-ponad-100-czaszek","status":"publish","type":"post","link":"https:\/\/www.europesays.com\/pl\/198829\/","title":{"rendered":"Makabryczne odkrycie w Filadelfii. W domu znaleziono ponad 100 czaszek"},"content":{"rendered":"<p class=\"ods-c-paragraph \">Jonathan Gerlach zosta\u0142 aresztowany w pobli\u017cu zabytkowej nekropolii, kiedy szed\u0142 w stron\u0119 auta z \u0142omem i workiem. Podejrzenia funkcjonariuszy wzbudzi\u0142 samoch\u00f3d m\u0119\u017cczyzny, cz\u0119sto zaparkowany w okolicy cmentarza. Jak si\u0119 okaza\u0142o, w jutowym worku m\u0119\u017cczyzna mia\u0142 zapakowane zmumifikowane szcz\u0105tki dw\u00f3jki ma\u0142ych dzieci, trzy czaszki oraz inne ko\u015bci.<\/p>\n<p class=\"ods-c-paragraph \">Dalszych odkry\u0107 funkcjonariusze dokonali w domu zatrzymanego oraz nale\u017c\u0105cym do niego magazynie. Gerlach przechowywa\u0142 tam ponad 100 ludzkich czaszek, ko\u015bci d\u0142ugich, zmumifikowane d\u0142onie i stopy, dwa rozk\u0142adaj\u0105ce si\u0119 tu\u0142owia oraz inne fragmenty zw\u0142ok. &#8222;By\u0142y w r\u00f3\u017cnym stanie. Niekt\u00f3re z nich wisia\u0142y, \u017ce tak powiem. Niekt\u00f3re by\u0142y posk\u0142adane, niekt\u00f3re czaszki po prostu le\u017ca\u0142y na p\u00f3\u0142ce&#8221; \u2014 relacjonuje prokurator Tanner Rouse w komunikacie zamieszczonym przez \u015bledczych.<\/p>\n<p>Dalszy ci\u0105g artyku\u0142u pod materia\u0142em wideo<\/p>\n<p> Co znaleziono w jutowym worku u Jonathana Gerlacha? <\/p>\n<p> Ile czaszek odkryli policjanci w domu Gerlacha? <\/p>\n<p> Jakie by\u0142y zarzuty postawione Jonathanowi Gerlachowi? <\/p>\n<p> Dlaczego m\u0119\u017cczyzna wykrada\u0142 zw\u0142oki? <\/p>\n<p>  Dom Gerlacha wygl\u0105da\u0142 jak plan horroru. Nie wiadomo dlaczego m\u0119\u017cczyzna wykrada\u0142 zw\u0142oki<\/p>\n<p class=\"ods-c-paragraph \">&#8222;Jak plan horroru, ale na \u017cywo. Naprawd\u0119, w najdos\u0142owniejszym tego s\u0142owa znaczeniu, przera\u017caj\u0105ce&#8221; \u2014 opisuje wn\u0119trze domu prokurator Rouse. Jeden z fragment\u00f3w zw\u0142ok nadal mia\u0142 przymocowany rozrusznik serca. W domu zatrzymanego policja odnalaz\u0142a r\u00f3wnie\u017c bi\u017cuteri\u0119 pochodz\u0105c\u0105 najprawdopodobniej z grob\u00f3w.<\/p>\n<p class=\"ods-c-paragraph \">Nie wiadomo, dlaczego m\u0119\u017cczyzna dokonywa\u0142 kradzie\u017cy. &#8222;Bior\u0105c pod uwag\u0119 skal\u0119 tego, z czym mamy do czynienia, oraz ca\u0142kowity brak racjonalnego wyja\u015bnienia, na tym etapie trudno jednoznacznie stwierdzi\u0107, co dok\u0142adnie si\u0119 wydarzy\u0142o. Staramy si\u0119 to ustali\u0107&#8221; \u2014 komentuje przedstawiciel prokuratury. Jak na razie Gerlach us\u0142ysza\u0142 zarzuty m.in. w\u0142amania, wtargni\u0119cia, zniewa\u017cenia miejsca poch\u00f3wku, kradzie\u017cy, a tak\u017ce wielokrotnego zniewa\u017cenia zw\u0142ok. Trafi\u0142 do aresztu z kaucj\u0105 w wysoko\u015bci 1 mln dol.<\/p>\n","protected":false},"excerpt":{"rendered":"Jonathan Gerlach zosta\u0142 aresztowany w pobli\u017cu zabytkowej nekropolii, kiedy szed\u0142 w stron\u0119 auta z \u0142omem i workiem. Podejrzenia&hellip;\n","protected":false},"author":2,"featured_media":198830,"comment_status":"","ping_status":"","sticky":false,"template":"","format":"standard","meta":{"footnotes":""},"categories":[14],"tags":[32,33,6633,17267,38336,27,34,35,28,31,48,25,46,40,41,47,80,29,30,71,26,82,83,84,8276],"class_list":{"0":"post-198829","1":"post","2":"type-post","3":"status-publish","4":"format-standard","5":"has-post-thumbnail","7":"category-swiat","8":"tag-breaking-news","9":"tag-breakingnews","10":"tag-ciekawe","11":"tag-cmentarze_groby","12":"tag-filadelfia","13":"tag-headlines","14":"tag-latest-news","15":"tag-latestnews","16":"tag-naglowki","17":"tag-najwazniejsze-artykuly","18":"tag-nat_styl","19":"tag-news","20":"tag-omp","21":"tag-polish","22":"tag-polski","23":"tag-screening_general","24":"tag-swiat","25":"tag-top-stories","26":"tag-topstories","27":"tag-usa","28":"tag-wiadomosci","29":"tag-world","30":"tag-world-news","31":"tag-worldnews","32":"tag-zwloki"},"share_on_mastodon":{"url":"https:\/\/pubeurope.com\/@pl\/115875171839377514","error":""},"_links":{"self":[{"href":"https:\/\/www.europesays.com\/pl\/wp-json\/wp\/v2\/posts\/198829","targetHints":{"allow":["GET"]}}],"collection":[{"href":"https:\/\/www.europesays.com\/pl\/wp-json\/wp\/v2\/posts"}],"about":[{"href":"https:\/\/www.europesays.com\/pl\/wp-json\/wp\/v2\/types\/post"}],"author":[{"embeddable":true,"href":"https:\/\/www.europesays.com\/pl\/wp-json\/wp\/v2\/users\/2"}],"replies":[{"embeddable":true,"href":"https:\/\/www.europesays.com\/pl\/wp-json\/wp\/v2\/comments?post=198829"}],"version-history":[{"count":0,"href":"https:\/\/www.europesays.com\/pl\/wp-json\/wp\/v2\/posts\/198829\/revisions"}],"wp:featuredmedia":[{"embeddable":true,"href":"https:\/\/www.europesays.com\/pl\/wp-json\/wp\/v2\/media\/198830"}],"wp:attachment":[{"href":"https:\/\/www.europesays.com\/pl\/wp-json\/wp\/v2\/media?parent=198829"}],"wp:term":[{"taxonomy":"category","embeddable":true,"href":"https:\/\/www.europesays.com\/pl\/wp-json\/wp\/v2\/categories?post=198829"},{"taxonomy":"post_tag","embeddable":true,"href":"https:\/\/www.europesays.com\/pl\/wp-json\/wp\/v2\/tags?post=198829"}],"curies":[{"name":"wp","href":"https:\/\/api.w.org\/{rel}","templated":true}]}}