{"id":198833,"date":"2026-01-11T07:00:14","date_gmt":"2026-01-11T07:00:14","guid":{"rendered":"https:\/\/www.europesays.com\/pl\/198833\/"},"modified":"2026-01-11T07:00:14","modified_gmt":"2026-01-11T07:00:14","slug":"iga-swiatek-belinda-bencic-gdzie-ogladac-starcie-finalu-united-cup-kiedy-poczatek","status":"publish","type":"post","link":"https:\/\/www.europesays.com\/pl\/198833\/","title":{"rendered":"Iga \u015awi\u0105tek &#8211; Belinda Benci\u0107. Gdzie ogl\u0105da\u0107 starcie fina\u0142u United Cup? Kiedy pocz\u0105tek?"},"content":{"rendered":"\n<p class=\"contentpart contentpart--default contentpart--text\" data-position=\"0\">Iga \u015awi\u0105tek &#8211; Belinda Benci\u0107. Gdzie ogl\u0105da\u0107 pierwszy starcie meczu Polska &#8211; Szwajcaria w United Cup? Kiedy start?<\/p>\n<p class=\"contentpart contentpart--default contentpart--text\" data-position=\"1\">W niedziel\u0119, 11 stycznia reprezentacja Polski powalczy o awans o tytu\u0142 w tegorocznej edycji <a href=\"https:\/\/sportowefakty.wp.pl\/tenis\/united-cup\" rel=\"nofollow noopener\" target=\"_blank\">United Cup<\/a>. Bia\u0142o-Czerwoni maj\u0105 przed sob\u0105 rywalizacj\u0119 ze Szwajcari\u0105, w kt\u00f3rej b\u0119d\u0105 faworytami.<\/p>\n<p> <img role=\"presentation\" src=\"https:\/\/std.wpcdn.pl\/images\/adv\/placeholder_wp.svg\" loading=\"lazy\" alt=\"\" decoding=\"async\"\/>  <\/p>\n<p class=\"contentpart contentpart--default contentpart--text\" data-position=\"2\">W pierwszej kolejno\u015bci na korcie pojawi\u0105 si\u0119 <a href=\"https:\/\/sportowefakty.wp.pl\/tenis\/iga-swiatek\" rel=\"nofollow noopener\" target=\"_blank\">Iga \u015awi\u0105tek<\/a>\u00a0i <a href=\"https:\/\/sportowefakty.wp.pl\/tenis\/belinda-bencic\" rel=\"nofollow noopener\" target=\"_blank\">Belinda Benci\u0107<\/a>, kt\u00f3re rozpoczn\u0105 sw\u00f3j pojedynek oko\u0142o godziny 7:30 naszego czasu. Po zako\u0144czeniu tej rywalizacji zmierz\u0105 si\u0119 ze sob\u0105 Hubert Hurkacz i Stan Wawrinka.<\/p>\n<p class=\"contentpart contentpart--default contentpart--text\" data-position=\"3\">ZOBACZ WIDEO: Ma 40 lat. By\u0142a miss Polski wci\u0105\u017c zachwyca<\/p>\n<p class=\"contentpart contentpart--default contentpart--text\" data-position=\"5\">\u015awi\u0105tek b\u0119dzie faworytk\u0105 starcia z Benci\u0107, mimo \u017ce ostatnio przegra\u0142a z Coco Gauff. Do tej pory nasza tenisistka stoczy\u0142a z ni\u0105 sze\u015b\u0107 pojedynk\u00f3w i przegra\u0142a tylko raz. Polka ostatnio ogra\u0142a j\u0105 w pa\u017adzierniku 2025 roku w Wuhan.\u00a0Transmisja telewizyjna tej rywalizacji na Polsacie Sport 1.<\/p>\n<p class=\"contentpart contentpart--default contentpart--text\" data-position=\"6\">Pojedynek Iga \u015awi\u0105tek &#8211; Belinda Benci\u0107 w internecie. Gdzie znale\u017a\u0107 stream online z meczu [b]Polska &#8211; Szwajcaria w United Cup?[\/b]<\/p>\n<p> <img role=\"presentation\" src=\"https:\/\/std.wpcdn.pl\/images\/adv\/placeholder_wp.svg\" loading=\"lazy\" alt=\"\" decoding=\"async\"\/>  <\/p>\n<p class=\"contentpart contentpart--default contentpart--text\" data-position=\"7\">Starcie z udzia\u0142em Igi \u015awi\u0105tek i Belindy Benci\u0107, a tak\u017ce ca\u0142\u0105 rywalizacj\u0119 Polski ze Szwajcari\u0105, b\u0119dzie mo\u017cna \u015bledzi\u0107 tak\u017ce w internecie. Transmisja dost\u0119pna na stronie i w aplikacji Polsat Box Go (po wykupieniu odpowiedniego pakietu). Z kolei relacj\u0119 tekstow\u0105 LIVE przeprowadzi portal WP SportoweFakty.<\/p>\n<p class=\"contentpart contentpart--default contentpart--text\" data-position=\"8\"><a href=\"https:\/\/sportowefakty.wp.pl\/tenis\/relacja-na-zywo\/176261\/iga-swiatek-belinda-bencic-live\" rel=\"nofollow noopener\" target=\"_blank\">Darmowa relacja LIVE z meczu Iga \u015awi\u0105tek &#8211; Belinda Benci\u0107 na WP SportoweFakty<\/a>.<\/p>\n<p class=\"contentpart contentpart--default contentpart--text\" data-position=\"9\">Pocz\u0105tek meczu Iga \u015awi\u0105tek &#8211; Belinda Benci\u0107:\u00a0godz. 7:30. Transmisja TV: Polsat Sport 1. Stream online: Polsat Box Go (po wykupieniu odpowiedniego pakietu). Relacja LIVE: WP SportoweFakty.<\/p>\n","protected":false},"excerpt":{"rendered":"Iga \u015awi\u0105tek &#8211; Belinda Benci\u0107. Gdzie ogl\u0105da\u0107 pierwszy starcie meczu Polska &#8211; Szwajcaria w United Cup? Kiedy start?&hellip;\n","protected":false},"author":2,"featured_media":198834,"comment_status":"","ping_status":"","sticky":false,"template":"","format":"standard","meta":{"footnotes":""},"categories":[5],"tags":[995,6074,32,33,36,37,27,158,34,35,28,31,25,42,38,40,39,41,755,30241,2238,156,29,30,22461,26,157],"class_list":{"0":"post-198833","1":"post","2":"type-post","3":"status-publish","4":"format-standard","5":"has-post-thumbnail","7":"category-naglowki","8":"tag-australia","9":"tag-belinda-bencic","10":"tag-breaking-news","11":"tag-breakingnews","12":"tag-featured-news","13":"tag-featurednews","14":"tag-headlines","15":"tag-iga-swiatek","16":"tag-latest-news","17":"tag-latestnews","18":"tag-naglowki","19":"tag-najwazniejsze-artykuly","20":"tag-news","21":"tag-pl","22":"tag-poland","23":"tag-polish","24":"tag-polska","25":"tag-polski","26":"tag-polski-tenis","27":"tag-sydney","28":"tag-szwajcaria","29":"tag-tenis","30":"tag-top-stories","31":"tag-topstories","32":"tag-united-cup","33":"tag-wiadomosci","34":"tag-wta"},"share_on_mastodon":{"url":"https:\/\/pubeurope.com\/@pl\/115875179566960476","error":""},"_links":{"self":[{"href":"https:\/\/www.europesays.com\/pl\/wp-json\/wp\/v2\/posts\/198833","targetHints":{"allow":["GET"]}}],"collection":[{"href":"https:\/\/www.europesays.com\/pl\/wp-json\/wp\/v2\/posts"}],"about":[{"href":"https:\/\/www.europesays.com\/pl\/wp-json\/wp\/v2\/types\/post"}],"author":[{"embeddable":true,"href":"https:\/\/www.europesays.com\/pl\/wp-json\/wp\/v2\/users\/2"}],"replies":[{"embeddable":true,"href":"https:\/\/www.europesays.com\/pl\/wp-json\/wp\/v2\/comments?post=198833"}],"version-history":[{"count":0,"href":"https:\/\/www.europesays.com\/pl\/wp-json\/wp\/v2\/posts\/198833\/revisions"}],"wp:featuredmedia":[{"embeddable":true,"href":"https:\/\/www.europesays.com\/pl\/wp-json\/wp\/v2\/media\/198834"}],"wp:attachment":[{"href":"https:\/\/www.europesays.com\/pl\/wp-json\/wp\/v2\/media?parent=198833"}],"wp:term":[{"taxonomy":"category","embeddable":true,"href":"https:\/\/www.europesays.com\/pl\/wp-json\/wp\/v2\/categories?post=198833"},{"taxonomy":"post_tag","embeddable":true,"href":"https:\/\/www.europesays.com\/pl\/wp-json\/wp\/v2\/tags?post=198833"}],"curies":[{"name":"wp","href":"https:\/\/api.w.org\/{rel}","templated":true}]}}