{"id":198837,"date":"2026-01-11T07:06:10","date_gmt":"2026-01-11T07:06:10","guid":{"rendered":"https:\/\/www.europesays.com\/pl\/198837\/"},"modified":"2026-01-11T07:06:10","modified_gmt":"2026-01-11T07:06:10","slug":"potezne-sniezyce-szaleja-nad-polska-alerty-imgw-w-wiekszosci-polski-mapy","status":"publish","type":"post","link":"https:\/\/www.europesays.com\/pl\/198837\/","title":{"rendered":"Pot\u0119\u017cne \u015bnie\u017cyce szalej\u0105 nad Polsk\u0105. Alerty IMGW w wi\u0119kszo\u015bci Polski [MAPY]"},"content":{"rendered":"<p class=\"ods-c-paragraph \"><a href=\"https:\/\/wiadomosci.onet.pl\/snieg\" id=\"c0323859-89c8-403f-b513-5b573204d6bc\" rel=\"nofollow noopener\" target=\"_blank\">\u015anie\u017cny<\/a> pas przez ca\u0142\u0105 noc rozci\u0105ga\u0142 si\u0119 od \u015al\u0105ska, Ma\u0142opolski i Podkarpacia po centrum, Pomorze Wschodnie i \u015arodkowe. W dalszym ci\u0105gu mocno tam sypie, zw\u0142aszcza na p\u00f3\u0142nocy i to w\u0142a\u015bnie ten obszar dzi\u015b oraz najbli\u017cszej nocy b\u0119dzie najbardziej zagro\u017cony intensywnymi opadami \u015bniegu.<\/p>\n<p>Dalszy ci\u0105g artyku\u0142u pod materia\u0142em wideo<\/p>\n<p> Jakie obszary Polski s\u0105 obj\u0119te alertami IMGW? <\/p>\n<p> Ile \u015bniegu mo\u017ce spa\u015b\u0107 w Podbeskidziu? <\/p>\n<p> Jakie zjawiska pogodowe przewiduje IMGW na dzi\u015b? <\/p>\n<p> Do kiedy prognozowane s\u0105 intensywne opady \u015bniegu? <\/p>\n<p>  Powa\u017cne za\u0142amanie pogody w Polsce. B\u0119d\u0105 \u015bnie\u017cyce, zawieje oraz zamiecie. IMGW bije na alarm<\/p>\n<p class=\"ods-c-paragraph \">Ostrze\u017cenia przed \u015bnie\u017cycami zosta\u0142y rozszerzone przez <a href=\"https:\/\/wiadomosci.onet.pl\/imgw\" id=\"779c39e7-a91a-449e-b7d3-6fa68330893c\" rel=\"nofollow noopener\" target=\"_blank\">IMGW<\/a>. Aktualnie obejmuj\u0105 nast\u0119puj\u0105ce regiony: <\/p>\n<ul class=\"ods-m-bullet-list\">\n<li class=\"ods-a-bullet ods-a-bullet--normal\"> po\u0142udniowe powiaty woj. \u015bl\u0105skiego, ma\u0142opolskiego i podkarpackiego,  <\/li>\n<li class=\"ods-a-bullet ods-a-bullet--normal\"> woj. pomorskie,  <\/li>\n<li class=\"ods-a-bullet ods-a-bullet--normal\"> zach\u00f3d woj. warmi\u0144sko-mazurskiego,  <\/li>\n<li class=\"ods-a-bullet ods-a-bullet--normal\"> wsch\u00f3d i \u015brodkowe powiaty woj. \u0142\u00f3dzkiego i zachodniopomorskiego,  <\/li>\n<li class=\"ods-a-bullet ods-a-bullet--normal\"> p\u00f3\u0142noc woj. kujawsko-pomorskiego i wielkopolskiego, <\/li>\n<li class=\"ods-a-bullet ods-a-bullet--normal\"> zachodni\u0105 oraz po\u0142udniow\u0105 cz\u0119\u015b\u0107 woj. mazowieckiego. <\/li>\n<\/ul>\n<p class=\"ods-c-paragraph \">Do poniedzia\u0142ku prognozowane s\u0105 tam \u015bnie\u017cyce powoduj\u0105ce przyrost pokrywy \u015bnie\u017cnej o 10-15 cm. Natomiast na Podbeskidziu, Podhalu, \u017bu\u0142awach, Pomorzu Wschodnim i \u015arodkowym, gdzie obowi\u0105zuj\u0105 pomara\u0144czowe alerty, spa\u015b\u0107 mo\u017ce \u0142\u0105cznie 15-30 cm bia\u0142ego puchu, a punktowo nawet 40-50 cm. Zjawiska maj\u0105 mie\u0107 charakter zar\u00f3wno kr\u00f3tkotrwa\u0142ych, obfitych opad\u00f3w (g\u0142\u00f3wnie na p\u00f3\u0142nocy), jak i s\u0142abszych, ale ci\u0105g\u0142ych \u015bnie\u017cyc (szczeg\u00f3lnie centrum i po\u0142udnie kraju).<\/p>\n<p><img decoding=\"async\" src=\"https:\/\/www.europesays.com\/pl\/wp-content\/uploads\/2026\/01\/plRk9lBaHR0cHM6Ly9vY2RuLmV1L3B1bHNjbXMvTURBXy83MDExZWU1MzI4ZThkZWMwYWVkYzQwZTEwMmJhNTRmMy5wbmeRlQLNB.jpeg\" height=\"466\" width=\"500\" alt=\"Ostrze\u017cenia przed \u015bnie\u017ccami obowi\u0105zuj\u0105 na p\u00f3\u0142nocy, cz\u0119\u015bciowo w centrum Polski oraz w rejonach podg\u00f3rskich\" loading=\"lazy\" class=\"ods-c-image__img ods-c-image__img--viewport-width\"\/><\/p>\n<p>Ostrze\u017cenia przed \u015bnie\u017ccami obowi\u0105zuj\u0105 na p\u00f3\u0142nocy, cz\u0119\u015bciowo w centrum Polski oraz w rejonach podg\u00f3rskichIMGW-PIB METEO POLSKA<\/p>\n<p class=\"ods-c-paragraph \">Co wi\u0119cej, opadom \u015bniegu towarzyszy\u0107 ma <a href=\"https:\/\/wiadomosci.onet.pl\/wiatr\" id=\"31253cfb-bacd-4bf5-968a-a744c82d4800\" rel=\"nofollow noopener\" target=\"_blank\">silny wiatr<\/a>, kt\u00f3ry b\u0119dzie powodowa\u0142 zawieje i zamiecie \u015bnie\u017cne mocno ograniczaj\u0105ce widzialno\u015b\u0107. Alerty przed nimi obowi\u0105zuj\u0105 dzi\u015b od wi\u0119kszo\u015bci \u015al\u0105ska, Ma\u0142opolski i Podkarpacia, przez wschodni\u0105 i \u015brodkow\u0105 Wielkopolsk\u0119 po zachodnie Kujawy i Pomorze. Lokalnie i na tym obszarze przyb\u0119dzie do kilkunastu cm bia\u0142ego puchu. Prognozowane porywy wiatru wynosz\u0105 50-60 km na godz., a nad morzem do 85 km na godz.<\/p>\n<p><img decoding=\"async\" src=\"https:\/\/www.europesays.com\/pl\/wp-content\/uploads\/2026\/01\/pdlk9lBaHR0cHM6Ly9vY2RuLmV1L3B1bHNjbXMvTURBXy8xMjExMzQ2YmZkYWQ1YmI2NTI0MjBjNTAxZWE3M2M0Zi5wbmeRlQLNB.jpeg\" height=\"460\" width=\"488\" alt=\"Od Pomorza po Wielkopolsk\u0119 i po\u0142udnie uwa\u017cajmy dzi\u015b te\u017c na zawieje oraz zamiecie \u015bnie\u017cne\" loading=\"lazy\" class=\"ods-c-image__img ods-c-image__img--viewport-width\"\/><\/p>\n<p>Od Pomorza po Wielkopolsk\u0119 i po\u0142udnie uwa\u017cajmy dzi\u015b te\u017c na zawieje oraz zamiecie \u015bnie\u017cneIMGW-PIB METEO POLSKA<\/p>\n<p class=\"ods-c-paragraph \">Niestety, jest du\u017ce ryzyko, \u017ce dzisiejsze opady przez to, \u017ce b\u0119d\u0105 intensywne, wyst\u0105pi\u0105 wraz z wiatrem i obejm\u0105 du\u017cy obszar, spowoduj\u0105 lokalnie utrudnienia komunikacyjne, a nawet parali\u017c. Dotyczy to g\u0142\u00f3wnie p\u00f3\u0142nocnej Polski i obszar\u00f3w podg\u00f3rskich. Aura uspokoi\u0107 powinna si\u0119 dopiero w poniedzia\u0142ek w ci\u0105gu dnia.<\/p>\n","protected":false},"excerpt":{"rendered":"\u015anie\u017cny pas przez ca\u0142\u0105 noc rozci\u0105ga\u0142 si\u0119 od \u015al\u0105ska, Ma\u0142opolski i Podkarpacia po centrum, Pomorze Wschodnie i \u015arodkowe.&hellip;\n","protected":false},"author":2,"featured_media":198838,"comment_status":"","ping_status":"","sticky":false,"template":"","format":"standard","meta":{"footnotes":""},"categories":[12],"tags":[32,33,36,37,27,34,35,28,31,48,25,46,16382,42,78,38,40,39,41,47,7312,29,30,26,15021],"class_list":{"0":"post-198837","1":"post","2":"type-post","3":"status-publish","4":"format-standard","5":"has-post-thumbnail","7":"category-polska","8":"tag-breaking-news","9":"tag-breakingnews","10":"tag-featured-news","11":"tag-featurednews","12":"tag-headlines","13":"tag-latest-news","14":"tag-latestnews","15":"tag-naglowki","16":"tag-najwazniejsze-artykuly","17":"tag-nat_styl","18":"tag-news","19":"tag-omp","20":"tag-ostrzezenia_imgw","21":"tag-pl","22":"tag-pogoda","23":"tag-poland","24":"tag-polish","25":"tag-polska","26":"tag-polski","27":"tag-screening_general","28":"tag-snieg","29":"tag-top-stories","30":"tag-topstories","31":"tag-wiadomosci","32":"tag-wichury"},"share_on_mastodon":{"url":"https:\/\/pubeurope.com\/@pl\/115875203309504376","error":""},"_links":{"self":[{"href":"https:\/\/www.europesays.com\/pl\/wp-json\/wp\/v2\/posts\/198837","targetHints":{"allow":["GET"]}}],"collection":[{"href":"https:\/\/www.europesays.com\/pl\/wp-json\/wp\/v2\/posts"}],"about":[{"href":"https:\/\/www.europesays.com\/pl\/wp-json\/wp\/v2\/types\/post"}],"author":[{"embeddable":true,"href":"https:\/\/www.europesays.com\/pl\/wp-json\/wp\/v2\/users\/2"}],"replies":[{"embeddable":true,"href":"https:\/\/www.europesays.com\/pl\/wp-json\/wp\/v2\/comments?post=198837"}],"version-history":[{"count":0,"href":"https:\/\/www.europesays.com\/pl\/wp-json\/wp\/v2\/posts\/198837\/revisions"}],"wp:featuredmedia":[{"embeddable":true,"href":"https:\/\/www.europesays.com\/pl\/wp-json\/wp\/v2\/media\/198838"}],"wp:attachment":[{"href":"https:\/\/www.europesays.com\/pl\/wp-json\/wp\/v2\/media?parent=198837"}],"wp:term":[{"taxonomy":"category","embeddable":true,"href":"https:\/\/www.europesays.com\/pl\/wp-json\/wp\/v2\/categories?post=198837"},{"taxonomy":"post_tag","embeddable":true,"href":"https:\/\/www.europesays.com\/pl\/wp-json\/wp\/v2\/tags?post=198837"}],"curies":[{"name":"wp","href":"https:\/\/api.w.org\/{rel}","templated":true}]}}