{"id":198841,"date":"2026-01-11T07:08:07","date_gmt":"2026-01-11T07:08:07","guid":{"rendered":"https:\/\/www.europesays.com\/pl\/198841\/"},"modified":"2026-01-11T07:08:07","modified_gmt":"2026-01-11T07:08:07","slug":"iga-swiatek-belinda-bencic-w-finale-united-cup-relacja-na-zywo","status":"publish","type":"post","link":"https:\/\/www.europesays.com\/pl\/198841\/","title":{"rendered":"Iga \u015awi\u0105tek &#8211; Belinda Benci\u0107 w finale United Cup. Relacja na \u017cywo"},"content":{"rendered":"<p>Rozpocz\u0119cie relacji: niedziela, 11 stycznia 2026 godz. 07:30<\/p>\n<p>Polska i Szwajcaria zmierz\u0105 si\u0119 w finale United Cup 2026 w Sydney, a w pierwszym singlowym starciu Iga \u015awi\u0105tek zagra z Belind\u0105 Benci\u0107. \u015awi\u0105tek, liderka polskiej dru\u017cyny i jedna z faworytek turnieju, b\u0119dzie chcia\u0142a narzuci\u0107 sw\u00f3j rytm przeciwko niez\u0142omnej Benci\u0107, kt\u00f3ra poprowadzi\u0142a Szwajcar\u00f3w do ich pierwszego w historii fina\u0142u tej imprezy, pozostaj\u0105c niepokonana w singlu w tym sezonie. Starcie na korcie zaplanowano jako otwarcie fina\u0142owych rozgrywek 10 stycznia wieczorem czasu lokalnego w Sydney, a wynik tej konfrontacji mo\u017ce da\u0107 kluczow\u0105 przewag\u0119 jednemu z zespo\u0142\u00f3w w walce o tytu\u0142. Zapraszamy na relacj\u0119 na \u017cywo.<\/p>\n","protected":false},"excerpt":{"rendered":"Rozpocz\u0119cie relacji: niedziela, 11 stycznia 2026 godz. 07:30 Polska i Szwajcaria zmierz\u0105 si\u0119 w finale United Cup 2026&hellip;\n","protected":false},"author":2,"featured_media":198842,"comment_status":"","ping_status":"","sticky":false,"template":"","format":"standard","meta":{"footnotes":""},"categories":[24],"tags":[42,38,40,39,41,127,126],"class_list":{"0":"post-198841","1":"post","2":"type-post","3":"status-publish","4":"format-standard","5":"has-post-thumbnail","7":"category-sport","8":"tag-pl","9":"tag-poland","10":"tag-polish","11":"tag-polska","12":"tag-polski","13":"tag-sport","14":"tag-sports"},"share_on_mastodon":{"url":"https:\/\/pubeurope.com\/@pl\/115875211036175202","error":""},"_links":{"self":[{"href":"https:\/\/www.europesays.com\/pl\/wp-json\/wp\/v2\/posts\/198841","targetHints":{"allow":["GET"]}}],"collection":[{"href":"https:\/\/www.europesays.com\/pl\/wp-json\/wp\/v2\/posts"}],"about":[{"href":"https:\/\/www.europesays.com\/pl\/wp-json\/wp\/v2\/types\/post"}],"author":[{"embeddable":true,"href":"https:\/\/www.europesays.com\/pl\/wp-json\/wp\/v2\/users\/2"}],"replies":[{"embeddable":true,"href":"https:\/\/www.europesays.com\/pl\/wp-json\/wp\/v2\/comments?post=198841"}],"version-history":[{"count":0,"href":"https:\/\/www.europesays.com\/pl\/wp-json\/wp\/v2\/posts\/198841\/revisions"}],"wp:featuredmedia":[{"embeddable":true,"href":"https:\/\/www.europesays.com\/pl\/wp-json\/wp\/v2\/media\/198842"}],"wp:attachment":[{"href":"https:\/\/www.europesays.com\/pl\/wp-json\/wp\/v2\/media?parent=198841"}],"wp:term":[{"taxonomy":"category","embeddable":true,"href":"https:\/\/www.europesays.com\/pl\/wp-json\/wp\/v2\/categories?post=198841"},{"taxonomy":"post_tag","embeddable":true,"href":"https:\/\/www.europesays.com\/pl\/wp-json\/wp\/v2\/tags?post=198841"}],"curies":[{"name":"wp","href":"https:\/\/api.w.org\/{rel}","templated":true}]}}