{"id":198845,"date":"2026-01-11T07:12:09","date_gmt":"2026-01-11T07:12:09","guid":{"rendered":"https:\/\/www.europesays.com\/pl\/198845\/"},"modified":"2026-01-11T07:12:09","modified_gmt":"2026-01-11T07:12:09","slug":"usa-protesty-po-zastrzeleniu-37-latki-przez-ice-na-ulicach-tysiace-osob","status":"publish","type":"post","link":"https:\/\/www.europesays.com\/pl\/198845\/","title":{"rendered":"USA. Protesty po zastrzeleniu 37-latki przez ICE. Na ulicach tysi\u0105ce os\u00f3b"},"content":{"rendered":"<ul class=\"typography ids-typeset-body ids-typeset-body--preset-large list ids-list ids-list--unordered ids-list--size-large \" datatype=\"disc\">\n<li class=\"ids-list-item\">\n<p>Tysi\u0105ce os\u00f3b wysz\u0142o na ulice Minneapolis i innych miast w USA, protestuj\u0105c przeciwko dzia\u0142aniom ICE po \u015bmierci Renee Good.<\/p>\n<\/li>\n<li class=\"ids-list-item\">\n<p>Demonstracje przyci\u0105gn\u0119\u0142y uwag\u0119 opinii publicznej oraz polityk\u00f3w, kt\u00f3rzy domagaj\u0105 si\u0119 wyja\u015bnienia okoliczno\u015bci tragedii i zmian w polityce imigracyjnej.<\/p>\n<\/li>\n<li class=\"ids-list-item\">\n<p>W\u0142adze r\u00f3\u017cnie t\u0142umacz\u0105 incydent \u2013 wed\u0142ug s\u0142u\u017cb agent dzia\u0142a\u0142 w samoobronie, jednak liderzy demokrat\u00f3w i uczestnicy manifestacji kwestionuj\u0105 takie stanowisko.<\/p>\n<\/li>\n<li class=\"ids-list-item\">Wi\u0119cej wa\u017cnych informacji znajdziesz na <a class=\"ids-undecorated-link link ids-link link\" href=\"https:\/\/www.interia.pl\/#utm_source=wydarzenia&amp;utm_medium=bullet&amp;utm_campaign=powrot_z_wew&amp;iwa_source=bullet\" target=\"_blank\" rel=\"nofollow noopener\">stronie g\u0142\u00f3wnej Interii<\/a><\/li>\n<\/ul>\n<p class=\"typography ids-typeset-body ids-typeset-body--preset-large link paragraph ids-paragraph ids-paragraph--default\">Manifestacja Minneapolis w by\u0142a cz\u0119\u015bci\u0105 og\u00f3lnokrajowej fali ponad tysi\u0105ca przeprowadzonych w weekend protest\u00f3w\u00a0przeciwko federalnej polityce deportacyjnej. Mia\u0142y one miejsce m.in. w <a href=\"https:\/\/wydarzenia.interia.pl\/tematy-nowy-jork,gsbi,4435\" rel=\"nofollow noopener\" target=\"_blank\">Nowym Jorku<\/a> i Filadelfii.<\/p>\n<p>USA. Tysi\u0105ce os\u00f3b uczestniczy\u0142o w protestach przeciwko s\u0142u\u017cbom imigracyjnym<\/p>\n<p class=\"typography ids-typeset-body ids-typeset-body--preset-large link paragraph ids-paragraph ids-paragraph--default\">W Minneapolis t\u0142um prowadzony przez grup\u0119 rdzennych meksyka\u0144skich tancerzy przeszed\u0142 ulic\u0105, na kt\u00f3rej Renee Good zgin\u0119\u0142a w swoim samochodzie. Policja szacuje, \u017ce w marszu wzi\u0119\u0142o udzia\u0142 kilkadziesi\u0105t tysi\u0119cy os\u00f3b. Skandowano: &#8222;Zlikwidowa\u0107 ICE!&#8221; (Urz\u0105d ds. imigracji i egzekwowania ce\u0142) oraz &#8222;Nie ma sprawiedliwo\u015bci, nie ma pokoju &#8211; precz z ICE z naszych ulic!&#8221;.<\/p>\n<p class=\"typography ids-typeset-body ids-typeset-body--preset-large link paragraph ids-paragraph ids-paragraph--default\">&#8211; Jestem potwornie w\u015bciek\u0142a i zdruzgotana, a jednocze\u015bnie mam nadziej\u0119, \u017ce to w ko\u0144cu co\u015b zmieni &#8211; powiedzia\u0142a agencji Reutera Ellison Montgomery, jedna z uczestniczek protestu.<\/p>\n<p class=\"typography ids-typeset-body ids-typeset-body--preset-large link paragraph ids-paragraph ids-paragraph--default\">Okoliczno\u015bci \u015brodowego tragicznego incydentu nie zosta\u0142y dotychczas jednoznacznie wyja\u015bnione. Demokratyczni liderzy Minnesoty uznali u\u017cycie broni przez funkcjonariusza za nieuzasadnione, powo\u0142uj\u0105c si\u0119 na dost\u0119pne\u00a0nagranie zrobione przez \u015bwiadka. Wida\u0107 na nim, \u017ce samoch\u00f3d Good odje\u017cd\u017ca\u0142 w chwili, gdy agent odda\u0142 strza\u0142.<\/p>\n<p class=\"typography ids-typeset-body ids-typeset-body--preset-large link paragraph ids-paragraph ids-paragraph--default\">Z kolei departament bezpiecze\u0144stwa krajowego (DHS) twierdzi, \u017ce funkcjonariusz dzia\u0142a\u0142 w samoobronie, poniewa\u017c kobieta mia\u0142a ruszy\u0107 autem w jego stron\u0119 po wezwaniu do opuszczenia pojazdu. Wed\u0142ug DHS agent pr\u00f3bowa\u0142 zapobiec u\u017cyciu samochodu jako broni.<\/p>\n<p>Agent ICE zastrzeli\u0142 37-latk\u0119. Na ulicach USA zawrza\u0142o, seria protest\u00f3w<\/p>\n<p class=\"typography ids-typeset-body ids-typeset-body--preset-large link paragraph ids-paragraph ids-paragraph--default\">Napi\u0119cie w regionie Minneapolis-St. Paul wzros\u0142o po skierowaniu tam ok. 2 tys. funkcjonariuszy federalnych w ramach najwi\u0119kszej w historii operacji ICE. Gniew opinii publicznej podsyci\u0142 te\u017c incydent z Portland, w stanie Oregon, gdzie agent stra\u017cy granicznej postrzeli\u0142 dwie osoby podczas kontroli drogowej.<\/p>\n<p class=\"typography ids-typeset-body ids-typeset-body--preset-large link paragraph ids-paragraph ids-paragraph--default\">Wydarzenia te skonsolidowa\u0142y organizacje obywatelskie pod wsp\u00f3lnym has\u0142em &#8222;ICE Out For Good&#8221;. Jest to gra s\u0142\u00f3w: z jednej strony \u017c\u0105danie, by ICE znikn\u0119\u0142a &#8222;na zawsze&#8221; (for good), z drugiej &#8211; by wycofa\u0142a si\u0119 &#8222;dla Good&#8221; (w ho\u0142dzie zastrzelonej Renee Good)&#8221;.<\/p>\n<p class=\"typography ids-typeset-body ids-typeset-body--preset-large link paragraph ids-paragraph ids-paragraph--default\">Burmistrz Minneapolis, Jacob Frey, podkre\u015bli\u0142, \u017ce\u00a0wi\u0119kszo\u015b\u0107 protest\u00f3w przebiega\u0142a pokojowo, cho\u0107 ostrzeg\u0142 przed niszczeniem mienia &#8211; w pi\u0105tek dosz\u0142o do akt\u00f3w wandalizmu i 29 aresztowa\u0144. &#8211; Nie b\u0119dziemy odpowiada\u0107 na chaos wywo\u0142any przez <a href=\"https:\/\/wydarzenia.interia.pl\/tematy-donald-trump,gsbi,16\" rel=\"nofollow noopener\" target=\"_blank\">Donalda Trumpa<\/a> naszym w\u0142asnym chaosem. On chce, \u017ceby\u015bmy dali si\u0119 sprowokowa\u0107 &#8211; doda\u0142 burmistrz.<\/p>\n<p class=\"typography ids-typeset-body ids-typeset-body--preset-large link paragraph ids-paragraph ids-paragraph--default\">W sobot\u0119 troje kongresmen\u00f3w <a href=\"https:\/\/wydarzenia.interia.pl\/tematy-partia-demokratyczna,gsbi,1010\" rel=\"nofollow noopener\" target=\"_blank\">Partii Demokratycznej<\/a> pr\u00f3bowa\u0142o przeprowadzi\u0107 kontrol\u0119 w regionalnej siedzibie ICE, by sprawdzi\u0107 warunki, w jakich przebywaj\u0105 osoby zatrzymane. Odm\u00f3wiono im jednak wst\u0119pu. &#8211; Jasno dali\u015bmy do zrozumienia kierownictwu ICE i DHS, \u017ce \u0142ami\u0105 prawo federalne &#8211; o\u015bwiadczy\u0142a deputowana Angie Craig. &#8211; Naszym obowi\u0105zkiem jest dopilnowanie, by zatrzymani byli traktowani humanitarnie &#8211; o\u015bwiadczy\u0142a Craig.<\/p>\n<p>Sasin o dzia\u0142aniach Tuska w sprawie umowy z krajami Mercosur: Zdrada interes\u00f3w Polski i polskiego rolnictwaPolsat NewsPolsat News<\/p>\n<p><a class=\"ids-undecorated-link source ids-page-info--source__link\" href=\"https:\/\/p.iplsc.com\/-\/000L0SCEGA4O3ESS.pdf\" rel=\"nofollow noopener\" target=\"_blank\"><img decoding=\"async\" class=\"ids-image-holder__img\" loading=\"lazy\" alt=\"\" title=\"\" height=\"24px\" src=\"https:\/\/www.europesays.com\/pl\/wp-content\/uploads\/2026\/01\/1767424989_457_0009A6098CYXTC6T-C202-F4.webp.webp\"\/><\/a><\/p>\n<p>Masz sugestie, uwagi albo widzisz b\u0142\u0105d? Napisz do nas<\/p>\n","protected":false},"excerpt":{"rendered":"Tysi\u0105ce os\u00f3b wysz\u0142o na ulice Minneapolis i innych miast w USA, protestuj\u0105c przeciwko dzia\u0142aniom ICE po \u015bmierci Renee&hellip;\n","protected":false},"author":2,"featured_media":198846,"comment_status":"","ping_status":"","sticky":false,"template":"","format":"standard","meta":{"footnotes":""},"categories":[14],"tags":[32,33,27,34,35,28,31,25,40,41,80,29,30,26,82,83,84],"class_list":{"0":"post-198845","1":"post","2":"type-post","3":"status-publish","4":"format-standard","5":"has-post-thumbnail","7":"category-swiat","8":"tag-breaking-news","9":"tag-breakingnews","10":"tag-headlines","11":"tag-latest-news","12":"tag-latestnews","13":"tag-naglowki","14":"tag-najwazniejsze-artykuly","15":"tag-news","16":"tag-polish","17":"tag-polski","18":"tag-swiat","19":"tag-top-stories","20":"tag-topstories","21":"tag-wiadomosci","22":"tag-world","23":"tag-world-news","24":"tag-worldnews"},"share_on_mastodon":{"url":"https:\/\/pubeurope.com\/@pl\/115875226994960221","error":""},"_links":{"self":[{"href":"https:\/\/www.europesays.com\/pl\/wp-json\/wp\/v2\/posts\/198845","targetHints":{"allow":["GET"]}}],"collection":[{"href":"https:\/\/www.europesays.com\/pl\/wp-json\/wp\/v2\/posts"}],"about":[{"href":"https:\/\/www.europesays.com\/pl\/wp-json\/wp\/v2\/types\/post"}],"author":[{"embeddable":true,"href":"https:\/\/www.europesays.com\/pl\/wp-json\/wp\/v2\/users\/2"}],"replies":[{"embeddable":true,"href":"https:\/\/www.europesays.com\/pl\/wp-json\/wp\/v2\/comments?post=198845"}],"version-history":[{"count":0,"href":"https:\/\/www.europesays.com\/pl\/wp-json\/wp\/v2\/posts\/198845\/revisions"}],"wp:featuredmedia":[{"embeddable":true,"href":"https:\/\/www.europesays.com\/pl\/wp-json\/wp\/v2\/media\/198846"}],"wp:attachment":[{"href":"https:\/\/www.europesays.com\/pl\/wp-json\/wp\/v2\/media?parent=198845"}],"wp:term":[{"taxonomy":"category","embeddable":true,"href":"https:\/\/www.europesays.com\/pl\/wp-json\/wp\/v2\/categories?post=198845"},{"taxonomy":"post_tag","embeddable":true,"href":"https:\/\/www.europesays.com\/pl\/wp-json\/wp\/v2\/tags?post=198845"}],"curies":[{"name":"wp","href":"https:\/\/api.w.org\/{rel}","templated":true}]}}