{"id":198847,"date":"2026-01-11T07:13:06","date_gmt":"2026-01-11T07:13:06","guid":{"rendered":"https:\/\/www.europesays.com\/pl\/198847\/"},"modified":"2026-01-11T07:13:06","modified_gmt":"2026-01-11T07:13:06","slug":"polska-swieci-na-fioletowo-zima-przypomniala-ze-nie-poradzilismy-sobie-ze-smogiem","status":"publish","type":"post","link":"https:\/\/www.europesays.com\/pl\/198847\/","title":{"rendered":"Polska '\u015bwieci&#8217; na fioletowo. Zima przypomnia\u0142a, \u017ce nie poradzili\u015bmy sobie ze smogiem"},"content":{"rendered":"<p class=\"art_paragraph\">Pi\u0105tek w <a href=\"https:\/\/next.gazeta.pl\/pieniadz\/7,188932,32498014,warszawa-wcale-nie-najdrozsza-spojrzcie-na-te-miasta-ceny.html#anchorLink\" rel=\"nofollow noopener\" target=\"_blank\">Warszawie<\/a> zacz\u0105\u0142 si\u0119 mro\u017anie i s\u0142onecznie, ale mimo bezchmurnego nieba nad miastem unosi\u0142a si\u0119 szara &#8222;<a href=\"https:\/\/pogoda.gazeta.pl\/pogoda2021\/7,182750,28035003,zastanawiales-sie-kiedys-jak-powstaje-mgla-czym-rozni-sie-od.html#anchorLink\" rel=\"nofollow noopener\" target=\"_blank\">mg\u0142a<\/a>&#8222;. Tyle \u017ce to nie mg\u0142a a smog. Dzi\u0119ki zmianie <a href=\"https:\/\/wiadomosci.gazeta.pl\/pogoda-i-klimat\/0,0.html#anchorLink\" rel=\"nofollow noopener\" target=\"_blank\">pogody<\/a> jako\u015b\u0107 powietrza w stolicy i tak si\u0119 poprawi\u0142a, bo w pi\u0105tek normy dla py\u0142\u00f3w zawieszonych PM 2.5 by\u0142y przekroczone &#8222;tylko&#8221; o 200 proc.\u00a0<\/p>\n<p>\n    Zobacz wideo Mi\u0142osz Jakubowski: Mieszka\u0144cy z czasem przyzwyczaj\u0105 si\u0119 do stref czystego transportu\n  <\/p>\n<p class=\"art_paragraph\">Przez du\u017c\u0105 cz\u0119\u015b\u0107 tygodnia wynik by\u0142 kilka razy wi\u0119kszy, a na mapach smogowych stacje pomiarowe przybra\u0142y fioletowy kolor, oznaczaj\u0105cy najgorsz\u0105 jako\u015b\u0107 powietrza.\u00a0<\/p>\n<p class=\"art_paragraph\">&#8211; 6 stycznia Warszawa by\u0142a na 10. miejscu w tabeli najbardziej zanieczyszczonych miast na \u015bwiecie &#8211; m\u00f3wi\u0142a w pi\u0105tek na konferencji prasowej warszawska radna\u00a0Martyna Ja\u0142oszy\u0144ska ze stowarzyszenia\u00a0Wsp\u00f3lne Jutro. Przedstawiciele ugrupowania, w tym pos\u0142anka klubu Lewicy Dorota Olko, apelowali w pi\u0105tek do sto\u0142ecznego ratusza o zwi\u0119kszenie wysi\u0142k\u00f3w na rzecz walki z zanieczyszczeniem powietrza.<\/p>\n<p> Dzia\u0142ania interwencyjne<\/p>\n<p class=\"art_paragraph\">Przedstawiciele stowarzyszenia uwa\u017caj\u0105, \u017ce miasto powinno m.in. bardziej skutecznie egzekwowa\u0107 przepisy o Strefie Czystego Transportu, dotycz\u0105ce ograniczenia jazdy najbardziej zanieczyszczaj\u0105cymi samochodami w centrum stolicy. Cho\u0107 strefa obowi\u0105zuje ju\u017c prawie 1,5 roku, to dopiero niedawno wystawiono pierwszy mandat za z\u0142amanie przepis\u00f3w.\u00a0<\/p>\n<p class=\"art_paragraph\">&#8211; Strefa Czystego Transportu to bardzo wa\u017cny element walki ze smogiem. Na co dzie\u0144 mo\u017ce tego nie zauwa\u017camy, ale gdy dochodzi do takich sytuacji jak w ostatnich dniach, to wida\u0107, jakie ma to znaczenie &#8211; stwierdzi\u0142a radna. Sam ratusz <a href=\"https:\/\/um.warszawa.pl\/-\/warszawa-walczy-ze-smogiem-podwyzszone-stezenia-pylow-i-zalecenia-dla-mieszkancow\" class=\"art_link\" rel=\"nofollow noopener\" target=\"_blank\">przyznaje<\/a>, \u017ce dane ze stacji pomiarowych przy du\u017cych ci\u0105gach komunikacyjnych &#8211; np. Al. Niepodleg\u0142o\u015bci &#8211; pokazuj\u0105, \u017ce emisje z samochod\u00f3w maj\u0105 istotny wp\u0142yw na zanieczyszczenie powietrza.\u00a0<\/p>\n<p class=\"art_paragraph\">Przedstawiciele stowarzyszenia\u00a0Wsp\u00f3lne Jutro wskazali, \u017ce w dniach ze szczeg\u00f3lnie wysokim zanieczyszczeniem powietrza &#8211; kt\u00f3re mo\u017cna przewidzie\u0107, bior\u0105c pod uwag\u0119 prognozy pogody &#8211; miasto powinno rozwa\u017cy\u0107 dzia\u0142ania interwencyjne. W\u015br\u00f3d nich wymieniono wprowadzenie na takie dni darmowej komunikacji miejskiej, by zach\u0119ci\u0107 wi\u0119cej mieszka\u0144c\u00f3w do zrezygnowania z samochodu.\u00a0<\/p>\n<p class=\"art_paragraph\">Sam ratusz jedynie sugeruje, by w dniach o szczeg\u00f3lnie wysokim poziomie zanieczyszcze\u0144 zrezygnowa\u0107 w miar\u0119 mo\u017cliwo\u015bci z jazdy samochodem lub z palenia w kominku.<\/p>\n<p class=\"art_paragraph\">Radni maj\u0105 te\u017c w\u0105tpliwo\u015bci wobec pomys\u0142u, by w zwi\u0105zku z mrozami ustawia\u0107 na ulicach koksowniki &#8211; bo chocia\u017c pozwol\u0105 si\u0119 ogrza\u0107, to b\u0119d\u0105 oznacza\u0107 dodatkowe zanieczyszczenie powietrza. Ich zdaniem miasto powinno poszuka\u0107 bardziej &#8222;czystych&#8221; rozwi\u0105za\u0144, kt\u00f3re nie b\u0119d\u0105 pot\u0119gowa\u0107 problemu, staraj\u0105c si\u0119\u00a0zaradzi\u0107 innemu. Podkre\u015blili te\u017c, \u017ce dzia\u0142ania zwi\u0105zane z mrozem musz\u0105 uwzgl\u0119dnia\u0107 sytuacj\u0119 os\u00f3b w kryzysie bezdomno\u015bci.\u00a0<\/p>\n<p> Smog z\u00a0obwarzanka<\/p>\n<p class=\"art_paragraph\">Poza samochodem g\u0142\u00f3wnym \u017ar\u00f3d\u0142em smogu w okresie zimowym jest spalanie paliw sta\u0142ych &#8211; w\u0119gla, drewna i nie tylko &#8211; w przydomowych piecach, czyli tak zwana niska emisja.\u00a0<\/p>\n<p class=\"art_paragraph\">W samej Warszawie pozosta\u0142o ju\u017c stosunkowo niewiele &#8211; bo oko\u0142o 1500 &#8211; tak zwanych kopciuch\u00f3w, czyli pozaklasowych kot\u0142\u00f3w na <a href=\"https:\/\/wiadomosci.gazeta.pl\/paliwo#anchorLink\" rel=\"nofollow noopener\" target=\"_blank\">paliwa<\/a> sta\u0142e. To najbardziej zanieczyszczaj\u0105ce \u017ar\u00f3d\u0142o ciep\u0142a (co nie oznacza, \u017ce stanowi\u0105 one ca\u0142o\u015b\u0107 problemu &#8211; bo smog, cho\u0107 w mniejszym stopniu, bierze si\u0119 te\u017c z kot\u0142\u00f3w na w\u0119giel czy drewno o wy\u017cszym standardzie, a tak\u017ce z komink\u00f3w).\u00a0<\/p>\n<p class=\"art_paragraph\">Jednak jak informowa\u0142 <a href=\"https:\/\/polskialarmsmogowy.pl\/2025\/03\/dziesiatki-tysiecy-kopciuchow-w-metropolii-warszawskiej-czyste-powietrze-za-pol-wieku\/\" class=\"art_link\" rel=\"nofollow noopener\" target=\"_blank\">Polski Alarm Smogowy,<\/a> w ca\u0142ej\u00a0Metropolii Warszawskiej &#8222;dymi ponad 87 tysi\u0119cy wysokoemisyjnych kot\u0142\u00f3w na w\u0119giel i drewno&#8221;.<\/p>\n<p class=\"art_paragraph\">Jak zwraca uwag\u0119 PAS, za niespe\u0142na trzy lata u\u017cytkowanie tych kot\u0142\u00f3w stanie si\u0119 nielegalne na mocy uchwa\u0142y antysmogowej i zakazu spalania w\u0119gla w tym obszarze. Ale dotychczasowe tempo wymiany starych kot\u0142\u00f3w na nowe \u017ar\u00f3d\u0142a ciep\u0142a nie wr\u00f3\u017cy sukcesu w pozbyciu si\u0119 kopciuch\u00f3w w tym czasie:<\/p>\n<blockquote class=\"art_blockquote\"><p>W 2024 roku na terenie zamieszka\u0142ym przez 3,3 miliona mieszka\u0144c\u00f3w wymieniono zaledwie 2668 'kopciuch\u00f3w&#8217;. W tym tempie wymiana zako\u0144czy si\u0119 prawie za p\u00f3\u0142 wieku.<\/p><\/blockquote>\n<p class=\"art_paragraph\">W\u015br\u00f3d gmin wok\u00f3\u0142 Warszawy rekordzist\u0105 jest gmina Wo\u0142omin (35 tys. mieszka\u0144c\u00f3w), gdzie jest wci\u0105\u017c 4786 &#8222;kopciuch\u00f3w&#8221; oraz kot\u0142\u00f3w 3. i 4. klasy, a tu\u017c za ni\u0105 gmina wiejska\u00a0Mi\u0144sk Mazowiecki z 4408 kot\u0142ami przy 16 tys. mieszka\u0144c\u00f3w. W\u00a02024 roku w tej drugiej gminie wymieniono jedynie 149 kopciuch\u00f3w, a w Wo\u0142ominie &#8211; zaledwie 42. Ma\u0142o tego &#8211; w 2024 roku tempo wymiany kot\u0142\u00f3w w rejonie Warszawy w 2024 roku nie wzros\u0142o, a&#8230; zmala\u0142o o ponad 1\/3 w por\u00f3wnaniu do ubieg\u0142ego roku.<\/p>\n<p class=\"art_paragraph\">Zdaniem polityk\u00f3w\u00a0stowarzyszenia Wsp\u00f3lne Jutro pokazuje to, \u017ce stolica i s\u0105siednie gminy potrzebuj\u0105 ustawy metropolitalnej, kt\u00f3ra da narz\u0119dzia do wsp\u00f3lnej walki ze smogiem czy lepszej koordynacji transportu publicznego.\u00a0<\/p>\n<p class=\"art_paragraph\">Du\u017cym problemem pozostaje <a href=\"https:\/\/wiadomosci.gazeta.pl\/czyste-powietrze\" class=\"art_link\" rel=\"dofollow noopener\" target=\"_blank\">kryzys rz\u0105dowego program Czyste Powietrze<\/a>, o kt\u00f3rym pisali\u015bmy wielokrotnie. W ubieg\u0142ym roku, po czasowym wstrzymaniu jego funkcjonowania i zmianach zasad, liczba wniosk\u00f3w o dofinansowanie na wymian\u0119 starego pieca i ocieplenie domu spad\u0142a dramatycznie. Po kilkumiesi\u0119cznej przerwie miesi\u0119czna liczba sk\u0142adanych wniosk\u00f3w wynosi\u0142a kilka tysi\u0119cy, w por\u00f3wnaniu do kilkunastu tysi\u0119cy w roku 2024. Dopiero pod koniec ubieg\u0142ego roku zacz\u0119\u0142a ona rosn\u0105\u0107, ale w sumie od pocz\u0105tku kwietnia do ko\u0144ca 2025 roku z\u0142o\u017cono niespe\u0142na 50 tys. wniosk\u00f3w &#8211; w por\u00f3wnaniu do 200 tys. w roku wcze\u015bniejszym. Eksperci m\u00f3wi\u0105 o utracie zaufania do programu zar\u00f3wno przez beneficjent\u00f3w, jak i wykonawc\u00f3w. Z kolei rz\u0105d przekonuje, \u017ce program dopiero &#8222;rozkr\u0119ca si\u0119&#8221; po reformach, a dzi\u0119ki zmianom jako\u015b\u0107 wykonywanych remont\u00f3w jest wy\u017csza.\u00a0<\/p>\n<p> Polska na fioletowo<\/p>\n<p class=\"art_paragraph\">Pocz\u0105tek stycznia przyni\u00f3s\u0142 w Warszawie jeden z najgorszych epizod\u00f3w smogu w ostatnich latach, ale sytuacja by\u0142a te\u017c podobnie z\u0142a w innych cz\u0119\u015bciach Polski. W pi\u0105tek najwy\u017cszy poziom smogu by\u0142 w niekt\u00f3rych miejscowo\u015bciach na po\u0142udniu kraju, w tym w Kotlinie K\u0142odzkiej.\u00a0<\/p>\n<p class=\"art_paragraph\">W nocy z czwartku na pi\u0105tek norma dla py\u0142\u00f3w PM 2.5 by\u0142a przekroczona o 1300 proc., w Nowej Rudzie &#8211; prawie 1600 proc., w centrum Opola &#8211; 900 proc., w Ostrowie Wielkopolskim &#8211; 1100 proc.\u00a0<\/p>\n<p class=\"art_paragraph\">W kolejnych dniach wg prognoz nale\u017cy spodziewa\u0107 si\u0119 utrzymania mro\u017anej pogody, co &#8211; przy s\u0142abym <a href=\"https:\/\/wiadomosci.gazeta.pl\/wiatr#anchorLink\" rel=\"nofollow noopener\" target=\"_blank\">wietrze<\/a> &#8211; b\u0119dzie oznacza\u0107 dalsze wysokie zanieczyszczenie powietrza.<\/p>\n","protected":false},"excerpt":{"rendered":"Pi\u0105tek w Warszawie zacz\u0105\u0142 si\u0119 mro\u017anie i s\u0142onecznie, ale mimo bezchmurnego nieba nad miastem unosi\u0142a si\u0119 szara &#8222;mg\u0142a&#8222;.&hellip;\n","protected":false},"author":2,"featured_media":198848,"comment_status":"","ping_status":"","sticky":false,"template":"","format":"standard","meta":{"footnotes":""},"categories":[12],"tags":[32,33,36,37,27,34,35,28,31,25,42,38,40,39,41,29,30,26],"class_list":{"0":"post-198847","1":"post","2":"type-post","3":"status-publish","4":"format-standard","5":"has-post-thumbnail","7":"category-polska","8":"tag-breaking-news","9":"tag-breakingnews","10":"tag-featured-news","11":"tag-featurednews","12":"tag-headlines","13":"tag-latest-news","14":"tag-latestnews","15":"tag-naglowki","16":"tag-najwazniejsze-artykuly","17":"tag-news","18":"tag-pl","19":"tag-poland","20":"tag-polish","21":"tag-polska","22":"tag-polski","23":"tag-top-stories","24":"tag-topstories","25":"tag-wiadomosci"},"share_on_mastodon":{"url":"https:\/\/pubeurope.com\/@pl\/115875230821832923","error":""},"_links":{"self":[{"href":"https:\/\/www.europesays.com\/pl\/wp-json\/wp\/v2\/posts\/198847","targetHints":{"allow":["GET"]}}],"collection":[{"href":"https:\/\/www.europesays.com\/pl\/wp-json\/wp\/v2\/posts"}],"about":[{"href":"https:\/\/www.europesays.com\/pl\/wp-json\/wp\/v2\/types\/post"}],"author":[{"embeddable":true,"href":"https:\/\/www.europesays.com\/pl\/wp-json\/wp\/v2\/users\/2"}],"replies":[{"embeddable":true,"href":"https:\/\/www.europesays.com\/pl\/wp-json\/wp\/v2\/comments?post=198847"}],"version-history":[{"count":0,"href":"https:\/\/www.europesays.com\/pl\/wp-json\/wp\/v2\/posts\/198847\/revisions"}],"wp:featuredmedia":[{"embeddable":true,"href":"https:\/\/www.europesays.com\/pl\/wp-json\/wp\/v2\/media\/198848"}],"wp:attachment":[{"href":"https:\/\/www.europesays.com\/pl\/wp-json\/wp\/v2\/media?parent=198847"}],"wp:term":[{"taxonomy":"category","embeddable":true,"href":"https:\/\/www.europesays.com\/pl\/wp-json\/wp\/v2\/categories?post=198847"},{"taxonomy":"post_tag","embeddable":true,"href":"https:\/\/www.europesays.com\/pl\/wp-json\/wp\/v2\/tags?post=198847"}],"curies":[{"name":"wp","href":"https:\/\/api.w.org\/{rel}","templated":true}]}}