{"id":198849,"date":"2026-01-11T07:14:25","date_gmt":"2026-01-11T07:14:25","guid":{"rendered":"https:\/\/www.europesays.com\/pl\/198849\/"},"modified":"2026-01-11T07:14:25","modified_gmt":"2026-01-11T07:14:25","slug":"zapotrzebowanie-na-moc-zbliza-sie-do-rekordu-pse-zapewnia-jestesmy-przygotowani","status":"publish","type":"post","link":"https:\/\/www.europesays.com\/pl\/198849\/","title":{"rendered":"Zapotrzebowanie na moc zbli\u017ca si\u0119 do rekordu &#8211; PSE zapewnia jeste\u015bmy przygotowani"},"content":{"rendered":"<ul class=\"wp-block-list\">\n<li>Zapotrzebowanie na moc w KSE si\u0119ga 26\u201327 GW, czyli poziom\u00f3w bliskich historycznym rekordom, g\u0142\u00f3wnie z powodu niskich temperatur i zwi\u0119kszonego zapotrzebowania na ogrzewanie.<\/li>\n<li>PSE uspokajaj\u0105, \u017ce system pracuje stabilnie, rezerwy mocy s\u0105 zachowane, a w najbli\u017cszych dniach nie ma ryzyka problem\u00f3w bilansowych ani przerw w dostawach energii.<\/li>\n<li>Wysokie ceny energii na TGE i zwi\u0119kszony import wskazuj\u0105, \u017ce system si\u0119ga po wszystkie dost\u0119pne \u017ar\u00f3d\u0142a, w tym starsze jednostki w\u0119glowe, przy jednocze\u015bnie ograniczonej produkcji z OZE.<\/li>\n<\/ul>\n<p><a class=\"ad-300x250\" href=\"https:\/\/www.solisinverters.com\/pl\" title=\"\" target=\"_blank\" rel=\"nofollow noopener noreferrer sponsored\"><br \/>\n<img loading=\"lazy\" decoding=\"async\" data-lazyloaded=\"1\" width=\"300\" height=\"250\" src=\"https:\/\/www.europesays.com\/pl\/wp-content\/uploads\/2025\/10\/polish_300250px.jpg\" alt=\"\"\/><br \/>\n<\/a>Zapotrzebowanie na energi\u0119 blisko 27 GW<\/p>\n<p>Dane z pocz\u0105tku stycznia 2026 roku pokazuj\u0105 wyra\u017anie, \u017ce krajowe zapotrzebowanie na moc netto oscyluje w przedziale 26\u201327 GW. To warto\u015bci bardzo wysokie, por\u00f3wnywalne z historycznymi maksimami notowanymi w okresach silnych mroz\u00f3w.<\/p>\n<p><img loading=\"lazy\" decoding=\"async\" data-lazyloaded=\"1\" width=\"1024\" height=\"349\" src=\"https:\/\/www.europesays.com\/pl\/wp-content\/uploads\/2026\/01\/pse_zapotrzebowanie-1024x349.png\" alt=\"\" class=\"wp-image-129518\" style=\"width:920px;height:auto\"\/>\u0179r\u00f3d\u0142o: PSE<\/p>\n<p>Krzywa zapotrzebowania uk\u0142ada si\u0119 klasycznie dla zimowego dnia: nocne minimum, poranny skok wraz z rozruchem przemys\u0142u i szczyt w godzinach przedpo\u0142udniowych. Co istotne, rzeczywiste zapotrzebowanie miejscami przewy\u017csza prognozy, co pokazuje, jak wra\u017cliwy na temperatur\u0119 pozostaje polski miks energetyczny.<\/p>\n<p>PSE: system pracuje stabilnie<\/p>\n<p>Zapytali\u015bmy Polskie Sieci Elektroenergetyczne czy przewiduj\u0105 rekord zapotrzebowania na moc w nadchodz\u0105cych dniach. PSE w odpowiedzi podkre\u015blaj\u0105, \u017ce Krajowy System Elektroenergetyczny pracuje stabilnie, a sytuacja jest na bie\u017c\u0105co monitorowana. Wysokie zapotrzebowanie wynika bezpo\u015brednio z warunk\u00f3w pogodowych, jednak nie przek\u0142ada si\u0119 na ryzyko przerw w dostawach energii.<\/p>\n<p>-Krajowy System Elektroenergetyczny pracuje stabilnie. Niskie temperatury powoduj\u0105 wzrost zapotrzebowania na energi\u0119 elektryczn\u0105, kt\u00f3re w ostatnich dniach oscyluje wok\u00f3\u0142 26-27 GW netto, czyli osi\u0105ga wielko\u015bci bliskie rekordowym. Bezpiecze\u0144stwo dostaw pozostaje jednak niezagro\u017cone. Jednostki wytw\u00f3rcze utrzymuj\u0105 dyspozycyjno\u015b\u0107, a wed\u0142ug aktualnych prognoz w najbli\u017cszych dniach wymagana rezerwa mocy b\u0119dzie zachowana. PSE na bie\u017c\u0105co monitoruj\u0105 sytuacj\u0119 i zgodnie ze standardowymi procedurami planuj\u0105 prace KSE. Obecnie nie ma przewidywa\u0144 wyst\u0105pienia problem\u00f3w bilansowych w nadchodz\u0105cym czasie \u2013 wskazuj\u0105 PSE.<\/p>\n<p>Operator zaznacza r\u00f3wnie\u017c, \u017ce z punktu widzenia zarz\u0105dzania systemem zima 2025\/2026, cho\u0107 bardziej wymagaj\u0105ca ni\u017c poprzednia, nie zmienia podstawowych zasad pracy: kluczowe pozostaje planowanie, bilansowanie i utrzymywanie odpowiednich rezerw mocy.<\/p>\n<p>Planowanie pracy KSE bez zmian<\/p>\n<p>PSE przypominaj\u0105, \u017ce niezale\u017cnie od poziomu zapotrzebowania ich zadaniem jest zapewnienie ci\u0105g\u0142o\u015bci dostaw i bezpiecze\u0144stwa pracy systemu. Obejmuje to m.in. prognozowanie zapotrzebowania, zarz\u0105dzanie rezerwami oraz koordynacj\u0119 pracy jednostek wytw\u00f3rczych i po\u0142\u0105cze\u0144 transgranicznych.<\/p>\n<p>Wysoki import i drogie megawatogodziny<\/p>\n<p>Z perspektywy rynku uwag\u0119 zwracaj\u0105 wysokie ceny energii na TGE oraz zwi\u0119kszony import energii elektrycznej. To sygna\u0142y, kt\u00f3re mog\u0105 sugerowa\u0107, \u017ce krajowy system si\u0119ga po wszystko, co jest dost\u0119pne i w tym po starsze jednostki w\u0119glowe, uruchamiane w okresach najwi\u0119kszego obci\u0105\u017cenia. Taki obraz nie jest zaskoczeniem. W warunkach silnych mroz\u00f3w ro\u015bnie zapotrzebowanie na ogrzewanie, a jednocze\u015bnie ograniczona bywa generacja z OZE, szczeg\u00f3lnie z fotowoltaiki. Rynek reaguje wi\u0119c cen\u0105, a system bilansowany jest tak\u017ce importem.<\/p>\n<p>Cho\u0107 zapotrzebowanie na moc w Polsce zn\u00f3w zbli\u017ca si\u0119 do granic historycznych rekord\u00f3w, nie mamy do czynienia z sytuacj\u0105 kryzysow\u0105. System dzia\u0142a, rezerwy s\u0105 utrzymywane, a operator nie sygnalizuje problem\u00f3w bilansowych w nadchodz\u0105cych dniach. Zima po raz kolejny pokazuje jednak, jak wymagaj\u0105cym testem dla KSE s\u0105 niskie temperatury i jak istotna pozostaje kwestia dyspozycyjnych mocy w systemie, zw\u0142aszcza w okresach, gdy odnawialne \u017ar\u00f3d\u0142a energii nie graj\u0105 pierwszych skrzypiec.<\/p>\n","protected":false},"excerpt":{"rendered":"Zapotrzebowanie na moc w KSE si\u0119ga 26\u201327 GW, czyli poziom\u00f3w bliskich historycznym rekordom, g\u0142\u00f3wnie z powodu niskich temperatur&hellip;\n","protected":false},"author":2,"featured_media":198850,"comment_status":"","ping_status":"","sticky":false,"template":"","format":"standard","meta":{"footnotes":""},"categories":[5],"tags":[32,33,36,37,27,34,35,28,31,25,42,38,40,39,41,29,30,26],"class_list":{"0":"post-198849","1":"post","2":"type-post","3":"status-publish","4":"format-standard","5":"has-post-thumbnail","7":"category-naglowki","8":"tag-breaking-news","9":"tag-breakingnews","10":"tag-featured-news","11":"tag-featurednews","12":"tag-headlines","13":"tag-latest-news","14":"tag-latestnews","15":"tag-naglowki","16":"tag-najwazniejsze-artykuly","17":"tag-news","18":"tag-pl","19":"tag-poland","20":"tag-polish","21":"tag-polska","22":"tag-polski","23":"tag-top-stories","24":"tag-topstories","25":"tag-wiadomosci"},"share_on_mastodon":{"url":"https:\/\/pubeurope.com\/@pl\/115875234707316439","error":""},"_links":{"self":[{"href":"https:\/\/www.europesays.com\/pl\/wp-json\/wp\/v2\/posts\/198849","targetHints":{"allow":["GET"]}}],"collection":[{"href":"https:\/\/www.europesays.com\/pl\/wp-json\/wp\/v2\/posts"}],"about":[{"href":"https:\/\/www.europesays.com\/pl\/wp-json\/wp\/v2\/types\/post"}],"author":[{"embeddable":true,"href":"https:\/\/www.europesays.com\/pl\/wp-json\/wp\/v2\/users\/2"}],"replies":[{"embeddable":true,"href":"https:\/\/www.europesays.com\/pl\/wp-json\/wp\/v2\/comments?post=198849"}],"version-history":[{"count":0,"href":"https:\/\/www.europesays.com\/pl\/wp-json\/wp\/v2\/posts\/198849\/revisions"}],"wp:featuredmedia":[{"embeddable":true,"href":"https:\/\/www.europesays.com\/pl\/wp-json\/wp\/v2\/media\/198850"}],"wp:attachment":[{"href":"https:\/\/www.europesays.com\/pl\/wp-json\/wp\/v2\/media?parent=198849"}],"wp:term":[{"taxonomy":"category","embeddable":true,"href":"https:\/\/www.europesays.com\/pl\/wp-json\/wp\/v2\/categories?post=198849"},{"taxonomy":"post_tag","embeddable":true,"href":"https:\/\/www.europesays.com\/pl\/wp-json\/wp\/v2\/tags?post=198849"}],"curies":[{"name":"wp","href":"https:\/\/api.w.org\/{rel}","templated":true}]}}