{"id":198851,"date":"2026-01-11T07:15:07","date_gmt":"2026-01-11T07:15:07","guid":{"rendered":"https:\/\/www.europesays.com\/pl\/198851\/"},"modified":"2026-01-11T07:15:07","modified_gmt":"2026-01-11T07:15:07","slug":"prime-krol-walk-w-koncu-pokonany-twarda-bojka-i-oto-nowy-mistrz-sport-w-interia-pl","status":"publish","type":"post","link":"https:\/\/www.europesays.com\/pl\/198851\/","title":{"rendered":"PRIME: Kr\u00f3l walk w ko\u0144cu pokonany. Twarda b\u00f3jka i oto nowy mistrz &#8211; Sport w INTERIA.PL"},"content":{"rendered":"<ol>\n<li><a href=\"https:\/\/news.google.com\/rss\/articles\/CBMiqAFBVV95cUxOZUxtY1Y0QWI2NUhReTR1Z0hJa3U1bUNHSi1yanU0VFNWUjVFZkNoRklYb1pHYmlyTWpvNG9iVl8xZU16emhUXzNYMFpIMXpSclFUWFgxY2l0LU9EVU81Sm9LOVNBNEI4THdvXzBBeDJjZllqclhnalZPblFCb0ZWaVhMYktfM2FwWEp4ZlN0eUNzSTE3QVR1a1FIYjlNTHRPR0JMd2I5cWI?oc=5\" target=\"_blank\" rel=\"nofollow noopener\">PRIME: Kr\u00f3l walk w ko\u0144cu pokonany. Twarda b\u00f3jka i oto nowy mistrz<\/a>&nbsp;&nbsp;Sport w INTERIA.PL<\/li>\n<li><a href=\"https:\/\/news.google.com\/rss\/articles\/CBMisAFBVV95cUxOWHRwSWtIRmJBY19fYXk5TWVIWnZpSFdKbDFrWkpXVFZ6MTA4cDNQcmJVRmxsUWZRSlBNaHFxaE1aaXlGZXFfYnJBdUhLSUtyZVJMZjRFenNNc0hjOWdzcU9pY2czMDlKRU9EZ0xFNFpvcF96bEJWU1dPakZ0MWh3RVpISmJmYzVoNXV0SHkyemY4REZHRjczRWM3R0RmTDAwZVBiS2ZkUGtfTGlTQnZyUQ?oc=5\" target=\"_blank\" rel=\"nofollow noopener\">Awantura po pojedynku Arkadiusza Ta\u0144culi<\/a>&nbsp;&nbsp;SportoweFakty<\/li>\n<li><a href=\"https:\/\/news.google.com\/rss\/articles\/CBMisgFBVV95cUxNSWl6WDBja2djSzhnNm9lZDkwRVhtWW84TDNDcGVmX0QtR3gwNjE4MXZaSUtaY0ZOSjB6Z2xwNVV1aVpBMFJ0VFVESDhVVENNeEhCVzFXcWZXYzNUYzhHR0syd2FnRDlsTTk3NkZONDd4QVBIdk9DLV9lSDIweGc3Qk9zRm9INDdjMTY3S2ZlVlhXSGxlcEhhckN2cEFNbktiYUZLbGxiNTlxUVltQnF4dVhR?oc=5\" target=\"_blank\" rel=\"nofollow noopener\">PRIME MMA 15: wyniki walk NA \u017bYWO. Relacja LIVE. Sprawd\u017a, kto wygra\u0142<\/a>&nbsp;&nbsp;Przegl\u0105d Sportowy Onet<\/li>\n<li><a href=\"https:\/\/news.google.com\/rss\/articles\/CBMiqgFBVV95cUxOYUQtU3VBZl9RUmdEcFNfUTZmS2dhN1hRUWxXN25wV2ZRcGZqS28tb3o2TGhzOEVoUUxzYUk4WGxIWW5nZm9HSzRJcUhwUDZTYnlvNTBjaDRmaGFXZXAwSGNiYy1HcGpCSkZnYlBSSFA5bzRuU3RSRFBheEk2M1VKd1lvYl96LUlLVWlxTndBUzY4VmdkZU9rSWZNekY5bnVrZi1tUHlKZG12dw?oc=5\" target=\"_blank\" rel=\"nofollow noopener\">PRIME MMA 15. Kto wygra\u0142 na gali w Pu\u0142awach? [WYNIKI NA \u017bYWO]<\/a>&nbsp;&nbsp;Sport.pl<\/li>\n<li><a href=\"https:\/\/news.google.com\/rss\/articles\/CBMitgFBVV95cUxPLWpLWE1tZVE3NHg0dHZOQlQwUGdqV09FZkpkNFBITHpKVTZhVHk0Uk05VVp4VWQ4VFgyZ2czVFVzVVdkeUZOQlN4ajRoUkpKTlNOWXdYbXI4aHFWTUNfNmg4Wk9RUHRlVzZmVUFxQ2xUbV92YmtpUmhkMFVGV3RqRnpRcTVSb0ZvTGwwR3V4bnN1YWMxQ21CQTVXcWpKcTNHbGN5VVJMYUNtUVB6SUE2bm9fLVQ3UQ?oc=5\" target=\"_blank\" rel=\"nofollow noopener\">Ta\u0144cula wygrywa na gali Prime MMA 15. Du\u017ce emocje w co-main evencie<\/a>&nbsp;&nbsp;Meczyki.pl<\/li>\n<\/ol>\n","protected":false},"excerpt":{"rendered":"PRIME: Kr\u00f3l walk w ko\u0144cu pokonany. Twarda b\u00f3jka i oto nowy mistrz&nbsp;&nbsp;Sport w INTERIA.PL Awantura po pojedynku Arkadiusza&hellip;\n","protected":false},"author":2,"featured_media":198852,"comment_status":"","ping_status":"","sticky":false,"template":"","format":"standard","meta":{"footnotes":""},"categories":[24],"tags":[42,38,40,39,41,127,126],"class_list":{"0":"post-198851","1":"post","2":"type-post","3":"status-publish","4":"format-standard","5":"has-post-thumbnail","7":"category-sport","8":"tag-pl","9":"tag-poland","10":"tag-polish","11":"tag-polska","12":"tag-polski","13":"tag-sport","14":"tag-sports"},"share_on_mastodon":{"url":"https:\/\/pubeurope.com\/@pl\/115875238728469982","error":""},"_links":{"self":[{"href":"https:\/\/www.europesays.com\/pl\/wp-json\/wp\/v2\/posts\/198851","targetHints":{"allow":["GET"]}}],"collection":[{"href":"https:\/\/www.europesays.com\/pl\/wp-json\/wp\/v2\/posts"}],"about":[{"href":"https:\/\/www.europesays.com\/pl\/wp-json\/wp\/v2\/types\/post"}],"author":[{"embeddable":true,"href":"https:\/\/www.europesays.com\/pl\/wp-json\/wp\/v2\/users\/2"}],"replies":[{"embeddable":true,"href":"https:\/\/www.europesays.com\/pl\/wp-json\/wp\/v2\/comments?post=198851"}],"version-history":[{"count":0,"href":"https:\/\/www.europesays.com\/pl\/wp-json\/wp\/v2\/posts\/198851\/revisions"}],"wp:featuredmedia":[{"embeddable":true,"href":"https:\/\/www.europesays.com\/pl\/wp-json\/wp\/v2\/media\/198852"}],"wp:attachment":[{"href":"https:\/\/www.europesays.com\/pl\/wp-json\/wp\/v2\/media?parent=198851"}],"wp:term":[{"taxonomy":"category","embeddable":true,"href":"https:\/\/www.europesays.com\/pl\/wp-json\/wp\/v2\/categories?post=198851"},{"taxonomy":"post_tag","embeddable":true,"href":"https:\/\/www.europesays.com\/pl\/wp-json\/wp\/v2\/tags?post=198851"}],"curies":[{"name":"wp","href":"https:\/\/api.w.org\/{rel}","templated":true}]}}