{"id":198855,"date":"2026-01-11T07:19:07","date_gmt":"2026-01-11T07:19:07","guid":{"rendered":"https:\/\/www.europesays.com\/pl\/198855\/"},"modified":"2026-01-11T07:19:07","modified_gmt":"2026-01-11T07:19:07","slug":"seria-strzelanin-w-jednym-ze-stanow-usa-nie-zyje-szesc-osob-w-tym-dziecko","status":"publish","type":"post","link":"https:\/\/www.europesays.com\/pl\/198855\/","title":{"rendered":"Seria strzelanin w jednym ze stan\u00f3w USA. Nie \u017cyje sze\u015b\u0107 os\u00f3b, w tym dziecko"},"content":{"rendered":"<p class=\"ods-c-paragraph \">Szeryf hrabstwa Clay, Eddie Scott, poinformowa\u0142, \u017ce ofiary by\u0142y w wieku od 7 do 67 lat, a samo zdarzenie okre\u015bli\u0142 jako jedno z najbardziej brutalnych w swojej wieloletniej karierze. Prokurator okr\u0119gowy Scott Colom zapowiedzia\u0142, \u017ce ze wzgl\u0119du na wyj\u0105tkowe okrucie\u0144stwo czyn\u00f3w, jego biuro b\u0119dzie domaga\u0107 si\u0119 dla sprawcy kary \u015bmierci.<\/p>\n<p> Ile os\u00f3b zgin\u0119\u0142o w strzelaninach? <\/p>\n<p> Kto by\u0142 podejrzanym w tym przypadku? <\/p>\n<p> Jakie kary mo\u017ce domaga\u0107 si\u0119 prokurator dla sprawcy? <\/p>\n<p> W jakim stanie mia\u0142y miejsce te wydarzenia? <\/p>\n<p class=\"ods-c-paragraph \">\u2013 To naprawd\u0119 wstrz\u0105sn\u0119\u0142o nasz\u0105 spo\u0142eczno\u015bci\u0105, a dla mnie, po prawie 30 latach pracy, to jedna z najtrudniejszych spraw, z jakimi mieli\u015bmy do czynienia \u2013 podkre\u015bli\u0142 szeryf Scott w rozmowie z radiem publicznym NPR.<\/p>\n<p class=\"ods-c-paragraph \">Wed\u0142ug ustale\u0144 \u015bledczych napastnik zaatakowa\u0142 w trzech r\u00f3\u017cnych lokalizacjach. W pierwszym miejscu mia\u0142 zabi\u0107 strza\u0142ami w g\u0142ow\u0119 swojego ojca, wuja oraz brata, po czym ukrad\u0142 samoch\u00f3d brata i uda\u0142 si\u0119 do kolejnego domu. Tam, na oczach \u015bwiadk\u00f3w, zastrzeli\u0142 7-letni\u0105 dziewczynk\u0119 i, jak wynika z zezna\u0144, celowa\u0142 r\u00f3wnie\u017c w g\u0142ow\u0119 drugiego, m\u0142odszego dziecka. Ostatnim etapem krwawego rajdu by\u0142a trzecia lokalizacja, gdzie odnaleziono cia\u0142a dw\u00f3ch kolejnych m\u0119\u017cczyzn, w tym miejscowego pastora.<\/p>\n<p class=\"ods-c-paragraph \">Tragedia w hrabstwie Clay wpisuje si\u0119 w szerszy obraz przemocy z u\u017cyciem broni palnej w Missisipi, kt\u00f3ry wed\u0142ug danych za 2025 rok pozostaje stanem o jednym z najwy\u017cszych wsp\u00f3\u0142czynnik\u00f3w \u015bmiertelno\u015bci z tego powodu w USA. Wed\u0142ug statystyk Gun Violence Archive w 2025 r. w USA odnotowano 408 masowych strzelanin, w kt\u00f3rych zgin\u0119\u0142o \u0142\u0105cznie 358 os\u00f3b, a ponad 1800 zosta\u0142o rannych. Mimo tendencji spadkowej w skali kraju, eksperci wskazuj\u0105 na utrzymuj\u0105ce si\u0119 dysproporcje regionalne, plasuj\u0105ce stany po\u0142udniowe, takie jak Missisipi, w czo\u0142\u00f3wce statystyk dotycz\u0105cych zab\u00f3jstw z u\u017cyciem broni palnej.<\/p>\n","protected":false},"excerpt":{"rendered":"Szeryf hrabstwa Clay, Eddie Scott, poinformowa\u0142, \u017ce ofiary by\u0142y w wieku od 7 do 67 lat, a samo&hellip;\n","protected":false},"author":2,"featured_media":47631,"comment_status":"","ping_status":"","sticky":false,"template":"","format":"standard","meta":{"footnotes":""},"categories":[14],"tags":[32,33,27,34,35,12506,28,31,48,25,46,40,41,47,1277,80,29,30,71,26,82,83,84],"class_list":{"0":"post-198855","1":"post","2":"type-post","3":"status-publish","4":"format-standard","5":"has-post-thumbnail","7":"category-swiat","8":"tag-breaking-news","9":"tag-breakingnews","10":"tag-headlines","11":"tag-latest-news","12":"tag-latestnews","13":"tag-missisipi","14":"tag-naglowki","15":"tag-najwazniejsze-artykuly","16":"tag-nat_styl","17":"tag-news","18":"tag-omp","19":"tag-polish","20":"tag-polski","21":"tag-screening_general","22":"tag-strzelanina","23":"tag-swiat","24":"tag-top-stories","25":"tag-topstories","26":"tag-usa","27":"tag-wiadomosci","28":"tag-world","29":"tag-world-news","30":"tag-worldnews"},"share_on_mastodon":{"url":"https:\/\/pubeurope.com\/@pl\/115875254343771552","error":""},"_links":{"self":[{"href":"https:\/\/www.europesays.com\/pl\/wp-json\/wp\/v2\/posts\/198855","targetHints":{"allow":["GET"]}}],"collection":[{"href":"https:\/\/www.europesays.com\/pl\/wp-json\/wp\/v2\/posts"}],"about":[{"href":"https:\/\/www.europesays.com\/pl\/wp-json\/wp\/v2\/types\/post"}],"author":[{"embeddable":true,"href":"https:\/\/www.europesays.com\/pl\/wp-json\/wp\/v2\/users\/2"}],"replies":[{"embeddable":true,"href":"https:\/\/www.europesays.com\/pl\/wp-json\/wp\/v2\/comments?post=198855"}],"version-history":[{"count":0,"href":"https:\/\/www.europesays.com\/pl\/wp-json\/wp\/v2\/posts\/198855\/revisions"}],"wp:featuredmedia":[{"embeddable":true,"href":"https:\/\/www.europesays.com\/pl\/wp-json\/wp\/v2\/media\/47631"}],"wp:attachment":[{"href":"https:\/\/www.europesays.com\/pl\/wp-json\/wp\/v2\/media?parent=198855"}],"wp:term":[{"taxonomy":"category","embeddable":true,"href":"https:\/\/www.europesays.com\/pl\/wp-json\/wp\/v2\/categories?post=198855"},{"taxonomy":"post_tag","embeddable":true,"href":"https:\/\/www.europesays.com\/pl\/wp-json\/wp\/v2\/tags?post=198855"}],"curies":[{"name":"wp","href":"https:\/\/api.w.org\/{rel}","templated":true}]}}