{"id":198856,"date":"2026-01-11T07:20:18","date_gmt":"2026-01-11T07:20:18","guid":{"rendered":"https:\/\/www.europesays.com\/pl\/198856\/"},"modified":"2026-01-11T07:20:18","modified_gmt":"2026-01-11T07:20:18","slug":"makabryczne-zabojstwo-w-bielsku-podlaskim-syn-mial-zabic-matke-a-zdjecie-zamiescic-w-sieci","status":"publish","type":"post","link":"https:\/\/www.europesays.com\/pl\/198856\/","title":{"rendered":"Makabryczne zab\u00f3jstwo w Bielsku Podlaskim. Syn mia\u0142 zabi\u0107 matk\u0119, a zdj\u0119cie zamie\u015bci\u0107 w sieci"},"content":{"rendered":"<p>Cia\u0142o w mieszkaniu na terenie\u00a0Bielska Podlaskiego. Policja mia\u0142a zatrzyma\u0107 syna ofiary<\/p>\n<p class=\"art_paragraph\">W pi\u0105tek 9 stycznia w jednym z mieszka\u0144 w centrum Bielska Podlaskiego znaleziono cia\u0142o. Adam Naumczuk\u00a0z Prokuratury Rejonowej w Bielsku Podlaskim potwierdzi\u0142 portalowi\u00a0bielsk.eu, \u017ce w lokalu odkryto zw\u0142oki. \u015aledczy nie podali jednak wi\u0119cej informacji. Reporter RMF FM Micha\u0142 Dobro\u0142owicz ustali\u0142 nieoficjalnie, \u017ce policja zatrzyma\u0142a m\u0119\u017cczyzn\u0119 podejrzewanego w tej sprawie. Dziennikarz przekaza\u0142, \u017ce to prawdopodobnie syn zamordowanej kobiety. Jak przekaza\u0142a stacja TVN24, Adam Naumczuk z Prokuratury Rejonowej w Bielsku Podlaskim potwierdzi\u0142, \u017ce w sprawie zatrzymana zosta\u0142a jedna osoba &#8211; 31-letni syn ofiary.\u00a0<\/p>\n<p>Zab\u00f3jstwo w Bielsku Podlaskim. Makabryczne doniesienia<\/p>\n<p class=\"art_paragraph\">Reporter RMF FM poinformowa\u0142, \u017ce m\u0119\u017cczyzna zosta\u0142 zatrzymany na osiedlu w pobli\u017cu mieszkania, w kt\u00f3rym znaleziono cia\u0142o. Portal bielsk.eu przekaza\u0142 nieoficjalnie, \u017ce podejrzewany m\u0119\u017cczyzna mia\u0142 zamie\u015bci\u0107 wcze\u015bniej na swoim profilu na Facebooku zdj\u0119cie kobiety w ka\u0142u\u017cy krwi. RMF FM ustali\u0142o, \u017ce przes\u0142uchanie zatrzymanego m\u0119\u017cczyzny odb\u0119dzie si\u0119 najprawdopodobniej w sobot\u0119 10 stycznia.<\/p>\n<p>        Zobacz wideo<\/p>\n<p>            Zaatakowa\u0142 seniork\u0119 w windzie i okrad\u0142 kolejn\u0105 na ulicy. 37-latek zatrzymany przez katowickich policjant\u00f3w\n    <\/p>\n<p>Potrzebujesz pomocy?<\/p>\n<p class=\"art_paragraph\">Do\u015bwiadczasz przemocy domowej? Szukasz pomocy? Mo\u017cesz zg\u0142osi\u0107 si\u0119 na przyk\u0142ad do Og\u00f3lnopolskiego Pogotowia dla Ofiar Przemocy w Rodzinie &#8222;Niebieska Linia&#8221;. Bezp\u0142atna infolinia czynna jest ca\u0142odobowo pod numerem telefonu 800 12 00 02. Wi\u0119cej informacji znajdziesz <a href=\"https:\/\/www.niebieskalinia.org\/ogolnopolskie-pogotowie-dla-ofiar-przemocy\" class=\"art_link\" rel=\"nofollow noopener\" target=\"_blank\">na tej stronie<\/a>.<\/p>\n<p class=\"art_paragraph\">Je\u015bli wyst\u0119puje zagro\u017cenie \u017cycia &#8211; dzwo\u0144 na numer alarmowy 112.<\/p>\n<p class=\"art_paragraph\">Wi\u0119cej: Przeczytaj te\u017c artyku\u0142 <a href=\"https:\/\/wiadomosci.gazeta.pl\/polska\/7,198073,32517407,tragedia-w-grojcu-30-latka-zmarla-na-porodowce-prokuratura.html\" class=\"art_link\" rel=\"dofollow noopener\" target=\"_blank\">&#8222;Tragedia w Gr\u00f3jcu. 30-latka zmar\u0142a na porod\u00f3wce. Prokuratura wszcz\u0119\u0142a \u015bledztwo&#8221;<\/a>.<\/p>\n<p>\u0179r\u00f3d\u0142a: bielsk.eu, RMF24, TVN24<\/p>\n","protected":false},"excerpt":{"rendered":"Cia\u0142o w mieszkaniu na terenie\u00a0Bielska Podlaskiego. Policja mia\u0142a zatrzyma\u0107 syna ofiary W pi\u0105tek 9 stycznia w jednym z&hellip;\n","protected":false},"author":2,"featured_media":198857,"comment_status":"","ping_status":"","sticky":false,"template":"","format":"standard","meta":{"footnotes":""},"categories":[12],"tags":[32,33,36,37,27,34,35,28,31,25,42,38,40,39,41,29,30,26],"class_list":{"0":"post-198856","1":"post","2":"type-post","3":"status-publish","4":"format-standard","5":"has-post-thumbnail","7":"category-polska","8":"tag-breaking-news","9":"tag-breakingnews","10":"tag-featured-news","11":"tag-featurednews","12":"tag-headlines","13":"tag-latest-news","14":"tag-latestnews","15":"tag-naglowki","16":"tag-najwazniejsze-artykuly","17":"tag-news","18":"tag-pl","19":"tag-poland","20":"tag-polish","21":"tag-polska","22":"tag-polski","23":"tag-top-stories","24":"tag-topstories","25":"tag-wiadomosci"},"share_on_mastodon":{"url":"https:\/\/pubeurope.com\/@pl\/115875258294865237","error":""},"_links":{"self":[{"href":"https:\/\/www.europesays.com\/pl\/wp-json\/wp\/v2\/posts\/198856","targetHints":{"allow":["GET"]}}],"collection":[{"href":"https:\/\/www.europesays.com\/pl\/wp-json\/wp\/v2\/posts"}],"about":[{"href":"https:\/\/www.europesays.com\/pl\/wp-json\/wp\/v2\/types\/post"}],"author":[{"embeddable":true,"href":"https:\/\/www.europesays.com\/pl\/wp-json\/wp\/v2\/users\/2"}],"replies":[{"embeddable":true,"href":"https:\/\/www.europesays.com\/pl\/wp-json\/wp\/v2\/comments?post=198856"}],"version-history":[{"count":0,"href":"https:\/\/www.europesays.com\/pl\/wp-json\/wp\/v2\/posts\/198856\/revisions"}],"wp:featuredmedia":[{"embeddable":true,"href":"https:\/\/www.europesays.com\/pl\/wp-json\/wp\/v2\/media\/198857"}],"wp:attachment":[{"href":"https:\/\/www.europesays.com\/pl\/wp-json\/wp\/v2\/media?parent=198856"}],"wp:term":[{"taxonomy":"category","embeddable":true,"href":"https:\/\/www.europesays.com\/pl\/wp-json\/wp\/v2\/categories?post=198856"},{"taxonomy":"post_tag","embeddable":true,"href":"https:\/\/www.europesays.com\/pl\/wp-json\/wp\/v2\/tags?post=198856"}],"curies":[{"name":"wp","href":"https:\/\/api.w.org\/{rel}","templated":true}]}}