{"id":198858,"date":"2026-01-11T07:21:13","date_gmt":"2026-01-11T07:21:13","guid":{"rendered":"https:\/\/www.europesays.com\/pl\/198858\/"},"modified":"2026-01-11T07:21:13","modified_gmt":"2026-01-11T07:21:13","slug":"zastrzelil-kobiete-z-minnesoty-kim-jest-jonathan-ross","status":"publish","type":"post","link":"https:\/\/www.europesays.com\/pl\/198858\/","title":{"rendered":"Zastrzeli\u0142 kobiet\u0119 z Minnesoty. Kim jest Jonathan Ross?"},"content":{"rendered":"<p>Funkcjonariusz s\u0142u\u017cby imigracyjnej Jonathan Ross, zastrzeli\u0142 Renee Nicole Good, kt\u00f3ra pr\u00f3bowa\u0142a odjecha\u0107 podczas policyjnej interwencji. Nagranie z\u00a0Minneapolis obieg\u0142o \u015bwiat. Donald Trump oraz jego zwolennicy staraj\u0105 si\u0119 usprawiedliwia\u0107 funkcjonariusza i\u00a0twierdz\u0105, \u017ce 37-latka pr\u00f3bowa\u0142a go potr\u0105ci\u0107 autem.<\/p>\n<p>Nie zapakujesz kanapek ju\u017c w\u00a0nic innego. To\u00a0prawdziwy game-changer <\/p>\n<p>Wed\u0142ug NBC News, Jonathan Ross s\u0142u\u017cy\u0142 w\u00a0Iraku jako cz\u0142onek Gwardii Narodowej. Na misji by\u0142 od listopada 2004 do listopada 2005 roku. Funkcjonariusz mia\u0142 otrzyma\u0107 liczne odznaczenia, w\u00a0tym medale Kampanii Irackiej, czy Globalnej Wojny z\u00a0Terroryzmem.<\/p>\n<p>W 2007 roku do\u0142\u0105czy\u0142 do Stra\u017cy Granicznej w\u00a0El Paso w\u00a0Teksasie i\u00a0pracowa\u0142 dla tej agencji do 2015 roku. Gromadzi\u0142 i\u00a0analizowa\u0142 informacje na temat karteli narkotykowych i\u00a0handlarzy lud\u017ami.<\/p>\n<p>R\u00f3wnie\u017c w\u00a02015 roku mia\u0142 do\u0142\u0105czy\u0107 do s\u0142u\u017cby imigracyjnej i\u00a0rozpocz\u0105\u0142 prac\u0119 w\u00a0Minnesocie. Wed\u0142ug NBC News, jego zadaniem by\u0142o identyfikowanie i\u00a0aresztowanie &#8222;cel\u00f3w o\u00a0wi\u0119kszej warto\u015bci&#8221;.<\/p>\n<p>W czerwcu Ross mia\u0142 zosta\u0107 ranny podczas pr\u00f3by aresztowania imigranta, kt\u00f3ry odm\u00f3wi\u0142 opuszczenia samochodu. W\u00f3wczas agentowi uda\u0142o si\u0119 wybi\u0107 szyb\u0119 i\u00a0wyci\u0105gn\u0105\u0107 kierowc\u0119 z\u00a0auta.<\/p>\n<p>Tymczasem Daily Mail dosnosi, \u017ce specjalny zesp\u00f3\u0142 przyby\u0142 do domu agenta. Zamaskowani oraz uzbrojeni funkcjonariusze mieli wynie\u015b\u0107 pi\u0119\u0107 du\u017cych plastikowych skrzy\u0144, wie\u017c\u0119 komputerow\u0105 i\u00a0stos ramek ze zdj\u0119ciami.<\/p>\n<p>Wed\u0142ug s\u0105siad\u00f3w, w\u00a0mieszkaniu agenta nie ma nikogo co najmniej od \u015brody. \u017bon\u0105 m\u0119\u017cczyzny jest filipi\u0144ska imigrantka. Jej rodzice r\u00f3wnie\u017c mieszkaj\u0105 w\u00a0USA, s\u0105 lekarzami.<\/p>\n<p>Para mieszka\u0142a w\u00a0Minneapolis co najmniej od 2015 roku i\u00a0ma dw\u00f3jk\u0119 dzieci. Jonathan Ross by\u0142 zagorza\u0142ym zwolennikiem Trumpa. Przed wyborami mia\u0142 wywiesza\u0107 flagi z\u00a0jego podobizn\u0105.<\/p>\n","protected":false},"excerpt":{"rendered":"Funkcjonariusz s\u0142u\u017cby imigracyjnej Jonathan Ross, zastrzeli\u0142 Renee Nicole Good, kt\u00f3ra pr\u00f3bowa\u0142a odjecha\u0107 podczas policyjnej interwencji. Nagranie z\u00a0Minneapolis obieg\u0142o&hellip;\n","protected":false},"author":2,"featured_media":198859,"comment_status":"","ping_status":"","sticky":false,"template":"","format":"standard","meta":{"footnotes":""},"categories":[5],"tags":[32,33,36,37,27,34,35,28,31,25,42,38,40,39,41,29,30,26],"class_list":{"0":"post-198858","1":"post","2":"type-post","3":"status-publish","4":"format-standard","5":"has-post-thumbnail","7":"category-naglowki","8":"tag-breaking-news","9":"tag-breakingnews","10":"tag-featured-news","11":"tag-featurednews","12":"tag-headlines","13":"tag-latest-news","14":"tag-latestnews","15":"tag-naglowki","16":"tag-najwazniejsze-artykuly","17":"tag-news","18":"tag-pl","19":"tag-poland","20":"tag-polish","21":"tag-polska","22":"tag-polski","23":"tag-top-stories","24":"tag-topstories","25":"tag-wiadomosci"},"share_on_mastodon":{"url":"https:\/\/pubeurope.com\/@pl\/115875262252046467","error":""},"_links":{"self":[{"href":"https:\/\/www.europesays.com\/pl\/wp-json\/wp\/v2\/posts\/198858","targetHints":{"allow":["GET"]}}],"collection":[{"href":"https:\/\/www.europesays.com\/pl\/wp-json\/wp\/v2\/posts"}],"about":[{"href":"https:\/\/www.europesays.com\/pl\/wp-json\/wp\/v2\/types\/post"}],"author":[{"embeddable":true,"href":"https:\/\/www.europesays.com\/pl\/wp-json\/wp\/v2\/users\/2"}],"replies":[{"embeddable":true,"href":"https:\/\/www.europesays.com\/pl\/wp-json\/wp\/v2\/comments?post=198858"}],"version-history":[{"count":0,"href":"https:\/\/www.europesays.com\/pl\/wp-json\/wp\/v2\/posts\/198858\/revisions"}],"wp:featuredmedia":[{"embeddable":true,"href":"https:\/\/www.europesays.com\/pl\/wp-json\/wp\/v2\/media\/198859"}],"wp:attachment":[{"href":"https:\/\/www.europesays.com\/pl\/wp-json\/wp\/v2\/media?parent=198858"}],"wp:term":[{"taxonomy":"category","embeddable":true,"href":"https:\/\/www.europesays.com\/pl\/wp-json\/wp\/v2\/categories?post=198858"},{"taxonomy":"post_tag","embeddable":true,"href":"https:\/\/www.europesays.com\/pl\/wp-json\/wp\/v2\/tags?post=198858"}],"curies":[{"name":"wp","href":"https:\/\/api.w.org\/{rel}","templated":true}]}}