{"id":198860,"date":"2026-01-11T07:22:11","date_gmt":"2026-01-11T07:22:11","guid":{"rendered":"https:\/\/www.europesays.com\/pl\/198860\/"},"modified":"2026-01-11T07:22:11","modified_gmt":"2026-01-11T07:22:11","slug":"szeremeta-na-gali-i-to-z-kim-u-boku-a-potem-rozczarowanie-to-juz-oficjalne","status":"publish","type":"post","link":"https:\/\/www.europesays.com\/pl\/198860\/","title":{"rendered":"Szeremeta na Gali, i to z kim u boku. A potem rozczarowanie, to ju\u017c oficjalne"},"content":{"rendered":"<p class=\"typography ids-typeset-body ids-typeset-body--preset-large link paragraph ids-paragraph ids-paragraph--default\">Tygodnie przed Gal\u0105 Mistrz\u00f3w Sportu Julia Szeremeta\u00a0przyznawa\u0142a, \u017ce ju\u017c szykuje form\u0119 i kreacj\u0119 na bal. Przy okazji Plebiscytu &#8222;Przegl\u0105du Sportowego&#8221; jej trener Tomasz Dylak przyzna\u0142, \u017ce <a href=\"https:\/\/sport.interia.pl\/boks\/news-szeremeta-i-jej-trener-oficjalnie-razem-oglaszaja-niespodzia,nId,22503713\" target=\"_self\" rel=\"nofollow noopener\">za\u0142o\u017cy\u0142 si\u0119 z podopieczn\u0105<\/a> o to, kt\u00f3re miejsce Julia zajmie w g\u0142osowaniu. &#8222;Co do Julki, to si\u0119 nawet za\u0142o\u017cyli\u015bmy o tysi\u0105c z\u0142otych. Ja powiedzia\u0142em, \u017ce Julka nie b\u0119dzie w dziesi\u0105tce, a Julka powiedzia\u0142a, \u017ce b\u0119dzie&#8221; &#8211; zdradzi\u0142 w TVP Sport.<\/p>\n<blockquote role=\"blockquote\" class=\"quote ids-quote ids-quote--nosurface--short--medium\"><p>Zak\u0142adzik poszed\u0142. Zobaczymy. Licz\u0119 na was, kochani- potwierdzi\u0142a Szeremeta.<\/p><\/blockquote>\n<p class=\"typography ids-typeset-body ids-typeset-body--preset-large link paragraph ids-paragraph ids-paragraph--default\">Poznali\u015bmy ju\u017c i wyniki plebiscytu i rezultat zak\u0142adu pi\u0119\u015bciarki i szkoleniowca. Niestety, tym razem Julia musia\u0142a zmierzy\u0107 si\u0119 z rozczarowaniem.<\/p>\n<p>Julia Szeremeta przegra\u0142a zak\u0142ad z trenerem. Niestety<\/p>\n<p class=\"typography ids-typeset-body ids-typeset-body--preset-large link paragraph ids-paragraph ids-paragraph--default\">Julia Szeremeta pojawi\u0142a si\u0119 na Gali Mistrz\u00f3w Sportu w eleganckim i kobiecym wydaniu. Jeszcze zanim impreza rozpocz\u0119\u0142a si\u0119 na dobre, zapozowa\u0142a na \u015bciance u boku m.in. swojego szkoleniowca, Tomasza Dylaka, kt\u00f3ry chwil\u0119 p\u00f3\u017aniej odebra\u0142 statuetk\u0119 dla Trenera Roku. Wyr\u00f3\u017cnienie wywo\u0142a\u0142o sporo komentarzy kibic\u00f3w i dziennikarzy.<\/p>\n<p class=\"typography ids-typeset-body ids-typeset-body--preset-large link paragraph ids-paragraph ids-paragraph--default\">&#8222;Cudownie &#8211; Tomasz Dylak Trenerem Roku! Cz\u0142owiek, kt\u00f3ry nie widzi ogranicze\u0144, nie widzi granic, ani barier &#8211; mia\u0142em przywilej odby\u0107 z nim wiele rozm\u00f3w, kt\u00f3re ukazywa\u0142y, jak wyj\u0105tkowym i nietuzinkowym jest fachowcem. Teraz kierunkiem jest pi\u0119\u015bciarskie niebo -z\u0142oto w Los Angeles&#8221; &#8211; oceni\u0142 Artur Gac z Interii Sport.<\/p>\n<p class=\"typography ids-typeset-body ids-typeset-body--preset-large link paragraph ids-paragraph ids-paragraph--default\">Sukces smakuje fantastycznie przede wszystkim samemu szkoleniowcowi, ale tak\u017ce jego podopiecznym z Juli\u0105 Szeremet\u0105 na czele. Co prawda ona sama r\u00f3wnie\u017c liczy\u0142a na nagrod\u0119, ale\u00a0tym razem musia\u0142a przyj\u0105\u0107 rozczarowanie.<\/p>\n<p class=\"typography ids-typeset-body ids-typeset-body--preset-large link paragraph ids-paragraph ids-paragraph--default\">Nie b\u0119dzie jednak zbyt wiele czasu na rozpami\u0119tywanie. Sportsmenka szykuje si\u0119 bowiem na nowe zawodowe wyzwania. &#8222;Moim celem na pewno b\u0119d\u0105 mistrzostwa Europy\u00a0seniorskie we wrze\u015bniu. Ale przed sob\u0105 mamy jeszcze trzy Puchary \u015awiata, kt\u00f3re s\u0105 w Brazylii, Uzbekistanie i Chinach. Na pewno b\u0119d\u0119 skupia\u0142a si\u0119 w tym roku na mocnym rozwoju i poprawie techniki&#8221; &#8211; zapowiedzia\u0142a bowiem ostatnio w &#8222;Dzie\u0144 dobry TVN&#8221;.<\/p>\n<p>PGE Projekt Warszawa &#8211; Asseco Resovia Rzesz\u00f3w. Skr\u00f3t meczu. WIDEOPolsat SportPolsat Sport<\/p>\n<p><img decoding=\"async\" class=\"ids-image-holder__img\" loading=\"lazy\" alt=\"Czworo elegancko ubranych os\u00f3b pozuje na tle \u015bciany z logotypami sponsor\u00f3w i organizator\u00f3w. Dwie kobiety stoj\u0105 po bokach, jedna w sukience wieczorowej, druga w mundurze, a dw\u00f3ch m\u0119\u017cczyzn w garniturach znajduje si\u0119 mi\u0119dzy nimi.\" title=\"Julia Szeremeta pojawi\u0142a si\u0119 na Gali w towarzystwie m.in. Tomasza Dylaka\" width=\"2000\" height=\"1333\" src=\"https:\/\/www.europesays.com\/pl\/wp-content\/uploads\/2026\/01\/000M6J8FXK3O70DV-C323-F4.webp.webp\"\/><\/p>\n<p>Julia Szeremeta pojawi\u0142a si\u0119 na Gali w towarzystwie m.in. Tomasza DylakaPawel WodzynskiEast News<\/p>\n<p><img decoding=\"async\" class=\"ids-image-holder__img\" loading=\"lazy\" alt=\"Julia Szeremeta\" title=\"Julia Szeremeta\" width=\"1500\" height=\"1000\" src=\"https:\/\/www.europesays.com\/pl\/wp-content\/uploads\/2026\/01\/000M6J1OMPQJGN0Y-C323-F4.webp.webp\"\/><\/p>\n<p>Julia SzeremetaAKPA<\/p>\n<p><img decoding=\"async\" class=\"ids-image-holder__img\" loading=\"lazy\" alt=\"Julia Szeremeta\" title=\"Julia Szeremeta\" width=\"1000\" height=\"1500\" src=\"https:\/\/www.europesays.com\/pl\/wp-content\/uploads\/2026\/01\/000M6J8EWHO26P26-C125-F4.webp.webp\"\/><\/p>\n<p>Julia SzeremetaAKPAAKPA<\/p>\n<p><a class=\"ids-undecorated-link source ids-page-info--source__link\" href=\"https:\/\/www.interia.pl\" rel=\"nofollow noopener\" target=\"_blank\"><img decoding=\"async\" class=\"ids-image-holder__img\" loading=\"lazy\" alt=\"\" title=\"\" height=\"24px\" src=\"https:\/\/www.europesays.com\/pl\/wp-content\/uploads\/2026\/01\/1767782590_880_0009A60QQ5I2TYF7-C202-F4.webp.webp\"\/><\/a><\/p>\n<p>Masz sugestie, uwagi albo widzisz b\u0142\u0105d? Napisz do nas<\/p>\n","protected":false},"excerpt":{"rendered":"Tygodnie przed Gal\u0105 Mistrz\u00f3w Sportu Julia Szeremeta\u00a0przyznawa\u0142a, \u017ce ju\u017c szykuje form\u0119 i kreacj\u0119 na bal. Przy okazji Plebiscytu&hellip;\n","protected":false},"author":2,"featured_media":198861,"comment_status":"","ping_status":"","sticky":false,"template":"","format":"standard","meta":{"footnotes":""},"categories":[24],"tags":[42,38,40,39,41,127,126],"class_list":{"0":"post-198860","1":"post","2":"type-post","3":"status-publish","4":"format-standard","5":"has-post-thumbnail","7":"category-sport","8":"tag-pl","9":"tag-poland","10":"tag-polish","11":"tag-polska","12":"tag-polski","13":"tag-sport","14":"tag-sports"},"share_on_mastodon":{"url":"https:\/\/pubeurope.com\/@pl\/115875266254223272","error":""},"_links":{"self":[{"href":"https:\/\/www.europesays.com\/pl\/wp-json\/wp\/v2\/posts\/198860","targetHints":{"allow":["GET"]}}],"collection":[{"href":"https:\/\/www.europesays.com\/pl\/wp-json\/wp\/v2\/posts"}],"about":[{"href":"https:\/\/www.europesays.com\/pl\/wp-json\/wp\/v2\/types\/post"}],"author":[{"embeddable":true,"href":"https:\/\/www.europesays.com\/pl\/wp-json\/wp\/v2\/users\/2"}],"replies":[{"embeddable":true,"href":"https:\/\/www.europesays.com\/pl\/wp-json\/wp\/v2\/comments?post=198860"}],"version-history":[{"count":0,"href":"https:\/\/www.europesays.com\/pl\/wp-json\/wp\/v2\/posts\/198860\/revisions"}],"wp:featuredmedia":[{"embeddable":true,"href":"https:\/\/www.europesays.com\/pl\/wp-json\/wp\/v2\/media\/198861"}],"wp:attachment":[{"href":"https:\/\/www.europesays.com\/pl\/wp-json\/wp\/v2\/media?parent=198860"}],"wp:term":[{"taxonomy":"category","embeddable":true,"href":"https:\/\/www.europesays.com\/pl\/wp-json\/wp\/v2\/categories?post=198860"},{"taxonomy":"post_tag","embeddable":true,"href":"https:\/\/www.europesays.com\/pl\/wp-json\/wp\/v2\/tags?post=198860"}],"curies":[{"name":"wp","href":"https:\/\/api.w.org\/{rel}","templated":true}]}}