{"id":198864,"date":"2026-01-11T07:26:07","date_gmt":"2026-01-11T07:26:07","guid":{"rendered":"https:\/\/www.europesays.com\/pl\/198864\/"},"modified":"2026-01-11T07:26:07","modified_gmt":"2026-01-11T07:26:07","slug":"pozar-w-crans-montana-wiceburmistrz-nicole-bonvin-clivaz-przeprasza-za-zaniedbania","status":"publish","type":"post","link":"https:\/\/www.europesays.com\/pl\/198864\/","title":{"rendered":"Po\u017car w Crans-Montana. Wiceburmistrz Nicole Bonvin Clivaz przeprasza za zaniedbania"},"content":{"rendered":"<p data-section=\"detail-body\">Bonvin Clivaz w rozmowie z telewizj\u0105 RTS wyrazi\u0142a wsp\u00f3\u0142czucie rodzinom ofiar i poprosi\u0142a o wybaczenie. Jej o\u015bwiadczenie pojawi\u0142o si\u0119 po konferencji prasowej burmistrza Nicolasa Ferauda, kt\u00f3ry potwierdzi\u0142, \u017ce od czterech lat nie przeprowadzano w barze \u017cadnych kontroli pod k\u0105tem bezpiecze\u0144stwa przeciwpo\u017carowego. <\/p>\n<p class=\"article_p\" data-section=\"detail-body\">Brak przeprosin ze strony burmistrza wywo\u0142a\u0142 fal\u0119 krytyki.<\/p>\n<p class=\"article_p\" data-section=\"detail-body\">Dalsza cz\u0119\u015b\u0107 artyku\u0142u pod materia\u0142em wideo:<\/p>\n<p class=\"article_p\" data-section=\"detail-body\">Wiceburmistrz podkre\u015bli\u0142a, \u017ce nie ma usprawiedliwienia dla braku przeprosin ze strony w\u0142adz. Zaznaczy\u0142a, \u017ce w sytuacjach kryzysowych \u0142atwo o niezdarno\u015b\u0107, ale obecnie najwa\u017cniejsze jest okazanie wsparcia rodzinom i ofiarom tragedii. Przyzna\u0142a r\u00f3wnie\u017c, \u017ce dosz\u0142o do zaniedba\u0144 w zakresie kontroli i w\u0142adze bior\u0105 za to odpowiedzialno\u015b\u0107.<\/p>\n<p>            Czytaj tak\u017ce w BUSINESS INSIDER<\/p>\n<p>        \u015aledztwo i nowe ustalenia<\/p>\n<p class=\"article_p\" data-section=\"detail-body\">Wed\u0142ug Nicole Bonvin Clivaz \u015bledztwo w sprawie po\u017caru mo\u017ce potrwa\u0107 d\u0142ugo, poniewa\u017c konieczne jest przeanalizowanie ca\u0142ej dokumentacji dotycz\u0105cej lokalu. W\u0142oska agencja Ansa, powo\u0142uj\u0105c si\u0119 na szwajcarsk\u0105 telewizj\u0119, poinformowa\u0142a, \u017ce w pi\u0105tek zosta\u0142 aresztowany wsp\u00f3\u0142w\u0142a\u015bciciel baru, Francuz Jacques Moretti. <\/p>\n<p class=\"article_p\" data-section=\"detail-body\">Podczas przes\u0142uchania mia\u0142 on przyzna\u0107, \u017ce wyj\u015bcie awaryjne by\u0142o zablokowane, a tak\u017ce, \u017ce samodzielnie zamontowa\u0142 na suficie d\u017awi\u0119koszczeln\u0105 piank\u0119, kt\u00f3ra zapali\u0142a si\u0119 od sztucznych ogni przymocowanych do butelek z szampanem.<\/p>\n<p class=\"article_p\" data-section=\"detail-body\">Czytaj tak\u017ce: <a href=\"https:\/\/businessinsider.com.pl\/prawo\/bezpieczenstwo-pozarowe-w-barach-i-restauracjach-jak-uniknac-tragedii\/v0wzrht\" id=\"6281818e-4558-4d57-8e52-8696fe41ac64\" rel=\"nofollow noopener\" target=\"_blank\">Po tragedii w Szwajcarii. Jak tego unikn\u0105\u0107 w Polsce?<\/a><\/p>\n<p class=\"article_p\" data-section=\"detail-body\">Moretti mia\u0142 r\u00f3wnie\u017c powiedzie\u0107, \u017ce po wybuchu po\u017caru, gdy uda\u0142o mu si\u0119 otworzy\u0107 drzwi awaryjne od zewn\u0105trz, znalaz\u0142 przy nich cia\u0142a os\u00f3b, kt\u00f3re pr\u00f3bowa\u0142y si\u0119 wydosta\u0107, lecz nie zdo\u0142a\u0142y opu\u015bci\u0107 budynku.<\/p>\n<p>        Odpowiedzialno\u015b\u0107 w\u0142a\u015bcicieli i mo\u017cliwe zarzuty<\/p>\n<p class=\"article_p\" data-section=\"detail-body\">Jacques Moretti oraz jego \u017cona Jessica zostali oskar\u017ceni o nieumy\u015blne spowodowanie \u015bmierci i uszczerbku na zdrowiu, a tak\u017ce o nieumy\u015blne wywo\u0142anie po\u017caru. Media informuj\u0105, \u017ce w najbli\u017cszych dniach mog\u0105 im zosta\u0107 postawione zarzuty zab\u00f3jstwa z zamiarem ewentualnym. Oznacza to, \u017ce sprawca przewiduje mo\u017cliwo\u015b\u0107 \u015bmierci cz\u0142owieka w wyniku swojego dzia\u0142ania i godzi si\u0119 na taki skutek, cho\u0107 nie jest to jego bezpo\u015brednim celem.<\/p>\n<p class=\"article_p\" data-section=\"detail-body\">Czytaj tak\u017ce: <a href=\"https:\/\/businessinsider.com.pl\/wiadomosci\/pozar-hali-folpak-w-minsku-mazowieckim-prokuratura-zapowiada-ogledziny\/jqbs56b\" id=\"39048521-8e02-466f-8f5f-753efc414ff0\" rel=\"nofollow noopener\" target=\"_blank\">Po\u017car hali w Mi\u0144sku Mazowieckim. Prokuratura zapowiada ogl\u0119dziny<\/a><\/p>\n<p class=\"article_p\" data-section=\"detail-body\">W\u015br\u00f3d 40 ofiar \u015bmiertelnych po\u017caru przewa\u017caj\u0105 m\u0142odzi ludzie pochodz\u0105cy z r\u00f3\u017cnych kraj\u00f3w. W wyniku zdarzenia obra\u017cenia odnios\u0142y tak\u017ce dwie Polki. \u015aledztwo w sprawie przyczyn i okoliczno\u015bci tragedii trwa, a w\u0142adze zapowiadaj\u0105 pe\u0142n\u0105 wsp\u00f3\u0142prac\u0119 z rodzinami poszkodowanych.<\/p>\n","protected":false},"excerpt":{"rendered":"Bonvin Clivaz w rozmowie z telewizj\u0105 RTS wyrazi\u0142a wsp\u00f3\u0142czucie rodzinom ofiar i poprosi\u0142a o wybaczenie. Jej o\u015bwiadczenie pojawi\u0142o&hellip;\n","protected":false},"author":2,"featured_media":198865,"comment_status":"","ping_status":"","sticky":false,"template":"","format":"standard","meta":{"footnotes":""},"categories":[14],"tags":[32,33,27,34,35,28,31,25,40,41,80,29,30,26,82,83,84],"class_list":{"0":"post-198864","1":"post","2":"type-post","3":"status-publish","4":"format-standard","5":"has-post-thumbnail","7":"category-swiat","8":"tag-breaking-news","9":"tag-breakingnews","10":"tag-headlines","11":"tag-latest-news","12":"tag-latestnews","13":"tag-naglowki","14":"tag-najwazniejsze-artykuly","15":"tag-news","16":"tag-polish","17":"tag-polski","18":"tag-swiat","19":"tag-top-stories","20":"tag-topstories","21":"tag-wiadomosci","22":"tag-world","23":"tag-world-news","24":"tag-worldnews"},"share_on_mastodon":{"url":"https:\/\/pubeurope.com\/@pl\/115875281881886250","error":""},"_links":{"self":[{"href":"https:\/\/www.europesays.com\/pl\/wp-json\/wp\/v2\/posts\/198864","targetHints":{"allow":["GET"]}}],"collection":[{"href":"https:\/\/www.europesays.com\/pl\/wp-json\/wp\/v2\/posts"}],"about":[{"href":"https:\/\/www.europesays.com\/pl\/wp-json\/wp\/v2\/types\/post"}],"author":[{"embeddable":true,"href":"https:\/\/www.europesays.com\/pl\/wp-json\/wp\/v2\/users\/2"}],"replies":[{"embeddable":true,"href":"https:\/\/www.europesays.com\/pl\/wp-json\/wp\/v2\/comments?post=198864"}],"version-history":[{"count":0,"href":"https:\/\/www.europesays.com\/pl\/wp-json\/wp\/v2\/posts\/198864\/revisions"}],"wp:featuredmedia":[{"embeddable":true,"href":"https:\/\/www.europesays.com\/pl\/wp-json\/wp\/v2\/media\/198865"}],"wp:attachment":[{"href":"https:\/\/www.europesays.com\/pl\/wp-json\/wp\/v2\/media?parent=198864"}],"wp:term":[{"taxonomy":"category","embeddable":true,"href":"https:\/\/www.europesays.com\/pl\/wp-json\/wp\/v2\/categories?post=198864"},{"taxonomy":"post_tag","embeddable":true,"href":"https:\/\/www.europesays.com\/pl\/wp-json\/wp\/v2\/tags?post=198864"}],"curies":[{"name":"wp","href":"https:\/\/api.w.org\/{rel}","templated":true}]}}