{"id":198866,"date":"2026-01-11T07:27:10","date_gmt":"2026-01-11T07:27:10","guid":{"rendered":"https:\/\/www.europesays.com\/pl\/198866\/"},"modified":"2026-01-11T07:27:10","modified_gmt":"2026-01-11T07:27:10","slug":"tarnowo-podgorne-wielki-pozar-hali-magazynowej","status":"publish","type":"post","link":"https:\/\/www.europesays.com\/pl\/198866\/","title":{"rendered":"Tarnowo Podg\u00f3rne: Wielki po\u017car hali magazynowej"},"content":{"rendered":"<p>\n                        37 minut temu                         <br \/>Aktualizacja: 19 minut temu                                            <\/p>\n<p>                                  <img decoding=\"async\" itemprop=\"image\" style=\"display:none;\" src=\"https:\/\/www.europesays.com\/pl\/wp-content\/uploads\/2026\/01\/000M6JJKEET0GCDR-C316.webp.webp\" alt=\"P\u0142onie hala magazynowa w Tarnowie Podg\u00f3rnym pod Poznaniem. Po\u017car wybuch\u0142 w niedzielny poranek. Z ogniem walcz\u0105 liczne zast\u0119py stra\u017cy po\u017carnej.\" title=\"Wielki po\u017car hali magazynowej pod Poznaniem - Pozna\u0144\"\/><\/p>\n<p class=\"article-lead\">P\u0142onie hala magazynowa w Tarnowie Podg\u00f3rnym pod Poznaniem. Po\u017car wybuch\u0142 w niedzielny poranek. Z ogniem walcz\u0105 liczne zast\u0119py stra\u017cy po\u017carnej.<\/p>\n<p>                         &#13;<br \/>\n        &#13;<\/p>\n<p>                                        &#13;<br \/>\n                        &#13;<br \/>\n                            <img decoding=\"async\" src=\"https:\/\/www.europesays.com\/pl\/wp-content\/uploads\/2026\/01\/000M6JJKEET0GCDR-C123-F4.jpg\" title=\"Wielki po\u017car hali magazynowej pod Poznaniem\" alt=\"Po\u017car hali magazynowej w Tarnowie Podg\u00f3rnym \/KW PSP POZNA\u0143 \/\" class=\"img-responsive\"\/>&#13;<\/p>\n<p>                            &#13;<\/p>\n<p>      &#13;<br \/>\n                            Po\u017car hali magazynowej w Tarnowie Podg\u00f3rnym&#13;<br \/>\n                                    \/KW PSP POZNA\u0143 \/   &#13;\n                                    <\/p>\n<p>&#13;<\/p>\n<ul>\n<li>Najnowsze informacje z\u00a0kraju i\u00a0ze \u015bwiata na\u00a0<a href=\"https:\/\/www.rmf24.pl\/\" rel=\"nofollow noopener\" target=\"_blank\">rmf24.pl<\/a>.<\/li>\n<\/ul>\n<p>O godz. 6:36 do wielkopolskich stra\u017cak\u00f3w wp\u0142yn\u0119\u0142o zg\u0142oszenie o\u00a0po\u017carze budynku magazynowego, o\u00a0wymiarach 200&#215;60 m &#8211; poinformowa\u0142a wielkopolska PSP.<\/p>\n<p>Na miejsce zadysponowano 30 zast\u0119p\u00f3w stra\u017cak\u00f3w, wraz z\u00a0Grup\u0105 Operacyjn\u0105 Wielkopolskiego Komenda Wojew\u00f3dzkiego PSP.<\/p>\n<p>Nie ma informacji o\u00a0poszkodowanych.\u00a0<\/p>\n<p>Artyku\u0142 w\u00a0trakcie aktualizacji.<\/p>\n<p>    &#13;<br \/>\n        &#13;<\/p>\n<p>                                        &#13;<br \/>\n                        &#13;<br \/>\n                            <img decoding=\"async\" src=\"https:\/\/www.europesays.com\/pl\/wp-content\/uploads\/2026\/01\/000M6JJNJ0CRRLPT-C123-F4.jpg\" title=\"Wielki po\u017car hali magazynowej pod Poznaniem\" alt=\"Hala w Tarnowie Podg\u00f3rnym w niedziel\u0119 stan\u0119\u0142a w ogniu \/KW PSP POZNA\u0143\" class=\"img-responsive\"\/>&#13;<\/p>\n<p>                            &#13;<\/p>\n<p>      &#13;<br \/>\n                            Hala w Tarnowie Podg\u00f3rnym w niedziel\u0119 stan\u0119\u0142a w ogniu&#13;<br \/>\n                                    \/KW PSP POZNA\u0143   &#13;\n                                    <\/p>\n<p>&#13;<\/p>\n<p>    &#13;<br \/>\n        &#13;<\/p>\n<p>                                        &#13;<br \/>\n                        &#13;<br \/>\n                            <img decoding=\"async\" src=\"https:\/\/www.europesays.com\/pl\/wp-content\/uploads\/2026\/01\/000M6JJPIMMBM9GH-C123-F4.jpg\" title=\"Wielki po\u017car hali magazynowej pod Poznaniem\" alt=\"Ogie\u0144 obj\u0105\u0142 hal\u0119 magazynow\u0105 \/KW PSP POZNA\u0143 \/\" class=\"img-responsive\"\/>&#13;<\/p>\n<p>                            &#13;<\/p>\n<p>      &#13;<br \/>\n                            Ogie\u0144 obj\u0105\u0142 hal\u0119 magazynow\u0105&#13;<br \/>\n                                    \/KW PSP POZNA\u0143 \/   &#13;\n                                    <\/p>\n<p>&#13;<\/p>\n","protected":false},"excerpt":{"rendered":"37 minut temu Aktualizacja: 19 minut temu P\u0142onie hala magazynowa w Tarnowie Podg\u00f3rnym pod Poznaniem. Po\u017car wybuch\u0142 w&hellip;\n","protected":false},"author":2,"featured_media":198867,"comment_status":"","ping_status":"","sticky":false,"template":"","format":"standard","meta":{"footnotes":""},"categories":[12],"tags":[32,33,36,37,27,34,35,28,31,25,42,38,40,39,41,29,30,26],"class_list":{"0":"post-198866","1":"post","2":"type-post","3":"status-publish","4":"format-standard","5":"has-post-thumbnail","7":"category-polska","8":"tag-breaking-news","9":"tag-breakingnews","10":"tag-featured-news","11":"tag-featurednews","12":"tag-headlines","13":"tag-latest-news","14":"tag-latestnews","15":"tag-naglowki","16":"tag-najwazniejsze-artykuly","17":"tag-news","18":"tag-pl","19":"tag-poland","20":"tag-polish","21":"tag-polska","22":"tag-polski","23":"tag-top-stories","24":"tag-topstories","25":"tag-wiadomosci"},"share_on_mastodon":{"url":"https:\/\/pubeurope.com\/@pl\/115875285944915578","error":""},"_links":{"self":[{"href":"https:\/\/www.europesays.com\/pl\/wp-json\/wp\/v2\/posts\/198866","targetHints":{"allow":["GET"]}}],"collection":[{"href":"https:\/\/www.europesays.com\/pl\/wp-json\/wp\/v2\/posts"}],"about":[{"href":"https:\/\/www.europesays.com\/pl\/wp-json\/wp\/v2\/types\/post"}],"author":[{"embeddable":true,"href":"https:\/\/www.europesays.com\/pl\/wp-json\/wp\/v2\/users\/2"}],"replies":[{"embeddable":true,"href":"https:\/\/www.europesays.com\/pl\/wp-json\/wp\/v2\/comments?post=198866"}],"version-history":[{"count":0,"href":"https:\/\/www.europesays.com\/pl\/wp-json\/wp\/v2\/posts\/198866\/revisions"}],"wp:featuredmedia":[{"embeddable":true,"href":"https:\/\/www.europesays.com\/pl\/wp-json\/wp\/v2\/media\/198867"}],"wp:attachment":[{"href":"https:\/\/www.europesays.com\/pl\/wp-json\/wp\/v2\/media?parent=198866"}],"wp:term":[{"taxonomy":"category","embeddable":true,"href":"https:\/\/www.europesays.com\/pl\/wp-json\/wp\/v2\/categories?post=198866"},{"taxonomy":"post_tag","embeddable":true,"href":"https:\/\/www.europesays.com\/pl\/wp-json\/wp\/v2\/tags?post=198866"}],"curies":[{"name":"wp","href":"https:\/\/api.w.org\/{rel}","templated":true}]}}