{"id":198868,"date":"2026-01-11T07:28:27","date_gmt":"2026-01-11T07:28:27","guid":{"rendered":"https:\/\/www.europesays.com\/pl\/198868\/"},"modified":"2026-01-11T07:28:27","modified_gmt":"2026-01-11T07:28:27","slug":"z-tekstyliami-juz-nie-trzeba-jechac-do-pszok-ale-jest-jeden-warunek","status":"publish","type":"post","link":"https:\/\/www.europesays.com\/pl\/198868\/","title":{"rendered":"Z tekstyliami ju\u017c nie trzeba jecha\u0107 do PSZOK. Ale jest jeden warunek"},"content":{"rendered":"<p>\t\t\t    \t<img decoding=\"async\" src=\"https:\/\/www.europesays.com\/pl\/wp-content\/uploads\/2026\/01\/283470_r0_940.jpg\" itemprop=\"image\" alt=\"Z tekstyliami ju\u017c nie trzeba jecha\u0107 do PSZOK. Ale jest jeden warunek\" title=\"Warszawskie dzielnie maj\u0105 dzia\u0142a\u0107 w sze\u015bciu dzielnicach\" class=\"gallery-image\" fetchpriority=\"high\"\/><\/p>\n<p>\t\t\t\t\t\t\tWarszawskie dzielnie maj\u0105 dzia\u0142a\u0107 w sze\u015bciu dzielnicach<\/p>\n<p>\n\t\t\t\t\t\t\t\t\tSSO \/ Sp\u00f3\u0142dzielnia Socjalna Ochota \/ Facebook\n\t\t\t\t\t\t\t\t<\/p>\n<p>\n\t\t\tObowi\u0105zek selektywnej zbi\u00f3rki tekstyli\u00f3w od 1 stycznia 2025 r. przerzuci\u0142 koszty na gminy i zostawi\u0142 samorz\u0105dy z problemem zagospodarowania odpad\u00f3w. Cz\u0119\u015b\u0107 miast testuje nowe rozwi\u0105zania, m.in. bezp\u0142atne punkty wymiany.\n\t\t<\/p>\n<ul>&#13;<\/p>\n<li>Selektywna zbi\u00f3rka tekstyli\u00f3w od 1 stycznia 2025 r. okaza\u0142a si\u0119 dla gmin du\u017cym obci\u0105\u017ceniem organizacyjnym i finansowym.<\/li>\n<p>&#13;<\/p>\n<li>Zmiany przepis\u00f3w sprawi\u0142y, \u017ce odpowiedzialno\u015b\u0107 za zagospodarowanie tekstyli\u00f3w spad\u0142a na samorz\u0105dy.<\/li>\n<p>&#13;<\/p>\n<li>Warszawa uruchamia pilota\u017c dziewi\u0119ciu punkt\u00f3w bezp\u0142atnej wymiany rzeczy \u201eDzielnie\u201d, by ograniczy\u0107 strumie\u0144 odpad\u00f3w tekstylnych.<\/li>\n<p>&#13;\n<\/ul>\n<p>&#13;<br \/>\nOdpady tekstylne du\u017cym problemem dla mieszka\u0144c\u00f3w miast&#13;<\/p>\n<p>Obowi\u0105zek selektywnej zbi\u00f3rki tekstyli\u00f3w, kt\u00f3ry wszed\u0142 w \u017cycie 1 stycznia 2025 r., okaza\u0142 si\u0119 znacznie wi\u0119kszym problemem ni\u017c przewidywano. Ministerstwo Klimatu zmieni\u0142o przepisy, ale odpowiedzialno\u015b\u0107 spad\u0142a na gminy. W efekcie, samorz\u0105dy zosta\u0142y z tonami tekstyli\u00f3w do zagospodarowania i z kolejnymi kosztami.\u00a0<\/p>\n<p>&#13;<\/p>\n<p>\t\t\t\t\t<a href=\"https:\/\/www.portalsamorzadowy.pl\/gospodarka-komunalna\/z-tymi-tekstyliami-nie-trzeba-jechac-do-pszok-ministerstwo-daje-zielone-swiatlo,643338.html\" class=\"read-more-box-img-cnt\" rel=\"nofollow noopener\" target=\"_blank\"><br \/>\n\t\t\t\t<img decoding=\"async\" loading=\"lazy\" width=\"300\" height=\"200\" src=\"https:\/\/www.europesays.com\/pl\/wp-content\/uploads\/2026\/01\/282825_r0_300.jpg\" alt=\"Z tymi tekstyliami nie trzeba jecha\u0107 do PSZOK. Ministerstwo daje zielone \u015bwiat\u0142o\" class=\"read-more-box-img\"\/><br \/>\n\t\t\t<\/a><\/p>\n<p>&#13;<\/p>\n<p>Przez rok kryzys uda\u0142o si\u0119 rozwi\u0105za\u0107, cho\u0107 gminy nara\u017cone s\u0105 na kolejne wydatki, a odpady tekstylne nie s\u0105 zagospodarowywane tak skutecznie jak wcze\u015bniej.<\/p>\n<p>&#13;<\/p>\n<p>Odpady tekstylne mo\u017cna zawozi\u0107 do PSZOK-a, ale miasta maj\u0105 r\u00f3\u017cne pomys\u0142y na tego typu odpady. <a href=\"https:\/\/www.portalsamorzadowy.pl\/gospodarka-komunalna\/nowy-kolor-w-segregacji-smieci-od-1-stycznia-fioletowe-pojemniki,643669.html\" target=\"_blank\" rel=\"nofollow noopener\">W\u015br\u00f3d nich s\u0105 np. worki i pojemniki w odpowiednim kolorze, do kt\u00f3rych mieszka\u0144cy mog\u0105 wrzuca\u0107 star\u0105 odzie\u017c<\/a>.<\/p>\n<p>&#13;<br \/>\nZ tekstyliami nie trzeba jecha\u0107 do PSZOK. Jest jednak warunek\u00a0&#13;<\/p>\n<p>Inny pomys\u0142 ma Warszawa. Od stycznia w sze\u015bciu dzielnicach ruszaj\u0105 nowe punkty bezp\u0142atnej wymiany rzeczy, czyli &#8222;Dzielnie&#8221;. Warszawskie &#8222;Dzielnie&#8221; to miejsca, gdzie mo\u017cemy pozostawi\u0107 przedmioty ju\u017c nam nie potrzebne, mog\u0105ce przyda\u0107 si\u0119 innym, m.in. tekstylia.<\/p>\n<p>&#13;<\/p>\n<p>\t\t\t\t\t<a href=\"https:\/\/www.portalsamorzadowy.pl\/gospodarka-komunalna\/nowe-stawki-za-odpady-od-stycznia-podwyzki-do-nawet-53-zl-od-osoby,643876.html\" class=\"read-more-box-img-cnt\" rel=\"nofollow noopener\" target=\"_blank\"><br \/>\n\t\t\t\t<img decoding=\"async\" loading=\"lazy\" width=\"300\" height=\"200\" src=\"https:\/\/www.europesays.com\/pl\/wp-content\/uploads\/2026\/01\/283119_r0_300.jpg\" alt=\"Nowe stawki za odpady. Od stycznia podwy\u017cki do nawet 53 z\u0142 od osoby\" class=\"read-more-box-img\"\/><br \/>\n\t\t\t<\/a><\/p>\n<p>&#13;<\/p>\n<p>Operator\u00f3w projektu wy\u0142oniono w konkursie. W ramach pilota\u017cu w stolicy powstanie dziewi\u0119\u0107 \u201eDzielni\u201d, zlokalizowanych w r\u00f3\u017cnych dzielnicach, m.in. na Mokotowie, \u017boliborzu, Bielanach, w \u015ar\u00f3dmie\u015bciu oraz na Pradze.<\/p>\n<p>&#13;<\/p>\n<p>\t\t\t\t\t<a href=\"https:\/\/www.portalsamorzadowy.pl\/gospodarka-komunalna\/wroci-30-procentowy-limit-na-spalanie-odpadow-ministerstwo-odpowiada-na-petycje,643970.html\" class=\"read-more-box-img-cnt\" rel=\"nofollow noopener\" target=\"_blank\"><br \/>\n\t\t\t\t<img decoding=\"async\" loading=\"lazy\" width=\"300\" height=\"200\" src=\"https:\/\/www.europesays.com\/pl\/wp-content\/uploads\/2026\/01\/283163_r0_300.jpg\" alt=\"Wr\u00f3ci 30-procentowy limit na spalanie odpad\u00f3w? Ministerstwo odpowiada na petycj\u0119\" class=\"read-more-box-img\"\/><br \/>\n\t\t\t<\/a><\/p>\n<p>&#13;<\/p>\n<p>&#8222;Dzielnie&#8221; to miejsca wymiany:<\/p>\n<p>&#13;<\/p>\n<ul>&#13;<\/p>\n<li>ubra\u0144,\u00a0tekstyli\u00f3w,<\/li>\n<p>&#13;<\/p>\n<li>ksi\u0105\u017cek,<\/li>\n<p>&#13;<\/p>\n<li>zabawek,<\/li>\n<p>&#13;<\/p>\n<li>sprz\u0119tu elektronicznego RTV i AGD,<\/li>\n<p>&#13;<\/p>\n<li>mebli,<\/li>\n<p>&#13;<\/p>\n<li>ro\u015blin.<\/li>\n<p>&#13;\n<\/ul>\n<p>&#13;<\/p>\n<blockquote><p>&#13;<\/p>\n<p>Wa\u017cne jest jednak, by trafia\u0142y tam jedynie rzeczy w dobrym stanie. Odpady nale\u017cy oddawa\u0107 do PSZOK-\u00f3w lub MPSZOK-\u00f3w<\/p>\n<p>&#13;\n<\/p><\/blockquote>\n<p>&#13;<\/p>\n<p>&#8211; podkre\u015bla urz\u0105d miasta.<\/p>\n<p>&#13;<\/p>\n<p>Integraln\u0105 cz\u0119\u015b\u0107 projektu maj\u0105 stanowi\u0107 warsztaty edukacji ekologicznej, kt\u00f3re b\u0119d\u0105 organizowane w &#8222;Dzielniach&#8221; i dost\u0119pne dla wszystkich ch\u0119tnych.<\/p>\n<p>\t\t\t\t<img decoding=\"async\" src=\"https:\/\/www.europesays.com\/pl\/wp-content\/uploads\/2025\/12\/copyright.png\"\/><\/p>\n<p>Materia\u0142 chroniony prawem autorskim &#8211; zasady przedruk\u00f3w okre\u015bla <a href=\"https:\/\/www.portalsamorzadowy.pl\/korzystanie-z-serwisu.html\" rel=\"nofollow noopener\" target=\"_blank\">regulamin<\/a>.<\/p>\n","protected":false},"excerpt":{"rendered":"Warszawskie dzielnie maj\u0105 dzia\u0142a\u0107 w sze\u015bciu dzielnicach SSO \/ Sp\u00f3\u0142dzielnia Socjalna Ochota \/ Facebook Obowi\u0105zek selektywnej zbi\u00f3rki tekstyli\u00f3w&hellip;\n","protected":false},"author":2,"featured_media":198869,"comment_status":"","ping_status":"","sticky":false,"template":"","format":"standard","meta":{"footnotes":""},"categories":[5],"tags":[664,1178,1177,35610,10368,16795,32,33,36,37,27,34,35,28,31,1175,35608,16793,10366,25,42,38,40,39,41,29,30,1176,35609,16794,10367,26],"class_list":{"0":"post-198868","1":"post","2":"type-post","3":"status-publish","4":"format-standard","5":"has-post-thumbnail","7":"category-naglowki","8":"tag-typedefinedterm","9":"tag-0-html","10":"tag-1177","11":"tag-21761-html","12":"tag-565-html","13":"tag-63-html","14":"tag-breaking-news","15":"tag-breakingnews","16":"tag-featured-news","17":"tag-featurednews","18":"tag-headlines","19":"tag-latest-news","20":"tag-latestnews","21":"tag-naglowki","22":"tag-najwazniejsze-artykuly","23":"tag-nameserwis-gospodarka-odpadami","24":"tag-nametekstylia","25":"tag-namewarszawa","26":"tag-namewojewu00f3dztwo-mazowieckie","27":"tag-news","28":"tag-pl","29":"tag-poland","30":"tag-polish","31":"tag-polska","32":"tag-polski","33":"tag-top-stories","34":"tag-topstories","35":"tag-urlhttps-www-portalsamorzadowy-pl-gospodarka-komunalna-podserwis-serwis-gospodarka-odpadami","36":"tag-urlhttps-www-portalsamorzadowy-pl-klucze-tekstylia","37":"tag-urlhttps-www-portalsamorzadowy-pl-klucze-warszawa","38":"tag-urlhttps-www-portalsamorzadowy-pl-klucze-wojewodztwo-mazowieckie","39":"tag-wiadomosci"},"share_on_mastodon":{"url":"","error":"Validation failed: Text character limit of 500 exceeded"},"_links":{"self":[{"href":"https:\/\/www.europesays.com\/pl\/wp-json\/wp\/v2\/posts\/198868","targetHints":{"allow":["GET"]}}],"collection":[{"href":"https:\/\/www.europesays.com\/pl\/wp-json\/wp\/v2\/posts"}],"about":[{"href":"https:\/\/www.europesays.com\/pl\/wp-json\/wp\/v2\/types\/post"}],"author":[{"embeddable":true,"href":"https:\/\/www.europesays.com\/pl\/wp-json\/wp\/v2\/users\/2"}],"replies":[{"embeddable":true,"href":"https:\/\/www.europesays.com\/pl\/wp-json\/wp\/v2\/comments?post=198868"}],"version-history":[{"count":0,"href":"https:\/\/www.europesays.com\/pl\/wp-json\/wp\/v2\/posts\/198868\/revisions"}],"wp:featuredmedia":[{"embeddable":true,"href":"https:\/\/www.europesays.com\/pl\/wp-json\/wp\/v2\/media\/198869"}],"wp:attachment":[{"href":"https:\/\/www.europesays.com\/pl\/wp-json\/wp\/v2\/media?parent=198868"}],"wp:term":[{"taxonomy":"category","embeddable":true,"href":"https:\/\/www.europesays.com\/pl\/wp-json\/wp\/v2\/categories?post=198868"},{"taxonomy":"post_tag","embeddable":true,"href":"https:\/\/www.europesays.com\/pl\/wp-json\/wp\/v2\/tags?post=198868"}],"curies":[{"name":"wp","href":"https:\/\/api.w.org\/{rel}","templated":true}]}}