{"id":198870,"date":"2026-01-11T07:29:09","date_gmt":"2026-01-11T07:29:09","guid":{"rendered":"https:\/\/www.europesays.com\/pl\/198870\/"},"modified":"2026-01-11T07:29:09","modified_gmt":"2026-01-11T07:29:09","slug":"oto-nowa-inwestycja-malysza-25-milionow-ujawniamy-kulisy","status":"publish","type":"post","link":"https:\/\/www.europesays.com\/pl\/198870\/","title":{"rendered":"Oto nowa inwestycja Ma\u0142ysza. 25 milion\u00f3w. Ujawniamy kulisy"},"content":{"rendered":"<p class=\"art_paragraph\">W ostatnich latach krajobraz polskich zawod\u00f3w Pucharu \u015awiata zmienia si\u0119 nieznacznie. Doskonale znamy Zakopane &#8211; Krup\u00f3wki czy okolice Wielkiej Krokwi. W Wi\u015ble te\u017c wszystko zazwyczaj wygl\u0105da\u0142o podobnie &#8211; do tego roku. Przechodz\u0105c przez centrum miasta w grudniu da\u0142o si\u0119 zauwa\u017cy\u0107 jedno miejsce, kt\u00f3rego do tej pory tam nie by\u0142o. Okaza\u0142o si\u0119, \u017ce niedaleko rynku powstaje budynek \u015bci\u015ble zwi\u0105zany ze skokami. A konkretniej &#8211; nowa inwestycja <a href=\"https:\/\/www.sport.pl\/adam-malysz#anchorLink\" rel=\"nofollow noopener\" target=\"_blank\">Adama Ma\u0142ysza<\/a>.<\/p>\n<p>\n    Zobacz wideo Nowa inwestycja Ma\u0142ysza. Kosztowa\u0142a 25 mln z\u0142otych\n  <\/p>\n<p> Nowa inwestycja Ma\u0142ysza kosztowa\u0142a ponad 25 mln z\u0142otych. Oto, co b\u0119dzie mo\u017cna tam zobaczy\u0107<\/p>\n<p class=\"art_paragraph\">Chodzi o Beskidzkie Centrum Narciarstwa imienia Adama Ma\u0142ysza. To nowa, nieco zmieniona, forma galerii trofe\u00f3w jednego z najlepszych skoczk\u00f3w w historii.<\/p>\n<p class=\"art_paragraph\">Stara galeria powsta\u0142a w 2007 roku i gromadzi\u0142a w jednym budynku ponad 1000 eksponat\u00f3w z ca\u0142ej kariery &#8222;Or\u0142a z Wis\u0142y&#8221;. Znajdowa\u0142a si\u0119 jednak kawa\u0142ek od centrum miasta, w do\u015b\u0107 przestarza\u0142ym budynku fundacji Adama i Izabeli Ma\u0142ysz\u00f3w. Od kilku lat Ma\u0142ysz zwraca\u0142 uwag\u0119, \u017ce jego galeria by\u0142a zalewana przy obfitych opadach w Wi\u015ble, a do tego nie by\u0142a ju\u017c tak licznie odwiedzana przez <a href=\"https:\/\/www.sport.pl\/kibice#anchorLink\" rel=\"nofollow noopener\" target=\"_blank\">kibic\u00f3w<\/a>.<\/p>\n<p>   <img decoding=\"async\" src=\"https:\/\/www.europesays.com\/pl\/wp-content\/uploads\/2026\/01\/z20528789IH,Adam-Malysz.jpg\" class=\"article-related-photo-picture__img\" loading=\"lazy\" alt=\"Adam Ma\u0142ysz\" style=\"aspect-ratio: 2048 \/ 1364\"\/><\/p>\n<p>   Adam Ma\u0142yszFot. Agnieszka Morcinek \/ Agencja Wyborcza.pl<\/p>\n<p class=\"art_paragraph\">&#8211; Mamy dosy\u0107 tanie bilety, wi\u0119c raczej nie zarabiam na tym du\u017co. S\u0105 takie miesi\u0105ce, \u017ce i trzeba do tego dok\u0142ada\u0107, bo pr\u0105d kosztuje, trzeba op\u0142aci\u0107 pracownik\u00f3w. Na pewno okres od pa\u017adziernika do grudnia w przypadku tego miejsca jest do\u015b\u0107 ci\u0119\u017cki. Najlepszy jest maj, okres matur, gdy przyje\u017cd\u017caj\u0105 wycieczki, \u017ceby nie przeszkadza\u0107 tym pisz\u0105cym. Ale \u017ceby to by\u0142 biznes przynosz\u0105cy kokosy, to nie. Cz\u0119sto jest tak: wla\u0142, wyla\u0142 &#8211; m\u00f3wi\u0142 nam szczerze Ma\u0142ysz <a href=\"https:\/\/www.sport.pl\/skoki\/7,65074,30590774,smierc-pokazala-sie-malyszowi-przed-oczami-juz-bylo-troszke.html\" class=\"art_link\" rel=\"dofollow noopener\" target=\"_blank\">w d\u0142ugiej rozmowie z 2024 roku<\/a>.<\/p>\n<p class=\"art_paragraph\">Od kilku lat pojawia\u0142 si\u0119 zatem pomys\u0142, \u017ceby we wsp\u00f3\u0142pracy z wojewod\u0105 \u015bl\u0105skim i w\u0142adzami miasta stworzy\u0107 nowy projekt. Ostatecznie stan\u0119\u0142o w\u0142a\u015bnie na stworzeniu Beskidzkiego Centrum Narciarstwa, kt\u00f3rego Ma\u0142ysz zosta\u0142 patronem. B\u0119dzie te\u017c bohaterem g\u0142\u00f3wnej wystawy prezentowanej w nowym miejscu na mapie Wis\u0142y. Ta wystawa ma by\u0107 o wiele bardziej multimedialna i nowoczesna ni\u017c ta, kt\u00f3r\u0105 kibice pami\u0119taj\u0105 z galerii otwartej 19 lat temu. Tamta na pocz\u0105tku swojego istnienia s\u0142yn\u0119\u0142a z tego, \u017ce nie mo\u017cna by\u0142o robi\u0107 zdj\u0119\u0107 w sali z najwa\u017cniejszymi trofeami Polaka &#8211; czterema Kryszta\u0142owymi Kulami, medalami olimpijskimi i tymi z <a href=\"https:\/\/www.sport.pl\/pilka\/7,64946,32468737,mistrzostwa-swiata-bez-argentyny-fifa-monitoruje-sytuacje.html#anchorLink\" rel=\"nofollow noopener\" target=\"_blank\">mistrzostw \u015bwiata<\/a>. Odwiedzaj\u0105cych straszono monitoringiem. Teraz wszystko ma by\u0107 dost\u0119pne dla turyst\u00f3w, a nawet znacznie bardziej przyst\u0119pne &#8211; merytoryczn\u0105 cz\u0119\u015bci\u0105 wystawy zaj\u0119\u0142a si\u0119 firma New Amsterdam z Krakowa, kt\u00f3ra pracowa\u0142a np. przy\u00a0Muzeum II Wojny \u015awiatowej w Gda\u0144sku.<\/p>\n<p class=\"art_paragraph\">Inwestycj\u0119 zainicjowali\u00a0<a href=\"https:\/\/www.sport.pl\/skoki\/7,65074,32490922,tak-adam-malysz-spedza-swieta-niewiele-osob-wie-jakiego-jest.html#anchorLink\" rel=\"nofollow noopener\" target=\"_blank\">Adam Ma\u0142ysz<\/a>,\u00a0by\u0142y marsza\u0142ek wojew\u00f3dztwa \u015bl\u0105skiego Jakub Che\u0142stowski oraz burmistrz Wis\u0142y Tomasz Bujok. Jej pe\u0142ny koszt to\u00a025 830 737,27 z\u0142otych. Z tych ponad 25 milion\u00f3w blisko 18 milion\u00f3w to \u015brodki pozyskane dzi\u0119ki Funduszom Europejskim Unii Europejskiej.<\/p>\n<p> Otwarcie &#8222;mo\u017ce w maju&#8221;. Ma\u0142ysz mia\u0142 ofert\u0119 z innego miasta, ale j\u0105 odrzuci\u0142<\/p>\n<p class=\"art_paragraph\">Otwarcie BCN jednak si\u0119 op\u00f3\u017ania. Gdy byli\u015bmy w Wi\u015ble w grudniu, wida\u0107 by\u0142o jeszcze, \u017ce na zewn\u0105trz jest troch\u0119 element\u00f3w do wyko\u0144czenia i wok\u00f3\u0142 bry\u0142y budynku nadal jest plac budowy, ale pozosta\u0142o ju\u017c przede wszystkim wype\u0142nienie przygotowywanych sal. Planowo wszystko mia\u0142o zosta\u0107 uko\u0144czone pod koniec 2025 roku, ale teraz Ma\u0142ysz przyznaje nam, \u017ce to uda si\u0119 raczej wiosn\u0105 2026. &#8211; Mo\u017ce w maju &#8211; m\u00f3wi z nadziej\u0105 prezes Polskiego Zwi\u0105zku Narciarskiego.<\/p>\n<p class=\"art_paragraph\">Jak sam Ma\u0142ysz widzi t\u0119 now\u0105 atrakcj\u0119 w Wi\u015ble? &#8211;\u00a0B\u0119dzie ju\u017c nowoczesna, \u017ceby te\u017c m\u0142odzie\u017c troch\u0119 zainteresowa\u0107. B\u0119dzie cz\u0119\u015b\u0107 rajdowa, b\u0119dzie te\u017c sporo starych <a href=\"https:\/\/www.sport.pl\/narty\/0,110056.html#anchorLink\" rel=\"nofollow noopener\" target=\"_blank\">nart<\/a>, bo ja jestem ich zbieraczem. B\u0119dzie tam pokazane troch\u0119 historii. Ale te\u017c b\u0119dzie troch\u0119 multimedi\u00f3w &#8211; wskazuje. &#8211; Mia\u0142em propozycj\u0119 z innego miasta, nie powiem, z jakiego. Jak poszed\u0142em do naszego burmistrza, to burmistrz powiedzia\u0142 &#8222;No nie, nie, jak to tak? Z Wis\u0142y si\u0119 chcesz wyprowadzi\u0107?&#8221;. Ja m\u00f3wi\u0119: &#8222;No nie chcia\u0142bym, ale moja stara galeria sta\u0142a si\u0119 ju\u017c za ma\u0142ym i zbyt przestarza\u0142ym miejscem&#8221;. I st\u0105d wtedy powsta\u0142 pomys\u0142, \u017ceby stworzy\u0107 tak\u0105 nowoczesn\u0105 galeri\u0119 &#8211; t\u0142umaczy Ma\u0142ysz.<\/p>\n<p class=\"art_paragraph\">Poza Ma\u0142yszem i tym, co sam zgromadzi w budynku, tematem wystaw b\u0119dzie historia narciarstwa w Beskidach. A z ni\u0105 przedstawienie sylwetek m.in. Stefana Huli,\u00a0Jana Raszki, Jana Kawuloka, Jana Szturca, Piotra Fijasa, Aleksandra Zniszczo\u0142a czy Piotra \u017by\u0142y. Najwi\u0119cej do zmieszczenia w gablotach BCN mia\u0142by na pewno ten ostatni. Sam, cho\u0107 wie, \u017ce centrum powstaje i ma mie\u0107 go uwzgl\u0119dnionego na wystawie, nie wie jeszcze, co tam si\u0119 znajdzie i co ewentualnie przeka\u017ce do wn\u0119trza budynku. &#8211; To jest do ustalenia, ale fajnie, \u017ce co\u015b takiego powstaje &#8211; m\u00f3wi \u017by\u0142a. I dodaje, \u017ce sam nigdy nie chcia\u0142 mie\u0107 swojej galerii czy jakiego\u015b rodzaju muzeum. &#8211; Moje trofea s\u0105 u rodzic\u00f3w w pensjonacie w Ustroniu. I kto chcia\u0142, ten m\u00f3g\u0142 i dalej mo\u017ce\u00a0je tam zobaczy\u0107 &#8211; przekazuje skoczek.<\/p>\n<p> Galeria Stocha prze\u017cywa obl\u0119\u017cenie<\/p>\n<p class=\"art_paragraph\">W Zakopanem, gdzie w ten weekend odbywaj\u0105 si\u0119 zawody Pucharu \u015awiata, obl\u0119\u017cenie prze\u017cywa za to galeria trofe\u00f3w Kamila Stocha &#8211; Kamiland. Odwiedza j\u0105 po kilkaset go\u015bci dziennie. To w ko\u0144cu ostatnie konkursy trzykrotnego mistrza olimpijskiego na Wielkiej Krokwi, wi\u0119c nie ma co si\u0119 dziwi\u0107 wielkiemu zainteresowaniu kibic\u00f3w.<\/p>\n<p class=\"art_paragraph\">Wizyta w Kamilandzie przed zawodami to dla wielu wr\u0119cz obowi\u0105zek. &#8211; Oczywi\u015bcie znam galeri\u0119 Kamila, by\u0142em w niej. Jest bardzo fajna, wszystko jest tam uporz\u0105dkowane tematycznie, jest multimedialna &#8211; zachwala Ma\u0142ysz. I absolutnie nie chce si\u0119 licytowa\u0107, w czyjej galerii b\u0119dzie wi\u0119cej trofe\u00f3w. &#8211; Wiadomo, \u017ce Kryszta\u0142owych Kul ja mam wi\u0119cej, ale Kamil ma z\u0142ote medale olimpijskie, kt\u00f3rych ja nie mam &#8211; u\u015bmiecha si\u0119 prezes PZN.<\/p>\n<p class=\"art_paragraph\">W sobot\u0119 skoczkowie rywalizowali w Zakopanem w konkursie duet\u00f3w. Niedzielne zawody indywidualne P\u015a, ostatnie dla Stocha na Wielkiej Krokwi, rozpoczn\u0105 si\u0119 o godz. 16. Relacje na \u017cywo na Sport.pl i w aplikacji Sport.pl LIVE.<\/p>\n","protected":false},"excerpt":{"rendered":"W ostatnich latach krajobraz polskich zawod\u00f3w Pucharu \u015awiata zmienia si\u0119 nieznacznie. Doskonale znamy Zakopane &#8211; Krup\u00f3wki czy okolice&hellip;\n","protected":false},"author":2,"featured_media":198871,"comment_status":"","ping_status":"","sticky":false,"template":"","format":"standard","meta":{"footnotes":""},"categories":[24],"tags":[42,38,40,39,41,127,126],"class_list":{"0":"post-198870","1":"post","2":"type-post","3":"status-publish","4":"format-standard","5":"has-post-thumbnail","7":"category-sport","8":"tag-pl","9":"tag-poland","10":"tag-polish","11":"tag-polska","12":"tag-polski","13":"tag-sport","14":"tag-sports"},"share_on_mastodon":{"url":"https:\/\/pubeurope.com\/@pl\/115875293902537206","error":""},"_links":{"self":[{"href":"https:\/\/www.europesays.com\/pl\/wp-json\/wp\/v2\/posts\/198870","targetHints":{"allow":["GET"]}}],"collection":[{"href":"https:\/\/www.europesays.com\/pl\/wp-json\/wp\/v2\/posts"}],"about":[{"href":"https:\/\/www.europesays.com\/pl\/wp-json\/wp\/v2\/types\/post"}],"author":[{"embeddable":true,"href":"https:\/\/www.europesays.com\/pl\/wp-json\/wp\/v2\/users\/2"}],"replies":[{"embeddable":true,"href":"https:\/\/www.europesays.com\/pl\/wp-json\/wp\/v2\/comments?post=198870"}],"version-history":[{"count":0,"href":"https:\/\/www.europesays.com\/pl\/wp-json\/wp\/v2\/posts\/198870\/revisions"}],"wp:featuredmedia":[{"embeddable":true,"href":"https:\/\/www.europesays.com\/pl\/wp-json\/wp\/v2\/media\/198871"}],"wp:attachment":[{"href":"https:\/\/www.europesays.com\/pl\/wp-json\/wp\/v2\/media?parent=198870"}],"wp:term":[{"taxonomy":"category","embeddable":true,"href":"https:\/\/www.europesays.com\/pl\/wp-json\/wp\/v2\/categories?post=198870"},{"taxonomy":"post_tag","embeddable":true,"href":"https:\/\/www.europesays.com\/pl\/wp-json\/wp\/v2\/tags?post=198870"}],"curies":[{"name":"wp","href":"https:\/\/api.w.org\/{rel}","templated":true}]}}