{"id":198874,"date":"2026-01-11T07:32:13","date_gmt":"2026-01-11T07:32:13","guid":{"rendered":"https:\/\/www.europesays.com\/pl\/198874\/"},"modified":"2026-01-11T07:32:13","modified_gmt":"2026-01-11T07:32:13","slug":"zwolnienia-i-drozyzna-polacy-tego-nie-widza-czuja-sie-zamozni-jak-nigdy-analiza","status":"publish","type":"post","link":"https:\/\/www.europesays.com\/pl\/198874\/","title":{"rendered":"Zwolnienia i dro\u017cyzna? Polacy tego nie widz\u0105. Czuj\u0105 si\u0119 zamo\u017cni jak nigdy [ANALIZA]"},"content":{"rendered":"\n<p>W grudniu 2025 r. 67 proc. Polak\u00f3w ankietowanych przez CBOS dobrze oceni\u0142o warunki materialne swojego gospodarstwa domowego. To najwy\u017cszy odsetek w\u00a0historii tego badania, si\u0119gaj\u0105cej ko\u0144ca lat 80. XX w. Z\u0142\u0105 sytuacj\u0119 materialn\u0105 zadeklarowa\u0142o zaledwie 4\u00a0proc. ankietowanych. R\u00f3\u017cnica mi\u0119dzy tymi odsetkami r\u00f3wnie\u017c nigdy wcze\u015bniej nie by\u0142a tak du\u017ca.<\/p>\n<p>Te dane, pochodz\u0105ce z\u00a0comiesi\u0119cznego badania nastroj\u00f3w spo\u0142ecznych CBOS-u, maluj\u0105 nieco inny, bardziej optymistyczny obraz sytuacji finansowej Polak\u00f3w ni\u017c podobne wska\u017aniki publikowane przez GUS oraz Komisj\u0119 Europejsk\u0105, kt\u00f3re s\u0105 cz\u0119\u015bciej przywo\u0142ywane w\u00a0mediach. <\/p>\n<p>     <img decoding=\"async\" src=\"https:\/\/www.europesays.com\/pl\/wp-content\/uploads\/2026\/01\/MzBiNTJmYhsjCzhnZRZvDmBTbD0jT2FYN0t0dmUOYktyWn4sf1t8VSQAIjE4CD0VbA48IToMOgpsGSJ7Kx0kVTRYYTAjHj0WIxBh.jpeg\" width=\"1030\" height=\"561\" loading=\"lazy\" class=\"wp-media-image\" alt=\"Niemal 70 proc. Polak\u00f3w jest zadowolona ze swoich warunk\u00f3w mater\" data-lightbox=\"true\"\/> Niemal 70 proc. Polak\u00f3w jest zadowolona ze swoich warunk\u00f3w materialnych \u00a9 Licencjodawca | CBOS <img role=\"presentation\" class=\"absolute left-1\/2 top-1\/2 max-h-[80%] max-w-[100px] -translate-x-1\/2 -translate-y-1\/2\" src=\"https:\/\/v.wpimg.pl\/ZXJfd3AudTkrBBIAbg54LGhcRlAxHQUrPgJGH2MAeGJoSQ1eIBI_K2UHAEVuBTY5KQMMXC0RPyoVERQdMgM9ejc\" loading=\"lazy\" decoding=\"async\"\/> <\/p>\n<p>Obliczany przez GUS <a href=\"https:\/\/www.money.pl\/gospodarka\/nowe-dane-o-koniunkturze-gus-odslania-karty-7223825114712576a.html\" rel=\"noopener noreferrer nofollow\" target=\"_blank\">Bie\u017c\u0105cy Wska\u017anik Ufno\u015bci Konsumenckiej<\/a> (BWUK) w\u00a0grudniu utrzyma\u0142 si\u0119 na listopadowym poziomie -9,9 pkt. To wynik wysoki na tle poprzednich kilku lat, ale we wcze\u015bniejszych miesi\u0105cach 2025 r. bywa\u0142 nawet wy\u017cszy. Przede wszystkim jednak BWUK jest wci\u0105\u017c zdecydowanie poni\u017cej szczytu sprzed pandemii COVID-19, od kt\u00f3rej rozpocz\u0105\u0142 si\u0119 ci\u0105g wstrz\u0105s\u00f3w podkopuj\u0105cych nastroje spo\u0142eczne nad Wis\u0142\u0105. W\u00a02019 r. wska\u017anik ten przekracza\u0142 bowiem 10 pkt.<\/p>\n<p>&#8222;Na tym powinno si\u0119 skupi\u0107 nasze pokolenie&#8221;. Czego uczy\u0107 dzieci w\u00a0kwestii pieni\u0119dzy <\/p>\n<p>Sk\u0142onno\u015b\u0107 do\u00a0du\u017cych zakup\u00f3w daleka od\u00a0rekord\u00f3w <\/p>\n<p>BWUK, podobnie jak publikowany przez Komisj\u0119 Europejsk\u0105 ESI, kt\u00f3ry najbli\u017cej szczytu sprzed pandemii znalaz\u0142 si\u0119 w\u00a0maju 2024 r., to wska\u017aniki syntetyczne. S\u0105 obliczane na podstawie odpowiedzi konsument\u00f3w na kilka pyta\u0144, kt\u00f3re dotycz\u0105 nie tylko ich sytuacji finansowej, ale te\u017c <a href=\"https:\/\/www.money.pl\/gospodarka\/najwyzszy-wzrost-pkb-od-trzech-lat-polska-w-czolowce-ue-7222409483467712a.html\" rel=\"noopener noreferrer nofollow\" target=\"_blank\">stanu gospodarki<\/a> oraz oczekiwa\u0144. To jedna z\u00a0przyczyn rozbie\u017cno\u015bci mi\u0119dzy tymi wska\u017anikami a\u00a0wynikami badania CBOS-u. Ale nawet je\u015bli wzi\u0105\u0107 pod uwag\u0119 pojedyncze sk\u0142adowe BWUK, nie wida\u0107 w\u00a0nich nadzwyczajnego optymizmu.<\/p>\n<p> <img role=\"presentation\" class=\"absolute left-1\/2 top-1\/2 max-h-[80%] max-w-[100px] -translate-x-1\/2 -translate-y-1\/2\" src=\"https:\/\/v.wpimg.pl\/ZXJfd3AudTkrBBIAbg54LGhcRlAxHQUrPgJGH2MAeGJoSQ1eIBI_K2UHAEVuBTY5KQMMXC0RPyoVERQdMgM9ejc\" loading=\"lazy\" decoding=\"async\"\/> <a href=\"https:\/\/www.money.pl\/gospodarka\/dochody-rosna-ale-ubogich-przybywa-ten-paradoks-wiele-tlumaczy-analiza-7203997168356128a.html\" class=\"teaser-inline\" rel=\"nofollow noopener\" target=\"_blank\">  <img decoding=\"async\" src=\"https:\/\/www.europesays.com\/pl\/wp-content\/uploads\/2025\/10\/MmFkYWNkYgwnCS9kYRBvGWRRez4nSWFPM0ljdWFaf1V2E3YxJwcoHyMbNnkpGTgdJxwpeT4HYgw2AnYhf0QpBDUbNTY3RCgAJA49.jpeg\" width=\"0\" height=\"0\" loading=\"lazy\" class=\"wp-media-image cropped\" alt=\"Dochody rosn\u0105, ale ubogich przybywa. Ten paradoks wiele t\u0142umaczy [ANALIZA]\"\/><\/p>\n<p>Dochody rosn\u0105, ale ubogich przybywa. Ten paradoks wiele t\u0142umaczy [ANALIZA]<\/p>\n<p><\/a> <\/p>\n<p>Przyk\u0142adowo: wska\u017anik obrazuj\u0105cy zmian\u0119 sytuacji finansowej gospodarstw domowych na przestrzeni poprzedzaj\u0105cych 12 miesi\u0119cy wynosi\u0142 w\u00a0grudniu -5,2 pkt., podczas gdy w\u00a02019 r. przebi\u0142 7\u00a0pkt. Ujemny wynik oznacza, \u017ce os\u00f3b, kt\u00f3re zg\u0142osi\u0142y pogorszenie swojej sytuacji, jest wi\u0119cej ni\u017c os\u00f3b, kt\u00f3rych sytuacja poprawi\u0142a si\u0119. Miara sk\u0142onno\u015bci konsument\u00f3w do dokonywania wa\u017cnych zakup\u00f3w &#8211;\u00a0najcz\u0119\u015bciej analizowana przez ekonomist\u00f3w sk\u0142adowa BWUK &#8211;\u00a0wynosi\u0142a w\u00a0grudniu -2,9 pkt., a\u00a0w\u00a0listopadzie -2,6 pkt. To wyniki najwy\u017csze od lat, ale radykalnie ni\u017csze ni\u017c przed pandemi\u0105, gdy wska\u017anik ten zbli\u017ca\u0142 si\u0119 do 20 pkt.<\/p>\n<p> <a href=\"https:\/\/www.money.pl\/gospodarka\/odra-nie-jest-juz-granica-dobrobytu-niektore-regiony-polski-sa-bogatsze-analiza-7216425950173856a.html\" class=\"teaser-inline\" rel=\"nofollow noopener\" target=\"_blank\">  <img decoding=\"async\" src=\"https:\/\/www.europesays.com\/pl\/wp-content\/uploads\/2025\/12\/YzJiNDQ2dhsrCzh3fkl7DmhTbC04EHVYP0t0Zn4Da0J6EWEiOF48CC8ZIWo2QCwKKx4-aiFedhs6AGEyYB09EzkZIiUoHTwXKAwq.jpeg\" width=\"0\" height=\"0\" loading=\"lazy\" class=\"wp-media-image cropped\" alt=\"Odra nie jest ju\u017c granic\u0105 dobrobytu. Niekt\u00f3re regiony Polski s\u0105 bogatsze [ANALIZA]\"\/><\/p>\n<p>Odra nie jest ju\u017c granic\u0105 dobrobytu. Niekt\u00f3re regiony Polski s\u0105 bogatsze [ANALIZA]<\/p>\n<p><\/a> <img role=\"presentation\" class=\"absolute left-1\/2 top-1\/2 max-h-[80%] max-w-[100px] -translate-x-1\/2 -translate-y-1\/2\" src=\"https:\/\/v.wpimg.pl\/ZXJfd3AudTkrBBIAbg54LGhcRlAxHQUrPgJGH2MAeGJoSQ1eIBI_K2UHAEVuBTY5KQMMXC0RPyoVERQdMgM9ejc\" loading=\"lazy\" decoding=\"async\"\/> <\/p>\n<p>Tymczasem odsetek os\u00f3b, kt\u00f3re w\u00a0badaniu CBOS dobrze oceniaj\u0105 warunki materialne swojego gospodarstwa domowego, ju\u017c w\u00a0lipcu 2025 r. przebi\u0142 szczyt sprzed pandemii (64 pkt.). W\u00a0grudniu ten rekord poprawi\u0142, a\u00a0jego zwy\u017cka w\u00a0ostatnim miesi\u0105cu roku by\u0142a najwi\u0119ksza od lat 2017-2018.<\/p>\n<p>Badanie CBOS przeprowadzone jest na reprezentatywnej pr\u00f3bie niespe\u0142na 1000 os\u00f3b. Wyniki obarczone s\u0105 wi\u0119c b\u0142\u0119dem statystycznym na poziomie oko\u0142o 3\u00a0pkt proc. (czyli bezpiecznie mo\u017cna za\u0142o\u017cy\u0107, \u017ce w\u00a0ca\u0142ej populacji odsetek os\u00f3b dobrze oceniaj\u0105cych sytuacj\u0119 materialn\u0105 swojego gospodarstwa domowego wynosi\u0142 w\u00a0grudniu od 64 do 70 proc.). Do niewielkich miesi\u0119cznych waha\u0144 wynik\u00f3w takich bada\u0144 nie nale\u017cy wi\u0119c przyk\u0142ada\u0107 zbyt du\u017cej wagi. Ale rekordowo dobre oceny sytuacji materialnej gospodarstw domowych znajduj\u0105 uzasadnienie w\u00a0innych danych.<\/p>\n<p> <img role=\"presentation\" class=\"absolute left-1\/2 top-1\/2 max-h-[80%] max-w-[100px] -translate-x-1\/2 -translate-y-1\/2\" src=\"https:\/\/v.wpimg.pl\/ZXJfd3AudTkrBBIAbg54LGhcRlAxHQUrPgJGH2MAeGJoSQ1eIBI_K2UHAEVuBTY5KQMMXC0RPyoVERQdMgM9ejc\" loading=\"lazy\" decoding=\"async\"\/><\/p>\n<p>Wydatki nie nad\u0105\u017caj\u0105 za\u00a0dochodami <\/p>\n<p>Wed\u0142ug OECD i\u00a0GUS w\u00a0pierwszych trzech kwarta\u0142ach 2025 r. realny doch\u00f3d do dyspozycji na osob\u0119 \u2013\u00a0czyli si\u0142a nabywcza przeci\u0119tnego dochodu, nie tylko z\u00a0pracy, ale te\u017c z\u00a0wszelkich pieni\u0119\u017cnych \u015bwiadcze\u0144 spo\u0142ecznych, po odj\u0119ciu sk\u0142adek i\u00a0podatk\u00f3w \u2013\u00a0r\u00f3s\u0142 w\u00a0tempie bliskim 6,1 proc. rok do roku. To oznacza, \u017ce realne dochody gospodarstw domowych ros\u0142y niemal r\u00f3wnie szybko co rok wcze\u015bniej, mimo \u017ce waloryzacja transfer\u00f3w spo\u0142ecznych by\u0142a mniej hojna, a\u00a0<a href=\"https:\/\/www.money.pl\/gospodarka\/oto-zarobki-polakow-gus-pokazal-mediane-7240813561567744a.html\" rel=\"noopener noreferrer nofollow\" target=\"_blank\">dynamika p\u0142ac<\/a> wyra\u017anie opad\u0142a: w\u00a0pierwszych trzech kwarta\u0142ach 2025 r. przeci\u0119tne wynagrodzenie w\u00a0gospodarce narodowej wzros\u0142o o\u00a08,8 proc. rok do roku, w\u00a0por\u00f3wnaniu do 13,7 proc. w\u00a02024 r. To sugeruje, \u017ce podskoczy\u0142y dochody Polak\u00f3w z\u00a0innych \u017ar\u00f3de\u0142, np. z\u00a0tytu\u0142u samozatrudnienia lub z\u00a0w\u0142asno\u015bci.<\/p>\n<p>     <img decoding=\"async\" src=\"https:\/\/www.europesays.com\/pl\/wp-content\/uploads\/2026\/01\/NWJmNjk1YTYrDzhZREpsI2hXbAMCE2J1P090SERSYW96XTZcXwVhMSMBKxgOQSF5LR87GgpGPnk6AWELG1hhIXtCKgMYQSI2M0Ir.jpeg\" width=\"800\" height=\"644\" loading=\"lazy\" class=\"wp-media-image\" alt=\"Minione dwa lata to okres bezprecedensowego wzrostu dochod\u00f3w \" data-lightbox=\"true\"\/> Minione dwa lata to okres bezprecedensowego wzrostu realnych dochod\u00f3w gospodarstw domowych \u00a9 money.pl | Wojciech Kozio\u0142 <\/p>\n<p>Ostatni kwarta\u0142 2025 r. prawdopodobnie nie by\u0142 pod wzgl\u0119dem wzrostu dochod\u00f3w gospodarstw domowych wyra\u017anie s\u0142abszy. Z\u00a0jednej strony zwi\u0119kszy\u0142y si\u0119 obci\u0105\u017cenia podatkowe (bo za spraw\u0105 rosn\u0105cych p\u0142ac coraz wi\u0119kszy odsetek pracuj\u0105cych wpada w\u00a0<a href=\"https:\/\/www.money.pl\/podatki\/drugi-prog-podatkowy-zatacza-coraz-szersze-kregi-dla-niektorych-to-bolesne-zaskoczenie-7229838734130080a.html\" rel=\"noopener noreferrer nofollow\" target=\"_blank\">drugi pr\u00f3g podatkowy<\/a>), z\u00a0drugiej jednak istotnie wyhamowa\u0142a inflacja. W\u00a0ostatnich trzech miesi\u0105cach minionego roku <a href=\"https:\/\/www.money.pl\/gospodarka\/inflacja-w-polsce-ostatni-taki-raport-w-tym-roku-7238331273705984a.html\" rel=\"noopener noreferrer nofollow\" target=\"_blank\">ceny towar\u00f3w i\u00a0us\u0142ug konsumpcyjnych<\/a> ros\u0142y w\u00a0tempie 2,6 proc. rocznie w\u00a0por\u00f3wnaniu do 4\u00a0proc. rocznie we wcze\u015bniejszych dziewi\u0119ciu miesi\u0105cach.<\/p>\n<p> <img role=\"presentation\" class=\"absolute left-1\/2 top-1\/2 max-h-[80%] max-w-[100px] -translate-x-1\/2 -translate-y-1\/2\" src=\"https:\/\/v.wpimg.pl\/ZXJfd3AudTkrBBIAbg54LGhcRlAxHQUrPgJGH2MAeGJoSQ1eIBI_K2UHAEVuBTY5KQMMXC0RPyoVERQdMgM9ejc\" loading=\"lazy\" decoding=\"async\"\/> <\/p>\n<p>Tak szybki wzrost dochod\u00f3w pozwala\u0142 gospodarstwom domowym finansowa\u0107 nawet du\u017ce wydatki i\u00a0poprawia\u0107 standard \u017cycia. Przyk\u0142adowo, ju\u017c w\u00a02024 r. odsetek gospodarstw domowych dysponuj\u0105cych autem podskoczy\u0142 o\u00a02,1 pkt proc., najbardziej od 2010 r.,\u00a0je\u015bli pomin\u0105\u0107 pandemiczny 2020 r., gdy popyt na samochody zwi\u0105zany by\u0142 z\u00a0obawami przed korzystaniem ze \u015brodk\u00f3w komunikacji zbiorowej. Miniony rok by\u0142 za\u015b pod tym wzgl\u0119dem najprawdopodobniej nawet lepszy ze wzgl\u0119du na to, \u017ce zatrzyma\u0142 si\u0119 wzrost cen aut. Z\u00a0danych instytutu SAMAR wynika, \u017ce liczba <a href=\"https:\/\/informacje.wp.pl\/wiadomosci\/import-aut-uzywanych-sprowadzamy-mniej-uzywek-niz-w-latach-ubieglych-7241302316660865a\" rel=\"noopener noreferrer nofollow\" target=\"_blank\">rejestracji nowych samochod\u00f3w<\/a> osobowych podskoczy\u0142a o\u00a08,3 proc., do najwy\u017cszego w\u00a0historii poziomu 597,4 tys. Liczba importowanych aut zmala\u0142a o\u00a02\u00a0proc., ale zmieni\u0142a si\u0119 struktura kupowanych pojazd\u00f3w: na korzy\u015b\u0107 m\u0142odszych.<\/p>\n<p>     <img decoding=\"async\" src=\"https:\/\/www.europesays.com\/pl\/wp-content\/uploads\/2026\/01\/MjNjMGI2YgsvCDt0ZklvHmxQby4gEGFIO0h3ZWZRYlt2Wn0_eAZ4WmEMJCssQCgaIUQqNTxCLB0-RD0rZlM9A2EcfGgtWz4aIgs0.jpeg\" width=\"1800\" height=\"1450\" loading=\"lazy\" class=\"wp-media-image\" alt=\"Polskie gospodarstwa domowe s\u0105 coraz lepiej wyposa\u017cone.\" data-lightbox=\"true\"\/> Polskie gospodarstwa domowe s\u0105 coraz lepiej wyposa\u017cone \u00a9 money.pl | Wojciech Kozio\u0142 <\/p>\n<p>Co jednak wa\u017cniejsze, wzrost <a href=\"https:\/\/www.money.pl\/gospodarka\/jestesmy-coraz-bogatsi-wydajemy-jak-biedacy-polacy-przecza-prawom-ekonomii-analiza-7156912228354592a.html\" rel=\"noopener noreferrer nofollow\" target=\"_blank\">wydatk\u00f3w konsumpcyjnych<\/a> w\u00a0Polsce od kilku lat nie dotrzymuje kroku wzrostowi dochod\u00f3w. Tak by\u0142o te\u017c w\u00a02025 r., gdy konsumpcja, w\u00a0pierwszych trzech kwarta\u0142ach roku ros\u0142a realnie (w cenach sta\u0142ych) w\u00a0tempie 3,5 proc. rok do roku. W\u00a0rezultacie gospodarstwa domowe utrzymuj\u0105 wysok\u0105 stop\u0105 oszcz\u0119dno\u015bci: wed\u0142ug wylicze\u0144 ekonomist\u00f3w z\u00a0PKO BP Polacy przeci\u0119tnie odk\u0142adali ostatnio oko\u0142o 8\u00a0proc. swoich dochod\u00f3w do dyspozycji. To za\u015b pozwala\u0142o im odbudowa\u0107 oszcz\u0119dno\u015bci.<\/p>\n<p> <img role=\"presentation\" class=\"absolute left-1\/2 top-1\/2 max-h-[80%] max-w-[100px] -translate-x-1\/2 -translate-y-1\/2\" src=\"https:\/\/v.wpimg.pl\/ZXJfd3AudTkrBBIAbg54LGhcRlAxHQUrPgJGH2MAeGJoSQ1eIBI_K2UHAEVuBTY5KQMMXC0RPyoVERQdMgM9ejc\" loading=\"lazy\" decoding=\"async\"\/> <a href=\"https:\/\/www.money.pl\/gospodarka\/blisko-idealu-tak-bedzie-rozwijala-sie-polska-gospodarka-analiza-7236410201644000a.html\" class=\"teaser-inline\" rel=\"nofollow noopener\" target=\"_blank\">  <img decoding=\"async\" src=\"https:\/\/www.europesays.com\/pl\/wp-content\/uploads\/2026\/01\/OGE5MjZlYCYkVztZdRdtM2cPbwMzTmNlMBd3SHVdfX91TWIMMwAqNSBFIkQ9Hjo3JEI9RCoAYCY1XGIca0MrLjZFIQsjQyoqJ1Ap.jpeg\" width=\"0\" height=\"0\" loading=\"lazy\" class=\"wp-media-image cropped\" alt=\"Blisko idea\u0142u. Tak b\u0119dzie rozwija\u0142a si\u0119 polska gospodarka [ANALIZA]\"\/><\/p>\n<p>Blisko idea\u0142u. Tak b\u0119dzie rozwija\u0142a si\u0119 polska gospodarka [ANALIZA]<\/p>\n<p><\/a><\/p>\n<p>Warto\u015b\u0107 oszcz\u0119dno\u015bci zn\u00f3w ro\u015bnie <\/p>\n<p>Wed\u0142ug danych NBP i\u00a0PFR, w\u00a0II kwartale <a href=\"https:\/\/www.money.pl\/pieniadze\/michal-zulawinski\/polacy-maja-za-duzo-pieniedzy-w-bankach-za-malo-na-gieldzie-czas-to-zmienic-opinia-7236240348253152a.html\" rel=\"noopener noreferrer nofollow\" target=\"_blank\">aktywa finansowe<\/a> gospodarstw domowych si\u0119gn\u0119\u0142y niemal 3,6 bln z\u0142. W\u00a0ci\u0105gu roku wzros\u0142y o\u00a010,8 proc. Realna warto\u015b\u0107 tych aktyw\u00f3w (tzn. ich si\u0142a nabywcza) wci\u0105\u017c by\u0142a wprawdzie mniejsza ni\u017c w\u00a0rekordowym IV kwartale 2021 r., gdy zacz\u0119\u0142a topnie\u0107 pod wp\u0142ywem wysokiej inflacji, ale ju\u017c tylko o\u00a03,2 proc. <a href=\"https:\/\/www.money.pl\/gospodarka\/puchna-oszczednosci-polakow-do-rekordu-wciaz-jednak-daleko-analiza-7197032920976320a.html\" rel=\"noopener noreferrer nofollow\" target=\"_blank\">Kwarta\u0142 wcze\u015bniej<\/a> ten dystans si\u0119ga\u0142 5\u00a0proc. Bior\u0105c pod uwag\u0119 to, jak szybko aktywa finansowe przyrastaj\u0105, na koniec 2025 r. tak\u017ce w\u00a0uj\u0119ciu realnym by\u0142y zapewne rekordowo wysokie.<\/p>\n<p>Jednocze\u015bnie mala\u0142o zad\u0142u\u017cenie gospodarstw domowych. Dlatego aktywa finansowe w\u00a0uj\u0119ciu netto by\u0142y w\u00a0II kwartale minionego roku o\u00a013,5 proc. wi\u0119ksze ni\u017c rok wcze\u015bniej. To znajduje odzwierciedlenie w\u00a0poczuciu bezpiecze\u0144stwa finansowego Polak\u00f3w, kt\u00f3re widoczne jest nie tylko w\u00a0badaniach CBOS.<\/p>\n<p>     <img decoding=\"async\" src=\"https:\/\/www.europesays.com\/pl\/wp-content\/uploads\/2026\/01\/ZjVjZDVldQs3CCx3eRd4HnRQeC0_TnZII0hgZnkPdVtuWmo8Z1hvWnkMMygzHj8aOUQ9NiMcOx0mRCooeQ0qA3kca2syBSkaOgsj.jpeg\" width=\"1800\" height=\"1450\" loading=\"lazy\" class=\"wp-media-image\" alt=\"Oceny sytuacji materialnej raczej odzwierciedlaj\u0105 dokonane wydat\" data-lightbox=\"true\"\/> Oceny sytuacji materialnej raczej odzwierciedlaj\u0105 dokonane wydatki ni\u017c je zapowiadaj\u0105 \u00a9 money.pl | Wojciech Kozio\u0142 <\/p>\n<p>Wed\u0142ug bada\u0144 GUS, na podstawie kt\u00f3rych obliczane s\u0105 wska\u017aniki nastroj\u00f3w konsument\u00f3w, w\u00a0grudniu 61,3 proc. ankietowanych uwa\u017ca\u0142o za bardzo lub do\u015b\u0107 prawdopodobne to, \u017ce w\u00a0najbli\u017cszych 12 miesi\u0105cach oszcz\u0119dz\u0105 jak\u0105kolwiek sum\u0119 pieni\u0119dzy. To najwy\u017cszy odsetek w\u00a0historii \u2013\u00a0wy\u017cszy nawet ni\u017c przed pandemi\u0105. Ten wska\u017anik nieprzypadkowo jest silnie skorelowany z\u00a0odsetkiem os\u00f3b, kt\u00f3re dobrze oceniaj\u0105 swoj\u0105 sytuacj\u0119 materialn\u0105 w\u00a0badaniu CBOS.<\/p>\n<p>Polacy znaj\u0105 faktyczny stan swoich finans\u00f3w <\/p>\n<p>Materialne warunki \u017cycia, o\u00a0kt\u00f3re pyta CBOS, podobnie jak stan oszcz\u0119dno\u015bci, ankietowanym stosunkowo \u0142atwo jest obiektywnie oceni\u0107 \u2013\u00a0\u0142atwiej ni\u017c np. realn\u0105 (pomniejszon\u0105 o\u00a0inflacj\u0119) dynamik\u0119 p\u0142ac. Oceny sytuacji materialnej wahaj\u0105 si\u0119 oczywi\u015bcie wraz ze zmianami tempa <a href=\"https:\/\/www.money.pl\/gospodarka\/polacy-w-ue-wciaz-sa-pariasami-powod-niskich-plac-jest-zaskakujacy-analiza-7223250229324320a.html\" rel=\"noopener noreferrer nofollow\" target=\"_blank\">wzrostu dochod\u00f3w<\/a> oraz inflacji, ale zale\u017c\u0105 te\u017c od ju\u017c zakupionych towar\u00f3w i\u00a0us\u0142ug oraz zakumulowanych aktyw\u00f3w.<\/p>\n<p>Tak mo\u017cna wyja\u015bni\u0107 fakt, \u017ce syntetyczne wska\u017aniki nastroj\u00f3w konsument\u00f3w \u2013\u00a0takie jak BWUK \u2013\u00a0nie wr\u00f3ci\u0142y jeszcze do rekordowych poziom\u00f3w sprzed pandemii. Poniewa\u017c uwzgl\u0119dniaj\u0105 one r\u00f3\u017cne wymiary sytuacji finansowej gospodarstw domowych, s\u0105 pod silnym <a href=\"https:\/\/www.money.pl\/gospodarka\/blizny-po-kryzysie-dlaczego-polacy-nie-widza-ze-zyje-im-sie-lepiej-analiza-7119536568245056a.html\" rel=\"noopener noreferrer nofollow\" target=\"_blank\">wp\u0142ywem emocji<\/a> badanych, a\u00a0te nie zawsze odpowiadaj\u0105 faktycznym zmianom w\u00a0domowych bud\u017cetach. Wska\u017aniki te odzwierciedlaj\u0105 cz\u0119sto obawy dotycz\u0105ce przysz\u0142o\u015bci, zwi\u0105zane np. z\u00a0wydarzeniami politycznymi, kt\u00f3re z\u00a0czasem mog\u0105 okaza\u0107 si\u0119 nieuzasadnione.<\/p>\n<p> <a href=\"https:\/\/www.money.pl\/gospodarka\/blizny-po-kryzysie-dlaczego-polacy-nie-widza-ze-zyje-im-sie-lepiej-analiza-7119536568245056a.html\" class=\"teaser-inline\" rel=\"nofollow noopener\" target=\"_blank\">  <img decoding=\"async\" src=\"https:\/\/www.europesays.com\/pl\/wp-content\/uploads\/2026\/01\/M2ZmNGU2YlM7Dzh0eklvRnhXbC48EGEQL090ZXoDfwpqFWEhPF4oQD8dIWkyQDhCOxo-aSVeYlMqBGExZB0pWykdIiYsHShfOAgq.jpeg\" width=\"0\" height=\"0\" loading=\"lazy\" class=\"wp-media-image cropped\" alt=\"Blizny po kryzysie. Dlaczego Polacy nie widz\u0105, \u017ce \u017cyje im si\u0119 lepiej? [ANALIZA]\"\/><\/p>\n<p>Blizny po kryzysie. Dlaczego Polacy nie widz\u0105, \u017ce \u017cyje im si\u0119 lepiej? [ANALIZA]<\/p>\n<p><\/a> <\/p>\n<p>Oceny warunk\u00f3w materialnych w\u00a0gospodarstwach domowych \u2013\u00a0w\u0142a\u015bnie ze wzgl\u0119du na to, \u017ce s\u0105 w\u00a0du\u017cym stopniu odzwierciedleniem ju\u017c dokonanych zakup\u00f3w \u2013\u00a0nie s\u0105 tak dobrym prognostykiem decyzji konsument\u00f3w, jak popularne wska\u017aniki ich nastroj\u00f3w. Dlatego fakt, \u017ce obecnie oceny te s\u0105 rekordowe, nie musi zwiastowa\u0107 boomu konsumpcyjnego. Ankietowani przez money.pl pod koniec 2025 r. ekonomi\u015bci przeci\u0119tnie prognozowali, \u017ce w\u00a0bie\u017c\u0105cym roku wydatki konsumpcyjne w\u00a0Polsce zwi\u0119ksz\u0105 si\u0119 realnie o\u00a03,4 proc., a\u00a0wi\u0119c podobnie jak w\u00a0minionym roku. A\u00a0i\u00a0taki wzrost b\u0119dzie mo\u017cliwy tylko przy za\u0142o\u017ceniu, \u017ce gospodarstwa domowe zmniejsz\u0105 stop\u0119 oszcz\u0119dzania, bo wzrost realnych dochod\u00f3w prawdopodobnie wyra\u017anie zwolni.<\/p>\n<p>Grzegorz Siemionczyk, g\u0142\u00f3wny analityk money.pl<\/p>\n","protected":false},"excerpt":{"rendered":"W grudniu 2025 r. 67 proc. Polak\u00f3w ankietowanych przez CBOS dobrze oceni\u0142o warunki materialne swojego gospodarstwa domowego. To&hellip;\n","protected":false},"author":2,"featured_media":198875,"comment_status":"","ping_status":"","sticky":false,"template":"","format":"standard","meta":{"footnotes":""},"categories":[16],"tags":[113,112,42,38,40,39,41],"class_list":{"0":"post-198874","1":"post","2":"type-post","3":"status-publish","4":"format-standard","5":"has-post-thumbnail","7":"category-biznes","8":"tag-biznes","9":"tag-business","10":"tag-pl","11":"tag-poland","12":"tag-polish","13":"tag-polska","14":"tag-polski"},"share_on_mastodon":{"url":"https:\/\/pubeurope.com\/@pl\/115875305602049572","error":""},"_links":{"self":[{"href":"https:\/\/www.europesays.com\/pl\/wp-json\/wp\/v2\/posts\/198874","targetHints":{"allow":["GET"]}}],"collection":[{"href":"https:\/\/www.europesays.com\/pl\/wp-json\/wp\/v2\/posts"}],"about":[{"href":"https:\/\/www.europesays.com\/pl\/wp-json\/wp\/v2\/types\/post"}],"author":[{"embeddable":true,"href":"https:\/\/www.europesays.com\/pl\/wp-json\/wp\/v2\/users\/2"}],"replies":[{"embeddable":true,"href":"https:\/\/www.europesays.com\/pl\/wp-json\/wp\/v2\/comments?post=198874"}],"version-history":[{"count":0,"href":"https:\/\/www.europesays.com\/pl\/wp-json\/wp\/v2\/posts\/198874\/revisions"}],"wp:featuredmedia":[{"embeddable":true,"href":"https:\/\/www.europesays.com\/pl\/wp-json\/wp\/v2\/media\/198875"}],"wp:attachment":[{"href":"https:\/\/www.europesays.com\/pl\/wp-json\/wp\/v2\/media?parent=198874"}],"wp:term":[{"taxonomy":"category","embeddable":true,"href":"https:\/\/www.europesays.com\/pl\/wp-json\/wp\/v2\/categories?post=198874"},{"taxonomy":"post_tag","embeddable":true,"href":"https:\/\/www.europesays.com\/pl\/wp-json\/wp\/v2\/tags?post=198874"}],"curies":[{"name":"wp","href":"https:\/\/api.w.org\/{rel}","templated":true}]}}