{"id":198878,"date":"2026-01-11T07:35:11","date_gmt":"2026-01-11T07:35:11","guid":{"rendered":"https:\/\/www.europesays.com\/pl\/198878\/"},"modified":"2026-01-11T07:35:11","modified_gmt":"2026-01-11T07:35:11","slug":"sniezyce-wtargna-dzis-do-polski-w-tych-regionach-sypnie-szczegolnie-mocno-2","status":"publish","type":"post","link":"https:\/\/www.europesays.com\/pl\/198878\/","title":{"rendered":"\u015anie\u017cyce wtargn\u0105 dzi\u015b do Polski. W tych regionach sypnie szczeg\u00f3lnie mocno"},"content":{"rendered":"<p class=\"Paragraph_desktopParagraph__U31Gm\">Od rana, poza Wybrze\u017cem, gdzie mamy ok. 0 st. C, wsz\u0119dzie trzyma spory mr\u00f3z. Z wyj\u0105tkiem kra\u0144c\u00f3w zachodnich, nie brakuje te\u017c chmur ze <a href=\"https:\/\/wiadomosci.onet.pl\/snieg\" id=\"69d3cdbe-756b-42f5-b904-a2a10e4d5325\" rel=\"nofollow noopener\" target=\"_blank\">\u015bniegiem<\/a>. Najmocniej sypie na p\u00f3\u0142nocy i wzd\u0142u\u017c po\u0142udniowej granicy. S\u0105 to zar\u00f3wno opady kr\u00f3tkotrwa\u0142e, jak i ci\u0105g\u0142e.<\/p>\n<p>Prawdziwa zima ogarnie Polsk\u0119. Niemal wsz\u0119dzie mro\u017ano, a przez kilka region\u00f3w przejd\u0105 \u015bnie\u017cyce <\/p>\n<p class=\"Paragraph_desktopParagraph__U31Gm\">W dalszej cz\u0119\u015bci dnia <a href=\"https:\/\/wiadomosci.onet.pl\/pogoda\" id=\"0768a027-7f4f-45e9-9be4-9d753af3033b\" rel=\"nofollow noopener\" target=\"_blank\">pogoda<\/a> si\u0119 nie zmieni. Ca\u0142y czas jedynie przy granicy z Niemcami b\u0119dzie sucho i powinno pokazywa\u0107 si\u0119 sporo s\u0142o\u0144ca. W innych regionach spodziewamy si\u0119 wi\u0119kszego zachmurzenia, a od \u015al\u0105ska, Ma\u0142opolski i Podkarpacia po centrum i Pomorze Gda\u0144skie prawdopodobnie wcale si\u0119 nie przeja\u015bni. Do tego niezmiennie ma sypa\u0107, najmocniej od Zatoki Gda\u0144skiej po centrum oraz po\u0142udnie. Lokalnie przez ca\u0142y dzie\u0144 przyb\u0119dzie tam od 3 do 7 cm bia\u0142ego puchu, a w rejonach podg\u00f3rskich i na Pojezierzu Pomorskim punktowo 8-12 cm.<\/p>\n<p><img decoding=\"async\" class=\"Image_image__0tuHp Image_autoHeight__f2n87 \" height=\"1142\" width=\"940\" src=\"https:\/\/www.europesays.com\/pl\/wp-content\/uploads\/2026\/01\/UImk9kpTURBXy9hYzJkMTUyMWI0NmI4ODcxNmMxZjlhNTUwNTk4ZDI1Mi5wbmeRlQLNA6wAwsPeAAOhMAGhMQGhM8M.jpeg\" alt=\"Niedziela niemal wsz\u0119dzie przyniesie mr\u00f3z i \u015bnieg, miejscami intensywny\" loading=\"lazy\" \/>Arkadiusz P\u0142achta \/ Onet<\/p>\n<p>Niedziela niemal wsz\u0119dzie przyniesie mr\u00f3z i \u015bnieg, miejscami intensywny<\/p>\n<p class=\"Paragraph_desktopParagraph__U31Gm\">Dzi\u015b tylko nad morzem w dzie\u0144 nie b\u0119dzie <a href=\"https:\/\/wiadomosci.onet.pl\/mroz\" id=\"0b13072c-abe7-48af-b136-a92daa205f38\" rel=\"nofollow noopener\" target=\"_blank\">mrozu<\/a>. Odnotujemy tam 0-1 st. C. Na Kujawach oraz Nizinie Szczeci\u0144skiej przewidujemy -1 st. C, w centrum -3 st. C, na Podhalu -6 st. C, a na Suwalszczy\u017anie nawet -8 st. C.<\/p>\n<p class=\"VideoPlayerText_videoPlayerText__iDwyz\">Dalszy ci\u0105g materia\u0142u pod wideo<\/p>\n<p class=\"Paragraph_desktopParagraph__U31Gm\">Wiatr powieje z kierunk\u00f3w zachodnich i p\u00f3\u0142nocnych, umiarkowanie i do\u015b\u0107 mocno, w porywach do 50 km na godz., nad Ba\u0142tykiem do 75 km na godz. Tak silne podmuchy spot\u0119guj\u0105 odczucie przenikliwego zimna, na morzu przyczyni\u0105 si\u0119 do powstania sztormu oraz spowoduj\u0105 zawieje i zamiecie \u015bnie\u017cne. Pogoda b\u0119dzie dzi\u015b \u017ale wp\u0142ywa\u0107 na nasze samopoczucie.<\/p>\n<ul class=\"OchatFollowUps_wrapper__1ry7X\">\n<li class=\"OchatFollowUps_item__Dhyly OchatFollowUps_itemDesktop__R6aBv\">Gdzie b\u0119dzie szczeg\u00f3lnie mocno pada\u0107 \u015bnieg?<\/li>\n<li class=\"OchatFollowUps_item__Dhyly OchatFollowUps_itemDesktop__R6aBv\">Jakie temperatury przewiduj\u0105 prognozy?<\/li>\n<li class=\"OchatFollowUps_item__Dhyly OchatFollowUps_itemDesktop__R6aBv\">Jakie s\u0105 prognozy wiatru?<\/li>\n<li class=\"OchatFollowUps_item__Dhyly OchatFollowUps_itemDesktop__R6aBv\">Jakie problemy mog\u0105 wyst\u0105pi\u0107 na drogach?<\/li>\n<\/ul>\n<p>W nocy pojawi si\u0119 dwucyfrowy mr\u00f3z, a \u015bnieg nie przestanie sypa\u0107 <\/p>\n<p class=\"Paragraph_desktopParagraph__U31Gm\">W nocy na zachodzie b\u0119dzie pogodnie i bez opad\u00f3w. Poza tym w dalszym ci\u0105gu przewa\u017ca\u0107 maj\u0105 chmury, z kt\u00f3rych od czasu do czasu popada \u015bnieg, momentami mocniej. Przyrost pokrywy \u015bnie\u017cnej w pasie od Pomorza Gda\u0144skiego i Warmii po Mazowsze, Podkarpacie, Ma\u0142opolsk\u0119 i Beskidy wyniesie 2-5 cm, lokalnie w rejonach podg\u00f3rskich, na po\u0142udniowym wschodzie oraz w okolicach \u017bu\u0142aw 5-10 cm.<\/p>\n<p><img decoding=\"async\" class=\"Image_image__0tuHp Image_autoHeight__f2n87 \" height=\"1142\" width=\"940\" src=\"https:\/\/www.europesays.com\/pl\/wp-content\/uploads\/2026\/01\/gXLk9kpTURBXy9jYThiNTNlNjJlOTBlOTk5NDMzZDBhYjgwZWNjM2VkZi5wbmeRlQLNA6wAwsPeAAOhMAGhMQGhM8M.jpeg\" alt=\"Noc zapowiada si\u0119 bardzo zimno, a \u015bnieg nie przestanie sypa\u0107\" loading=\"lazy\" \/>Arkadiusz P\u0142achta \/ Onet<\/p>\n<p>Noc zapowiada si\u0119 bardzo zimno, a \u015bnieg nie przestanie sypa\u0107<\/p>\n<p class=\"Paragraph_desktopParagraph__U31Gm\">Temperatura minimalna wyniesie od -15\/-13 st. C na Podlasiu i Dolnym \u015al\u0105sku (w kotlinach sudeckich mo\u017ce by\u0107 jeszcze zimniej), -8 st. C w centrum do -3\/-2 st. C na Wybrze\u017cu. Wiatr umiarkowany, niekiedy porywisty, powoduj\u0105cy zawieje i zamiecie \u015bnie\u017cne, z kierunk\u00f3w zachodnich oraz p\u00f3\u0142nocnych.<\/p>\n","protected":false},"excerpt":{"rendered":"Od rana, poza Wybrze\u017cem, gdzie mamy ok. 0 st. C, wsz\u0119dzie trzyma spory mr\u00f3z. Z wyj\u0105tkiem kra\u0144c\u00f3w zachodnich,&hellip;\n","protected":false},"author":2,"featured_media":198879,"comment_status":"","ping_status":"","sticky":false,"template":"","format":"standard","meta":{"footnotes":""},"categories":[5],"tags":[32,33,36,37,27,67,34,35,6987,28,31,53,25,52,68,51,55,42,78,38,40,39,41,47,7312,25480,29,30,65,50,26,7441],"class_list":{"0":"post-198878","1":"post","2":"type-post","3":"status-publish","4":"format-standard","5":"has-post-thumbnail","7":"category-naglowki","8":"tag-breaking-news","9":"tag-breakingnews","10":"tag-featured-news","11":"tag-featurednews","12":"tag-headlines","13":"tag-intextvideo_splayer","14":"tag-latest-news","15":"tag-latestnews","16":"tag-mroz","17":"tag-naglowki","18":"tag-najwazniejsze-artykuly","19":"tag-new_header","20":"tag-news","21":"tag-onet3","22":"tag-onet3d","23":"tag-onet3d_2i","24":"tag-phx","25":"tag-pl","26":"tag-pogoda","27":"tag-poland","28":"tag-polish","29":"tag-polska","30":"tag-polski","31":"tag-screening_general","32":"tag-snieg","33":"tag-sniezyce","34":"tag-top-stories","35":"tag-topstories","36":"tag-update_me","37":"tag-v2021","38":"tag-wiadomosci","39":"tag-zima"},"share_on_mastodon":{"url":"https:\/\/pubeurope.com\/@pl\/115875317301885076","error":""},"_links":{"self":[{"href":"https:\/\/www.europesays.com\/pl\/wp-json\/wp\/v2\/posts\/198878","targetHints":{"allow":["GET"]}}],"collection":[{"href":"https:\/\/www.europesays.com\/pl\/wp-json\/wp\/v2\/posts"}],"about":[{"href":"https:\/\/www.europesays.com\/pl\/wp-json\/wp\/v2\/types\/post"}],"author":[{"embeddable":true,"href":"https:\/\/www.europesays.com\/pl\/wp-json\/wp\/v2\/users\/2"}],"replies":[{"embeddable":true,"href":"https:\/\/www.europesays.com\/pl\/wp-json\/wp\/v2\/comments?post=198878"}],"version-history":[{"count":0,"href":"https:\/\/www.europesays.com\/pl\/wp-json\/wp\/v2\/posts\/198878\/revisions"}],"wp:featuredmedia":[{"embeddable":true,"href":"https:\/\/www.europesays.com\/pl\/wp-json\/wp\/v2\/media\/198879"}],"wp:attachment":[{"href":"https:\/\/www.europesays.com\/pl\/wp-json\/wp\/v2\/media?parent=198878"}],"wp:term":[{"taxonomy":"category","embeddable":true,"href":"https:\/\/www.europesays.com\/pl\/wp-json\/wp\/v2\/categories?post=198878"},{"taxonomy":"post_tag","embeddable":true,"href":"https:\/\/www.europesays.com\/pl\/wp-json\/wp\/v2\/tags?post=198878"}],"curies":[{"name":"wp","href":"https:\/\/api.w.org\/{rel}","templated":true}]}}