{"id":198880,"date":"2026-01-11T07:36:10","date_gmt":"2026-01-11T07:36:10","guid":{"rendered":"https:\/\/www.europesays.com\/pl\/198880\/"},"modified":"2026-01-11T07:36:10","modified_gmt":"2026-01-11T07:36:10","slug":"boks-komentarze-po-walce-damian-knyba-agit-kabayel","status":"publish","type":"post","link":"https:\/\/www.europesays.com\/pl\/198880\/","title":{"rendered":"Boks. Komentarze po walce Damian Knyba &#8211; Agit Kabayel"},"content":{"rendered":"<p class=\"typography ids-typeset-body ids-typeset-body--preset-large link paragraph ids-paragraph ids-paragraph--default\">Damian Knyba stan\u0105\u0142 w sobotni wiecz\u00f3r przed wielk\u0105 szans\u0105. Polak, kt\u00f3ry legitymowa\u0142 si\u0119 bilansem 17-0 mia\u0142 okazj\u0119 zosta\u0107 mistrzem \u015bwiata w wadze ci\u0119\u017ckiej. Jego rywalem w walce o tymczasowy pas mistrza \u015bwiata WBC by\u0142 Agit Kabayel.<\/p>\n<p class=\"typography ids-typeset-body ids-typeset-body--preset-large link paragraph ids-paragraph ids-paragraph--default\">Pojedynek odby\u0142 si\u0119 w niemieckim Oberhausen, a pierwsze dwie rundy mog\u0142y napawa\u0107 kibic\u00f3w optymizmem, \u017ce Polak ma szans\u0119 na zdobycie mistrzowskiego pasa.<\/p>\n<p>Pora\u017cka Damiana Knyby, a potem takie komentarze. &#8222;Witamy w Niemczech&#8221;<\/p>\n<p class=\"typography ids-typeset-body ids-typeset-body--preset-large link paragraph ids-paragraph ids-paragraph--default\">Chwil\u0119 po walce zapanowa\u0142a dyskusja czy arbiter ringowy Mark Lyson nie post\u0105pi\u0142 zbyt pochopnie. Wielu tenisowych ekspert\u00f3w wypowiedzia\u0142o si\u0119 jednoznacznie w tym temacie.<\/p>\n<p class=\"typography ids-typeset-body ids-typeset-body--preset-large link paragraph ids-paragraph ids-paragraph--default\">&#8222;S\u0119dzia zatrzymuje walk\u0119 w 3 rundzie. Damian przyjmowa\u0142 cios za ciosem z prawej przez 45 sekund, prawda, par\u0119 by\u0142o bombek, te\u017c prawda&#8230; ale za wcze\u015bnie. Bez liczenia, bez niczego. Witamy w Niemczech&#8221; &#8211; podsumowa\u0142 Przemys\u0142aw Garczarczyk.<\/p>\n<p class=\"typography ids-typeset-body ids-typeset-body--preset-large link paragraph ids-paragraph ids-paragraph--default\">&#8222;Niestety&#8230; Druga runda wyr\u00f3wnana, ale Kabayel z ka\u017cd\u0105 minut\u0105 r\u00f3s\u0142 w tej walce. W po\u0142owie trzeciej rundy zrani\u0142 Knyb\u0119 i metodycznie go prze\u0142amywa\u0142. Przerwanie nieco przedwczesne, nie by\u0142o nokdaun\u00f3w, ale to lecia\u0142o ju\u017c niestety w jednym kierunku. Szkoda&#8221; &#8211; napisa\u0142 Kacper Bartosiak<\/p>\n<p class=\"typography ids-typeset-body ids-typeset-body--preset-large link paragraph ids-paragraph ids-paragraph--default\">&#8222;\u017bal mi Damiana Knyby. OK, Polak ju\u017c ta\u0144czy\u0142 na nogach i Kabayel pewnie by go zaraz i tak dopad\u0142. Ale jak mo\u017cna przerwa\u0107 walk\u0119 o pas bez liczenia w trzeciej rundzie?&#8221; &#8211; napisa\u0142 Antoni Partum.<\/p>\n<p>Piotrcovia Piotrk\u00f3w Trybunalski &#8211; KPR Gminy Kobierzyce. Skr\u00f3t meczu. WIDEOPolsat SportPolsat Sport<\/p>\n<p><a class=\"ids-undecorated-link source ids-page-info--source__link\" href=\"https:\/\/www.interia.pl\" rel=\"nofollow noopener\" target=\"_blank\"><img decoding=\"async\" class=\"ids-image-holder__img\" loading=\"lazy\" alt=\"\" title=\"\" height=\"24px\" src=\"https:\/\/www.europesays.com\/pl\/wp-content\/uploads\/2026\/01\/1767782590_880_0009A60QQ5I2TYF7-C202-F4.webp.webp\"\/><\/a><\/p>\n<p>Masz sugestie, uwagi albo widzisz b\u0142\u0105d? Napisz do nas<\/p>\n","protected":false},"excerpt":{"rendered":"Damian Knyba stan\u0105\u0142 w sobotni wiecz\u00f3r przed wielk\u0105 szans\u0105. Polak, kt\u00f3ry legitymowa\u0142 si\u0119 bilansem 17-0 mia\u0142 okazj\u0119 zosta\u0107&hellip;\n","protected":false},"author":2,"featured_media":198881,"comment_status":"","ping_status":"","sticky":false,"template":"","format":"standard","meta":{"footnotes":""},"categories":[24],"tags":[42,38,40,39,41,127,126],"class_list":{"0":"post-198880","1":"post","2":"type-post","3":"status-publish","4":"format-standard","5":"has-post-thumbnail","7":"category-sport","8":"tag-pl","9":"tag-poland","10":"tag-polish","11":"tag-polska","12":"tag-polski","13":"tag-sport","14":"tag-sports"},"share_on_mastodon":{"url":"https:\/\/pubeurope.com\/@pl\/115875321427042629","error":""},"_links":{"self":[{"href":"https:\/\/www.europesays.com\/pl\/wp-json\/wp\/v2\/posts\/198880","targetHints":{"allow":["GET"]}}],"collection":[{"href":"https:\/\/www.europesays.com\/pl\/wp-json\/wp\/v2\/posts"}],"about":[{"href":"https:\/\/www.europesays.com\/pl\/wp-json\/wp\/v2\/types\/post"}],"author":[{"embeddable":true,"href":"https:\/\/www.europesays.com\/pl\/wp-json\/wp\/v2\/users\/2"}],"replies":[{"embeddable":true,"href":"https:\/\/www.europesays.com\/pl\/wp-json\/wp\/v2\/comments?post=198880"}],"version-history":[{"count":0,"href":"https:\/\/www.europesays.com\/pl\/wp-json\/wp\/v2\/posts\/198880\/revisions"}],"wp:featuredmedia":[{"embeddable":true,"href":"https:\/\/www.europesays.com\/pl\/wp-json\/wp\/v2\/media\/198881"}],"wp:attachment":[{"href":"https:\/\/www.europesays.com\/pl\/wp-json\/wp\/v2\/media?parent=198880"}],"wp:term":[{"taxonomy":"category","embeddable":true,"href":"https:\/\/www.europesays.com\/pl\/wp-json\/wp\/v2\/categories?post=198880"},{"taxonomy":"post_tag","embeddable":true,"href":"https:\/\/www.europesays.com\/pl\/wp-json\/wp\/v2\/tags?post=198880"}],"curies":[{"name":"wp","href":"https:\/\/api.w.org\/{rel}","templated":true}]}}