{"id":198884,"date":"2026-01-11T07:39:11","date_gmt":"2026-01-11T07:39:11","guid":{"rendered":"https:\/\/www.europesays.com\/pl\/198884\/"},"modified":"2026-01-11T07:39:11","modified_gmt":"2026-01-11T07:39:11","slug":"czy-11-stycznia-to-niedziela-handlowa-ktore-sklepy-beda-czynne-tego-dnia","status":"publish","type":"post","link":"https:\/\/www.europesays.com\/pl\/198884\/","title":{"rendered":"Czy 11 stycznia to niedziela handlowa? Kt\u00f3re sklepy b\u0119d\u0105 czynne tego dnia?"},"content":{"rendered":"<p>\t\t\t\t\tCzy w drug\u0105 niedziel\u0119 stycznia wypada niedziela handlowa czy obowi\u0105zuje zakaz handlu? Poni\u017cej przedstawiamy harmonogram niedziel, w kt\u00f3re handel b\u0119dzie obowi\u0105zywa\u0142 w 2026 r.<\/p>\n<ul>&#13;<\/p>\n<li>Czy 11 stycznia w niedziel\u0119 sklepy b\u0119d\u0105 otwarte?<\/li>\n<p>&#13;<\/p>\n<li>Gdzie zrobimy zakupy w drug\u0105 niedziel\u0119 stycznia 2026 r.?<\/li>\n<p>&#13;<\/p>\n<li>Ile niedziel handlowych b\u0119dzie w 2026 r.?<\/li>\n<p>&#13;\n<\/ul>\n<p>        <a href=\"https:\/\/www.portalspozywczy.pl\/handel\/wiadomosci\/biedronka-i-lidl-wydaly-pilne-komunikaty-dla-klientow-natychmiast-zwroc-do-sklepow,284497.html\" class=\"read-more-box-img-cnt\" rel=\"nofollow noopener\" target=\"_blank\"><br \/>\n        \t                <img decoding=\"async\" loading=\"lazy\" src=\"https:\/\/www.europesays.com\/pl\/wp-content\/uploads\/2026\/01\/193818_r0_300.jpg\" alt=\"Biedronka i Lidl wyda\u0142y pilne komunikaty dla klient\u00f3w: &quot;Natychmiast zwr\u00f3\u0107 do sklep\u00f3w&quot;\" class=\"read-more-box-img\" width=\"150\" height=\"100\"\/><br \/>\n                    <\/a><\/p>\n<p>Zakaz handlu w niedziele w 2026 r. Czy 11 stycznia sklepy b\u0119d\u0105 otwarte?<\/p>\n<p>W 2026 r. czeka nas 8 niedziel handlowych. Oznacza to, \u017ce wszystkie sklepy b\u0119d\u0105 mog\u0142y by\u0107 otwarte w tym roku jedynie 8 razy. W kt\u00f3rych miesi\u0105cach konsumenci b\u0119d\u0105 mogli skorzysta\u0107 z tej szansy?<\/p>\n<p>Wiele os\u00f3b zastanawia si\u0119, czy 11 stycznia 2026 r. to niedziela handlowa. Ot\u00f3\u017c nie, poniewa\u017c zgodnie z harmonogramem niedziel handlowych na ten rok, pierwsza niedziela handlowa wypada 25 stycznia.\u00a0<\/p>\n<p>Kolejna niedziela, kiedy sklepy b\u0119d\u0105 mog\u0142y by\u0107 otwarte to ta przed Wielkanoc\u0105, czyli 29 marca. Na nast\u0119pn\u0105 konsumenci b\u0119d\u0105 musieli poczeka\u0107 4 tygodnie &#8211; do 26 kwietnia. B\u0119dzie to niedziela przed maj\u00f3wk\u0105.<\/p>\n<p>Czwarta niedziela handlowa w 2026 r. wypada\u00a028 czerwca 2026 r., nast\u0119pna na koniec wakacji, czyli 30 sierpnia 2026 r.<\/p>\n<p>W 2026 r., tak jak w ubieg\u0142ym, konsumenci b\u0119d\u0105 mogli liczy\u0107 na otwarte sklepy w trzy niedziele, w Miko\u0142ajki &#8211; 6 grudnia 2026 r., 13 grudnia 2026 r. oraz przed Wigili\u0105 &#8211;\u00a020 grudnia 2026 r.<\/p>\n<p>        <a href=\"https:\/\/www.portalspozywczy.pl\/alkohole-uzywki\/wiadomosci\/odcinaja-sie-od-promocji-piw-typu-8-8-chcemy-piwo-sprzedawac-nie-rozdawac,284518.html\" class=\"read-more-box-img-cnt\" rel=\"nofollow noopener\" target=\"_blank\"><br \/>\n        \t                <img decoding=\"async\" loading=\"lazy\" src=\"https:\/\/www.europesays.com\/pl\/wp-content\/uploads\/2026\/01\/193840_r0_300.jpg\" alt=\"Odcinaj\u0105 si\u0119 od promocji piw typu 8+8. &quot;Chcemy piwo sprzedawa\u0107, nie rozdawa\u0107&quot;\" class=\"read-more-box-img\" width=\"150\" height=\"100\"\/><br \/>\n                    <\/a><\/p>\n<p>        <a href=\"https:\/\/www.portalspozywczy.pl\/mleko\/wiadomosci\/rynek-mleka-wstrzasniety-ciosami-trumpa-ue-jest-dzis-na-kolanach,284530.html\" class=\"read-more-box-img-cnt\" rel=\"nofollow noopener\" target=\"_blank\"><br \/>\n        \t                <img decoding=\"async\" loading=\"lazy\" src=\"https:\/\/www.europesays.com\/pl\/wp-content\/uploads\/2026\/01\/193852_r0_300.jpg\" alt=\"Rynek mleka wstrz\u0105\u015bni\u0119ty ciosami Trumpa. &quot;UE jest dzi\u015b na kolanach&quot;\" class=\"read-more-box-img\" width=\"150\" height=\"100\"\/><br \/>\n                    <\/a><\/p>\n<p>Harmonogram niedziel handlowych w 2026 r.:<\/p>\n<p>25 stycznia 2026 r.<br \/>29 marca 2026 r. (przed Wielkanoc\u0105)<br \/>26 kwietnia 2026 r. (przed maj\u00f3wk\u0105)<br \/>28 czerwca 2026 r.<br \/>30 sierpnia 2026 r.<br \/>6 grudnia 2026 r.<br \/>13 grudnia 2026 r.<br \/>20 grudnia 2026 r.<\/p>\n<p>Zakaz handlu w niedziele &#8211; jakich sklep\u00f3w nie obowi\u0105zuje?<\/p>\n<p>Zgodnie z ustaw\u0105 ograniczaj\u0105c\u0105 handel w niedziele i katalogiem wy\u0142\u0105cze\u0144, zakaz handlu w niedziele nie obejmuje m.in.:<\/p>\n<ul>&#13;<\/p>\n<li>dzia\u0142alno\u015bci pocztowej, je\u015bli przychody z tej dzia\u0142alno\u015bci stanowi\u0105 co najmniej 40 proc. przychod\u00f3w ze sprzeda\u017cy danej plac\u00f3wki,<\/li>\n<p>&#13;<\/p>\n<li>cukierni,<\/li>\n<p>&#13;<\/p>\n<li>lodziarni,<\/li>\n<p>&#13;<\/p>\n<li>stacji paliw p\u0142ynnych,<\/li>\n<p>&#13;<\/p>\n<li>kwiaciarni,<\/li>\n<p>&#13;<\/p>\n<li>sklep\u00f3w z pras\u0105,<\/li>\n<p>&#13;<\/p>\n<li>kawiarni.<\/li>\n<p>&#13;\n<\/ul>\n<p>        <a href=\"https:\/\/www.portalspozywczy.pl\/handel\/wiadomosci\/biedronka-ma-sposob-na-zwrot-butelek-i-puszek-wlasnie-to-oglosili,283374.html\" class=\"read-more-box-img-cnt\" rel=\"nofollow noopener\" target=\"_blank\"><br \/>\n        \t                <img decoding=\"async\" loading=\"lazy\" src=\"https:\/\/www.europesays.com\/pl\/wp-content\/uploads\/2026\/01\/192501_r0_300.jpg\" alt=\"Biedronka ma spos\u00f3b na zwrot butelek i puszek. W\u0142a\u015bnie to og\u0142osili\" class=\"read-more-box-img\" width=\"150\" height=\"100\"\/><br \/>\n                    <\/a><\/p>\n","protected":false},"excerpt":{"rendered":"Czy w drug\u0105 niedziel\u0119 stycznia wypada niedziela handlowa czy obowi\u0105zuje zakaz handlu? Poni\u017cej przedstawiamy harmonogram niedziel, w kt\u00f3re&hellip;\n","protected":false},"author":2,"featured_media":198885,"comment_status":"","ping_status":"","sticky":false,"template":"","format":"standard","meta":{"footnotes":""},"categories":[16],"tags":[664,9789,9783,9780,113,112,9781,9778,9787,42,38,40,39,41,9782,9779,9788],"class_list":{"0":"post-198884","1":"post","2":"type-post","3":"status-publish","4":"format-standard","5":"has-post-thumbnail","7":"category-biznes","8":"tag-typedefinedterm","9":"tag-16812-html","10":"tag-37231-html","11":"tag-50504-html","12":"tag-biznes","13":"tag-business","14":"tag-namehandel-w-niedziele","15":"tag-nameniedziela-handlowa","16":"tag-namezakaz-handlu-w-niedziele","17":"tag-pl","18":"tag-poland","19":"tag-polish","20":"tag-polska","21":"tag-polski","22":"tag-urlhttps-www-portalspozywczy-pl-tagi-handel-w-niedziele","23":"tag-urlhttps-www-portalspozywczy-pl-tagi-niedziela-handlowa","24":"tag-urlhttps-www-portalspozywczy-pl-tagi-zakaz-handlu-w-niedziele"},"share_on_mastodon":{"url":"https:\/\/pubeurope.com\/@pl\/115875332945505104","error":""},"_links":{"self":[{"href":"https:\/\/www.europesays.com\/pl\/wp-json\/wp\/v2\/posts\/198884","targetHints":{"allow":["GET"]}}],"collection":[{"href":"https:\/\/www.europesays.com\/pl\/wp-json\/wp\/v2\/posts"}],"about":[{"href":"https:\/\/www.europesays.com\/pl\/wp-json\/wp\/v2\/types\/post"}],"author":[{"embeddable":true,"href":"https:\/\/www.europesays.com\/pl\/wp-json\/wp\/v2\/users\/2"}],"replies":[{"embeddable":true,"href":"https:\/\/www.europesays.com\/pl\/wp-json\/wp\/v2\/comments?post=198884"}],"version-history":[{"count":0,"href":"https:\/\/www.europesays.com\/pl\/wp-json\/wp\/v2\/posts\/198884\/revisions"}],"wp:featuredmedia":[{"embeddable":true,"href":"https:\/\/www.europesays.com\/pl\/wp-json\/wp\/v2\/media\/198885"}],"wp:attachment":[{"href":"https:\/\/www.europesays.com\/pl\/wp-json\/wp\/v2\/media?parent=198884"}],"wp:term":[{"taxonomy":"category","embeddable":true,"href":"https:\/\/www.europesays.com\/pl\/wp-json\/wp\/v2\/categories?post=198884"},{"taxonomy":"post_tag","embeddable":true,"href":"https:\/\/www.europesays.com\/pl\/wp-json\/wp\/v2\/tags?post=198884"}],"curies":[{"name":"wp","href":"https:\/\/api.w.org\/{rel}","templated":true}]}}