{"id":198886,"date":"2026-01-11T07:41:09","date_gmt":"2026-01-11T07:41:09","guid":{"rendered":"https:\/\/www.europesays.com\/pl\/198886\/"},"modified":"2026-01-11T07:41:09","modified_gmt":"2026-01-11T07:41:09","slug":"zgloszenie-azbestu-2026-termin-obowiazki-i-kary","status":"publish","type":"post","link":"https:\/\/www.europesays.com\/pl\/198886\/","title":{"rendered":"Zg\u0142oszenie azbestu 2026. Termin, obowi\u0105zki i kary"},"content":{"rendered":"<p class=\"typography ids-typeset-body ids-typeset-body--preset-large link paragraph ids-paragraph ids-paragraph--default\">Deklaracj\u0119 o posiadaniu azbestu trzeba z\u0142o\u017cy\u0107 do 31 stycznia ka\u017cdego roku, przy czym chodzi o stan faktyczny na koniec roku poprzedniego. Obowi\u0105zek wynika z ustawy z 27 kwietnia 2001 r. Prawo ochrony \u015brodowiska oraz rozporz\u0105dze\u0144 reguluj\u0105cych inwentaryzacj\u0119 i bezpieczne u\u017cytkowanie wyrob\u00f3w zagra\u017caj\u0105cych zdrowiu.<\/p>\n<p class=\"typography ids-typeset-body ids-typeset-body--preset-large link paragraph ids-paragraph ids-paragraph--default\">Tak\u0105 deklaracj\u0119 sk\u0142ada si\u0119 do momentu a\u017c azbest nie zostanie trwale usuni\u0119ty z posesji.<\/p>\n<p>Zg\u0142oszenie azbestu. Termin mija 31 stycznia<\/p>\n<p class=\"typography ids-typeset-body ids-typeset-body--preset-large link paragraph ids-paragraph ids-paragraph--default\">Podstawowym dokumentem jest formularz\u00a0&#8222;Informacja o wyrobach zawieraj\u0105cych azbest&#8221;, dost\u0119pny na stronach internetowych gmin, w kt\u00f3rym nale\u017cy wskaza\u0107 rodzaj materia\u0142u, jego ilo\u015b\u0107 (najcz\u0119\u015bciej w metrach kwadratowych) oraz dok\u0142adne miejsce wyst\u0119powania na posesji.<\/p>\n<p class=\"typography ids-typeset-body ids-typeset-body--preset-large link paragraph ids-paragraph ids-paragraph--default\">Opr\u00f3cz w\u0142a\u015bcicieli dom\u00f3w jednorodzinnych przepisy obejmuj\u0105 r\u00f3wnie\u017c u\u017cytkownik\u00f3w wieczystych i zarz\u0105dc\u00f3w, a wi\u0119c wsp\u00f3lnoty i sp\u00f3\u0142dzielnie mieszkaniowe, a tak\u017ce podmioty zarz\u0105dzaj\u0105ce budynkami gospodarczymi czy magazynowymi.<\/p>\n<p class=\"typography ids-typeset-body ids-typeset-body--preset-large link paragraph ids-paragraph ids-paragraph--default\">Osoby fizyczne nieprowadz\u0105ce dzia\u0142alno\u015bci gospodarczej przekazuj\u0105 formularz do <a href=\"https:\/\/wydarzenia.interia.pl\/tagi-urzad-gminy,tId,147943\" target=\"_self\" rel=\"nofollow noopener\">urz\u0119du gminy<\/a> lub miasta w\u0142a\u015bciwego dla po\u0142o\u017cenia nieruchomo\u015bci, natomiast przedsi\u0119biorcy oraz wybrane jednostki organizacyjne raportuj\u0105 do marsza\u0142ka wojew\u00f3dztwa.<\/p>\n<p>Azbest na budynku? Przewidziano sankcje<\/p>\n<p class=\"typography ids-typeset-body ids-typeset-body--preset-large link paragraph ids-paragraph ids-paragraph--default\">Podstaw\u0105 do na\u0142o\u017cenia kary jest art. 346 Prawa ochrony \u015brodowiska, kt\u00f3ry przewiduje sankcj\u0119 za nieprzekazanie organom administracji wymaganych informacji o substancjach stwarzaj\u0105cych szczeg\u00f3lne zagro\u017cenie.<\/p>\n<p class=\"typography ids-typeset-body ids-typeset-body--preset-large link paragraph ids-paragraph ids-paragraph--default\">W przypadku braku zg\u0142oszenia urz\u0105d mo\u017ce wszcz\u0105\u0107 post\u0119powanie i na\u0142o\u017cy\u0107 kar\u0119 finansow\u0105 &#8211; od 500 do 1000 z\u0142. Gdy sprawa trafi do s\u0105du wysoko\u015b\u0107 grzywny ro\u015bnie do 5000 z\u0142. Zazwyczaj zaczyna si\u0119 od wezwania do uzupe\u0142nienia dokument\u00f3w, jednak uporczywe ignorowanie obowi\u0105zku mo\u017ce zako\u0144czy\u0107 si\u0119 decyzj\u0105 o dotkliwej grzywnie.<\/p>\n<p class=\"typography ids-typeset-body ids-typeset-body--preset-large link paragraph ids-paragraph ids-paragraph--default\">Jeszcze gorzej, gdy azbest zaczniemy usuwa\u0107 sami, zamiast wezwa\u0107 specjalistyczn\u0105 firm\u0119. W\u00f3wczas mo\u017cna si\u0119 spodziewa\u0107 kary si\u0119gaj\u0105cej nawet 20 tys. z\u0142, w zale\u017cno\u015bci od skali uchybienia i okoliczno\u015bci sprawy.<\/p>\n<p>Dlaczego azbest jest niebezpieczny?<\/p>\n<p class=\"typography ids-typeset-body ids-typeset-body--preset-large link paragraph ids-paragraph ids-paragraph--default\">Azbest przez lata uchodzi\u0142 za materia\u0142 nowoczesny i praktyczny, dlatego w Polsce stosowano go masowo od okresu powojennego a\u017c do lat 90. XX wieku.<\/p>\n<p class=\"typography ids-typeset-body ids-typeset-body--preset-large link paragraph ids-paragraph ids-paragraph--default\">Najcz\u0119\u015bciej trafia\u0142 na dachy w postaci p\u0142yt azbestowo-cementowych, znanych jako eternit, ale wykorzystywano go r\u00f3wnie\u017c w elewacjach, przewodach wentylacyjnych, izolacjach rur, kot\u0142\u00f3w i kana\u0142\u00f3w ciep\u0142owniczych.<\/p>\n<p class=\"typography ids-typeset-body ids-typeset-body--preset-large link paragraph ids-paragraph ids-paragraph--default\">Skala u\u017cycia by\u0142a najwi\u0119ksza w zabudowie jednorodzinnej i gospodarczej na terenach wiejskich, a tak\u017ce w obiektach przemys\u0142owych i magazynowych, gdzie liczy\u0142a si\u0119 odporno\u015b\u0107 na ogie\u0144 i warunki atmosferyczne.<\/p>\n<p class=\"typography ids-typeset-body ids-typeset-body--preset-large link paragraph ids-paragraph ids-paragraph--default\">Po latach u\u017cytkowania p\u0142yty azbestowe uszkadzaj\u0105 si\u0119 i uwalniaj\u0105 bardzo drobne w\u0142\u00f3kna. To one stanowi\u0105 rzeczywiste zagro\u017cenie dla zdrowia, poniewa\u017c mog\u0105 by\u0107 wdychane przez mieszka\u0144c\u00f3w i osoby przebywaj\u0105ce w pobli\u017cu budynk\u00f3w, zw\u0142aszcza tam, gdzie materia\u0142 jest pop\u0119kany, kruszy si\u0119 lub by\u0142 niew\u0142a\u015bciwie zamontowany.<\/p>\n<p class=\"typography ids-typeset-body ids-typeset-body--preset-large link paragraph ids-paragraph ids-paragraph--default\">Skutki takiej ekspozycji nie pojawiaj\u0105 si\u0119 od razu &#8211; choroby zwi\u0105zane z azbestem, m.in. <a href=\"https:\/\/wydarzenia.interia.pl\/tematy-rak-pluc,gsbi,7631\" target=\"_self\" rel=\"nofollow noopener\">rak p\u0142uc<\/a>, mog\u0105 rozwin\u0105\u0107 si\u0119 dopiero po kilkunastu lub kilkudziesi\u0119ciu latach.<\/p>\n<p class=\"typography ids-typeset-body ids-typeset-body--preset-large link paragraph ids-paragraph ids-paragraph--default\">Cho\u0107 dzi\u015b stosowanie tego materia\u0142u jest zakazane, jego obecno\u015b\u0107 w przestrzeni publicznej wci\u0105\u017c pozostaje faktem. Nadal spotyka si\u0119 go na dachach starszych dom\u00f3w jednorodzinnych, w zabudowaniach gospodarczych, stodo\u0142ach, gara\u017cach, a tak\u017ce w cz\u0119\u015bci obiekt\u00f3w przemys\u0142owych.<\/p>\n<ul class=\"typography ids-typeset-body ids-typeset-body--preset-small list--article-list ids-list ids-list--unordered ids-list--size-small \" datatype=\"disc\">\n<li class=\"ids-list-item ids-list-item__content brief-list-item\"><a class=\"ids-undecorated-link link ids-link \" data-spons=\"false\" href=\"https:\/\/wydarzenia.interia.pl\/kraj\/news-staz-pracy-liczony-po-nowemu-jedni-skorzystaja-w-styczniu-in,nId,22504451\" rel=\"nofollow noopener\" target=\"_blank\">Sta\u017c pracy liczony po nowemu. Jedni skorzystaj\u0105 w styczniu, inni &#8222;z po\u015blizgiem&#8221;<\/a><\/li>\n<li class=\"ids-list-item ids-list-item__content brief-list-item\"><a class=\"ids-undecorated-link link ids-link \" data-spons=\"false\" href=\"https:\/\/wydarzenia.interia.pl\/kraj\/news-wazny-komunikat-zus-zmiany-w-skladkach-na-ubezpieczenia-obej,nId,22505165\" rel=\"nofollow noopener\" target=\"_blank\">Wa\u017cny komunikat ZUS. Zmiany w sk\u0142adkach na ubezpieczenia obejm\u0105 trzy grupy<\/a><\/li>\n<\/ul>\n<p>Koniec z kar\u0105 wi\u0119zienia za obraz\u0119 uczu\u0107 religijnych? \u017burek: Rozpoczynamy dyskusj\u0119Polsat NewsPolsat News<\/p>\n<p><a class=\"ids-undecorated-link source ids-page-info--source__link\" href=\"https:\/\/www.interia.pl\" rel=\"nofollow noopener\" target=\"_blank\"><img decoding=\"async\" class=\"ids-image-holder__img\" loading=\"lazy\" alt=\"\" title=\"\" height=\"24px\" src=\"https:\/\/www.europesays.com\/pl\/wp-content\/uploads\/2026\/01\/1767782590_880_0009A60QQ5I2TYF7-C202-F4.webp.webp\"\/><\/a><\/p>\n<p>Masz sugestie, uwagi albo widzisz b\u0142\u0105d? Napisz do nas<\/p>\n","protected":false},"excerpt":{"rendered":"Deklaracj\u0119 o posiadaniu azbestu trzeba z\u0142o\u017cy\u0107 do 31 stycznia ka\u017cdego roku, przy czym chodzi o stan faktyczny na&hellip;\n","protected":false},"author":2,"featured_media":198887,"comment_status":"","ping_status":"","sticky":false,"template":"","format":"standard","meta":{"footnotes":""},"categories":[12],"tags":[32,33,36,37,27,34,35,28,31,25,42,38,40,39,41,29,30,26],"class_list":{"0":"post-198886","1":"post","2":"type-post","3":"status-publish","4":"format-standard","5":"has-post-thumbnail","7":"category-polska","8":"tag-breaking-news","9":"tag-breakingnews","10":"tag-featured-news","11":"tag-featurednews","12":"tag-headlines","13":"tag-latest-news","14":"tag-latestnews","15":"tag-naglowki","16":"tag-najwazniejsze-artykuly","17":"tag-news","18":"tag-pl","19":"tag-poland","20":"tag-polish","21":"tag-polska","22":"tag-polski","23":"tag-top-stories","24":"tag-topstories","25":"tag-wiadomosci"},"share_on_mastodon":{"url":"https:\/\/pubeurope.com\/@pl\/115875340903302986","error":""},"_links":{"self":[{"href":"https:\/\/www.europesays.com\/pl\/wp-json\/wp\/v2\/posts\/198886","targetHints":{"allow":["GET"]}}],"collection":[{"href":"https:\/\/www.europesays.com\/pl\/wp-json\/wp\/v2\/posts"}],"about":[{"href":"https:\/\/www.europesays.com\/pl\/wp-json\/wp\/v2\/types\/post"}],"author":[{"embeddable":true,"href":"https:\/\/www.europesays.com\/pl\/wp-json\/wp\/v2\/users\/2"}],"replies":[{"embeddable":true,"href":"https:\/\/www.europesays.com\/pl\/wp-json\/wp\/v2\/comments?post=198886"}],"version-history":[{"count":0,"href":"https:\/\/www.europesays.com\/pl\/wp-json\/wp\/v2\/posts\/198886\/revisions"}],"wp:featuredmedia":[{"embeddable":true,"href":"https:\/\/www.europesays.com\/pl\/wp-json\/wp\/v2\/media\/198887"}],"wp:attachment":[{"href":"https:\/\/www.europesays.com\/pl\/wp-json\/wp\/v2\/media?parent=198886"}],"wp:term":[{"taxonomy":"category","embeddable":true,"href":"https:\/\/www.europesays.com\/pl\/wp-json\/wp\/v2\/categories?post=198886"},{"taxonomy":"post_tag","embeddable":true,"href":"https:\/\/www.europesays.com\/pl\/wp-json\/wp\/v2\/tags?post=198886"}],"curies":[{"name":"wp","href":"https:\/\/api.w.org\/{rel}","templated":true}]}}