{"id":198888,"date":"2026-01-11T07:42:07","date_gmt":"2026-01-11T07:42:07","guid":{"rendered":"https:\/\/www.europesays.com\/pl\/198888\/"},"modified":"2026-01-11T07:42:07","modified_gmt":"2026-01-11T07:42:07","slug":"gigant-planuje-wielka-inwestycje-oto-gdzie-powstanie-nowa-elektrownia","status":"publish","type":"post","link":"https:\/\/www.europesays.com\/pl\/198888\/","title":{"rendered":"Gigant planuje wielk\u0105 inwestycj\u0119. Oto gdzie powstanie nowa elektrownia"},"content":{"rendered":"<p>Wed\u0142ug informacji przekazanych przez Miros\u0142aw\u0119 Karpi\u0144sk\u0105 z\u00a0biura prasowego <a href=\"https:\/\/www.money.pl\/wiadomosci\/tauron.html\" rel=\"noopener noreferrer nofollow\" target=\"_blank\">Tauron<\/a> Polska Energia SA, inwestycja ma by\u0107 zlokalizowana w\u00a0gminie \u0141ososina Dolna na terenach, kt\u00f3re w\u00a0wi\u0119kszo\u015bci nale\u017c\u0105 do Skarbu Pa\u0144stwa i\u00a0s\u0105 u\u017cytkowane przez Lasy Pa\u0144stwowe oraz sp\u00f3\u0142k\u0119 Tauron Ekoenergia. Na okolicznych wzniesieniach ma powsta\u0107 zbiornik g\u00f3rny, kt\u00f3rego dok\u0142adna lokalizacja i\u00a0forma s\u0105 jeszcze przedmiotem prac projektowych.<\/p>\n<p>Obecnie Tauron zabezpieczy\u0142 ju\u017c wi\u0119kszo\u015b\u0107 grunt\u00f3w potrzebnych do realizacji projektu. 70\u201380 proc. terenu zosta\u0142o obj\u0119te umowami dzier\u017cawy z mo\u017cliwo\u015bci\u0105 przeniesienia u\u017cytkowania wieczystego na inwestora na podstawie decyzji wojewody. Pozosta\u0142e grunty maj\u0105 zosta\u0107 pozyskane m.in. w\u00a0ramach programu dobrowolnego zbycia nieruchomo\u015bci &#8211;\u00a0przekaza\u0142a Karpi\u0144ska.<\/p>\n<p>Sp\u00f3r o\u00a0reform\u0119 PIP w\u00a0Sejmie. &#8222;Lewica jest tym oburzona&#8221; <\/p>\n<p>Dzi\u0119ki pojemno\u015bci u\u017cytkowej g\u00f3rnego zbiornika wynosz\u0105cej 7,7 mln m\u00a0sze\u015bc. oraz opcji zwi\u0119kszenia jej do 11,5 mln m\u00a0sze\u015bc., czas generacji energii szacowany jest na oko\u0142o cztery godziny, co daje pojemno\u015b\u0107 energetyczn\u0105 3,1 GWh. Tauron podkre\u015bla jednak, \u017ce parametry te mog\u0105 jeszcze ulec zmianie.<\/p>\n<p>Elektrownia szczytowo-pompowa ma dzia\u0142a\u0107 dzi\u0119ki wykorzystaniu Jeziora Ro\u017cnowskiego jako zbiornika dolnego. Rozwi\u0105zanie to pozwoli na magazynowanie energii w\u00a0godzinach jej nadmiaru poprzez pompowanie wody do zbiornika g\u00f3rnego, natomiast produkcja energii b\u0119dzie nast\u0119powa\u0107 podczas przep\u0142ywu wody w\u00a0d\u00f3\u0142.<\/p>\n<p><a href=\"https:\/\/www.money.pl\/wiadomosci\/elektrownia.html\" rel=\"noopener noreferrer nofollow\" target=\"_blank\">Elektrownia<\/a> szczytowo-pompowa (ESP) to obiekt energetyczny pe\u0142ni\u0105cy funkcj\u0119 magazynu energii. Sk\u0142ada si\u0119 z\u00a0dw\u00f3ch zbiornik\u00f3w wodnych \u2013\u00a0g\u00f3rnego i\u00a0dolnego \u2013\u00a0oraz turbin odwracalnych. W\u00a0Polsce przyk\u0142adem takiego obiektu jest ESP Por\u0105bka-\u017bar w\u00a0Mi\u0119dzybrodziu Bialskim nad Jeziorem Mi\u0119dzybrodzkim, kt\u00f3ra funkcjonuje od 1979 r. i\u00a0dysponuje moc\u0105 500 MW.<\/p>\n","protected":false},"excerpt":{"rendered":"Wed\u0142ug informacji przekazanych przez Miros\u0142aw\u0119 Karpi\u0144sk\u0105 z\u00a0biura prasowego Tauron Polska Energia SA, inwestycja ma by\u0107 zlokalizowana w\u00a0gminie \u0141ososina&hellip;\n","protected":false},"author":2,"featured_media":198889,"comment_status":"","ping_status":"","sticky":false,"template":"","format":"standard","meta":{"footnotes":""},"categories":[5],"tags":[32,33,36,37,27,34,35,28,31,25,42,38,40,39,41,29,30,26],"class_list":{"0":"post-198888","1":"post","2":"type-post","3":"status-publish","4":"format-standard","5":"has-post-thumbnail","7":"category-naglowki","8":"tag-breaking-news","9":"tag-breakingnews","10":"tag-featured-news","11":"tag-featurednews","12":"tag-headlines","13":"tag-latest-news","14":"tag-latestnews","15":"tag-naglowki","16":"tag-najwazniejsze-artykuly","17":"tag-news","18":"tag-pl","19":"tag-poland","20":"tag-polish","21":"tag-polska","22":"tag-polski","23":"tag-top-stories","24":"tag-topstories","25":"tag-wiadomosci"},"share_on_mastodon":{"url":"https:\/\/pubeurope.com\/@pl\/115875344854807778","error":""},"_links":{"self":[{"href":"https:\/\/www.europesays.com\/pl\/wp-json\/wp\/v2\/posts\/198888","targetHints":{"allow":["GET"]}}],"collection":[{"href":"https:\/\/www.europesays.com\/pl\/wp-json\/wp\/v2\/posts"}],"about":[{"href":"https:\/\/www.europesays.com\/pl\/wp-json\/wp\/v2\/types\/post"}],"author":[{"embeddable":true,"href":"https:\/\/www.europesays.com\/pl\/wp-json\/wp\/v2\/users\/2"}],"replies":[{"embeddable":true,"href":"https:\/\/www.europesays.com\/pl\/wp-json\/wp\/v2\/comments?post=198888"}],"version-history":[{"count":0,"href":"https:\/\/www.europesays.com\/pl\/wp-json\/wp\/v2\/posts\/198888\/revisions"}],"wp:featuredmedia":[{"embeddable":true,"href":"https:\/\/www.europesays.com\/pl\/wp-json\/wp\/v2\/media\/198889"}],"wp:attachment":[{"href":"https:\/\/www.europesays.com\/pl\/wp-json\/wp\/v2\/media?parent=198888"}],"wp:term":[{"taxonomy":"category","embeddable":true,"href":"https:\/\/www.europesays.com\/pl\/wp-json\/wp\/v2\/categories?post=198888"},{"taxonomy":"post_tag","embeddable":true,"href":"https:\/\/www.europesays.com\/pl\/wp-json\/wp\/v2\/tags?post=198888"}],"curies":[{"name":"wp","href":"https:\/\/api.w.org\/{rel}","templated":true}]}}