{"id":198890,"date":"2026-01-11T07:43:11","date_gmt":"2026-01-11T07:43:11","guid":{"rendered":"https:\/\/www.europesays.com\/pl\/198890\/"},"modified":"2026-01-11T07:43:11","modified_gmt":"2026-01-11T07:43:11","slug":"fc-barcelona-real-madryt-gdzie-ogladac-final-superpucharu-hiszpanii-w-tv","status":"publish","type":"post","link":"https:\/\/www.europesays.com\/pl\/198890\/","title":{"rendered":"FC Barcelona &#8211; Real Madryt. Gdzie ogl\u0105da\u0107 fina\u0142 Superpucharu Hiszpanii w TV?"},"content":{"rendered":"<p class=\"typography ids-typeset-body ids-typeset-body--preset-large link paragraph ids-paragraph ids-paragraph--default\">Mecz FC Barcelona &#8211; Real Madryt w finale Superpucharu Hiszpanii zostanie rozegrany dzisiaj o godzinie 20:00. Transmisj\u0119 na \u017cywo z tego spotkania b\u0119dzie mo\u017cna obejrze\u0107 na kanale Eleven Sports 1. Z kolei stream online b\u0119dzie dost\u0119pny na stronie internetowej elevensports.pl oraz w platformie Polsat Box Go. Relacja tekstowa i wynik w Interii Sport.<\/p>\n<p>Real Madryt \u2013 FC Barcelona. Skr\u00f3t meczu. WIDEO (Eleven Sports)Eleven Sports<\/p>\n<p>FC Barcelona i Real Madryt zagraj\u0105 w finale Superpucharu Hiszpanii<\/p>\n<p class=\"typography ids-typeset-body ids-typeset-body--preset-large link paragraph ids-paragraph ids-paragraph--default\">Pi\u0142karze Barcelony s\u0105 w znakomitej formie, dlatego mo\u017cna powiedzie\u0107, \u017ce &#8222;El Clasico&#8221; przychodzi dla nich w doskona\u0142ym momencie. <a href=\"https:\/\/sport.interia.pl\/pilka-nozna\/la-liga\/news-trzy-gole-w-meczu-realu-madryt-o-final-przeciwnik-dla-barcel,nId,22506581\" target=\"_blank\" rel=\"nofollow noopener\">Real Madryt co prawda wygra\u0142 derby Madrytu z Atletico 2:1 w p\u00f3\u0142finale<\/a>, ale nie by\u0142 to wybitny mecz &#8222;Kr\u00f3lewskich&#8221;, zw\u0142aszcza w drugiej po\u0142owie. Cho\u0107 ekipa Xabiego Alonso na pocz\u0105tku tego roku rozbi\u0142a Real Betis 5:1, to poza tym w tym sezonie ma problemy w spotkaniach z silnymi rywalami, o czym \u015bwiadcz\u0105 pora\u017cki 1:2 z Manchesterem City, 0:1 z Liverpoolem i a\u017c 2:5 a ligowych derbach z Atletico. <a href=\"https:\/\/sport.interia.pl\/pilka-nozna\/la-liga\/news-szalenstwo-w-madrycie-szczesny-bohaterem-arbiter-skasowal-re,nId,22435548\" target=\"_blank\" rel=\"nofollow noopener\">Z wyj\u0105tkiem zwyci\u0119skiego Klasyku 2:1 z Barcelon\u0105<\/a> i triumfu 1:0 nad Juventusem, Real przegra\u0142 wszystkie najtrudniejsze spotkania w tej kampanii.<\/p>\n<p class=\"typography ids-typeset-body ids-typeset-body--preset-large link paragraph ids-paragraph ids-paragraph--default\">Trudno zatem nie stwierdzi\u0107, \u017ce FC Barcelona jest faworytem dzisiejszej rywalizacji. Oczywi\u015bcie, &#8222;El Clasico&#8221; rz\u0105dzi si\u0119 swoimi prawami, ale realny zdaje si\u0119 scenariusz, w kt\u00f3rym &#8222;Barca&#8221; wysoko pokonuje Real.<a href=\"https:\/\/sport.interia.pl\/hiszpania-superpuchar-hiszpanii\/news-ogromna-dramaturgia-w-finale-lewandowski-jednym-z-bohaterow-,nId,7890182\" target=\"_blank\" rel=\"nofollow noopener\">\u00a0Przed rokiem w finale 5:2 wygra\u0142a w\u0142a\u015bnie Barcelona<\/a>. Jednak\u017ce &#8222;Kr\u00f3lewskich&#8221; nigdy nie nale\u017cy stawia\u0107 na straconej pozycji, co pokazywali wielokrotnie w swojej historii. Bez w\u0105tpienia kibic\u00f3w czeka fantastyczne widowisko.<\/p>\n<p>Barcelona &#8211; Real Madryt. Superpucharu Hiszpanii. Gdzie i o kt\u00f3rej obejrze\u0107? [TRANSMISJA, TV]<\/p>\n<p class=\"typography ids-typeset-body ids-typeset-body--preset-large link paragraph ids-paragraph ids-paragraph--default\">Mecz FC Barcelona &#8211; Real Madryt w finale Superpucharu Hiszpanii zostanie rozegrany dzisiaj o godzinie 20:00. Relacja tekstowa i wynik w Interii Sport.<\/p>\n<p class=\"typography ids-typeset-body ids-typeset-body--preset-large link paragraph ids-paragraph ids-paragraph--default\">Transmisj\u0119 na \u017cywo z tego spotkania b\u0119dzie mo\u017cna obejrze\u0107 na kanale Eleven Sports 1. Z kolei stream online b\u0119dzie dost\u0119pny na stronie internetowej elevensports.pl oraz w platformie Polsat Box Go.<\/p>\n<p><img decoding=\"async\" class=\"ids-image-holder__img\" loading=\"lazy\" alt=\"Pi\u0142karze w bia\u0142ych strojach ciesz\u0105 si\u0119 po zdobyciu gola, wykonuj\u0105c energiczne gesty z wyci\u0105gni\u0119tymi ramionami na stadionie pe\u0142nym kibic\u00f3w.\" title=\"Kylian Mbappe, Arda Guler i Jude Bellingham w barwach Realu Madryt\" width=\"4500\" height=\"3000\" src=\"https:\/\/www.europesays.com\/pl\/wp-content\/uploads\/2026\/01\/000LU2WVO280AHKG-C323-F4.webp.webp\"\/><\/p>\n<p>Kylian Mbappe, Arda Guler i Jude Bellingham w barwach Realu MadrytAlberto GardinAFP<\/p>\n<p><img decoding=\"async\" class=\"ids-image-holder__img\" loading=\"lazy\" alt=\"Pi\u0142karz w koszulce Barcelony z numerem 9 kopie pi\u0142k\u0119 podczas meczu, w tle widoczny inny zawodnik oraz rozmyte trybuny.\" title=\"Robert Lewandowski w barwach FC Barcelona w sezonie 2025\/2026\" width=\"6677\" height=\"4452\" src=\"https:\/\/www.europesays.com\/pl\/wp-content\/uploads\/2025\/12\/000LZCJ1IPYQSRFW-C323-F4.webp.webp\"\/><\/p>\n<p>Robert Lewandowski w barwach FC Barcelona w sezonie 2025\/2026MIGUEL RIOPAAFP<\/p>\n<p><a class=\"ids-undecorated-link source ids-page-info--source__link\" href=\"https:\/\/www.interia.pl\" rel=\"nofollow noopener\" target=\"_blank\"><img decoding=\"async\" class=\"ids-image-holder__img\" loading=\"lazy\" alt=\"\" title=\"\" height=\"24px\" src=\"https:\/\/www.europesays.com\/pl\/wp-content\/uploads\/2026\/01\/1767782590_880_0009A60QQ5I2TYF7-C202-F4.webp.webp\"\/><\/a><\/p>\n<p>Masz sugestie, uwagi albo widzisz b\u0142\u0105d? Napisz do nas<\/p>\n","protected":false},"excerpt":{"rendered":"Mecz FC Barcelona &#8211; Real Madryt w finale Superpucharu Hiszpanii zostanie rozegrany dzisiaj o godzinie 20:00. Transmisj\u0119 na&hellip;\n","protected":false},"author":2,"featured_media":198891,"comment_status":"","ping_status":"","sticky":false,"template":"","format":"standard","meta":{"footnotes":""},"categories":[24],"tags":[42,38,40,39,41,127,126],"class_list":{"0":"post-198890","1":"post","2":"type-post","3":"status-publish","4":"format-standard","5":"has-post-thumbnail","7":"category-sport","8":"tag-pl","9":"tag-poland","10":"tag-polish","11":"tag-polska","12":"tag-polski","13":"tag-sport","14":"tag-sports"},"share_on_mastodon":{"url":"https:\/\/pubeurope.com\/@pl\/115875348862935951","error":""},"_links":{"self":[{"href":"https:\/\/www.europesays.com\/pl\/wp-json\/wp\/v2\/posts\/198890","targetHints":{"allow":["GET"]}}],"collection":[{"href":"https:\/\/www.europesays.com\/pl\/wp-json\/wp\/v2\/posts"}],"about":[{"href":"https:\/\/www.europesays.com\/pl\/wp-json\/wp\/v2\/types\/post"}],"author":[{"embeddable":true,"href":"https:\/\/www.europesays.com\/pl\/wp-json\/wp\/v2\/users\/2"}],"replies":[{"embeddable":true,"href":"https:\/\/www.europesays.com\/pl\/wp-json\/wp\/v2\/comments?post=198890"}],"version-history":[{"count":0,"href":"https:\/\/www.europesays.com\/pl\/wp-json\/wp\/v2\/posts\/198890\/revisions"}],"wp:featuredmedia":[{"embeddable":true,"href":"https:\/\/www.europesays.com\/pl\/wp-json\/wp\/v2\/media\/198891"}],"wp:attachment":[{"href":"https:\/\/www.europesays.com\/pl\/wp-json\/wp\/v2\/media?parent=198890"}],"wp:term":[{"taxonomy":"category","embeddable":true,"href":"https:\/\/www.europesays.com\/pl\/wp-json\/wp\/v2\/categories?post=198890"},{"taxonomy":"post_tag","embeddable":true,"href":"https:\/\/www.europesays.com\/pl\/wp-json\/wp\/v2\/tags?post=198890"}],"curies":[{"name":"wp","href":"https:\/\/api.w.org\/{rel}","templated":true}]}}