{"id":198896,"date":"2026-01-11T07:48:07","date_gmt":"2026-01-11T07:48:07","guid":{"rendered":"https:\/\/www.europesays.com\/pl\/198896\/"},"modified":"2026-01-11T07:48:07","modified_gmt":"2026-01-11T07:48:07","slug":"pozar-hali-magazynowej-w-wielkopolsce-onet","status":"publish","type":"post","link":"https:\/\/www.europesays.com\/pl\/198896\/","title":{"rendered":"Po\u017car hali magazynowej w Wielkopolsce &#8211; Onet"},"content":{"rendered":"<ol>\n<li><a href=\"https:\/\/news.google.com\/rss\/articles\/CBMiogFBVV95cUxQbjBOb29ZMlp4REp4elVISUlzUEZlazhaRy1HaW5nLS01Z01lTkE0ZVhfSW1UVFRINmExbjA3SUpkckRkVU9TMzdUTF90dVVsWS03X0QxWEc1NFpGOWIxd25ESm8zb3ppbGExUFZKdFc2ZlFjM1RoWjFhYzRLT3hfSHhpNTAxZFBpQXltZXA5bkl0ck1icDRQQWZPUm90aGxScHc?oc=5\" target=\"_blank\" rel=\"nofollow noopener\">Po\u017car hali magazynowej w Wielkopolsce<\/a>&nbsp;&nbsp;Onet<\/li>\n<li><a href=\"https:\/\/news.google.com\/rss\/articles\/CBMivwFBVV95cUxOMXFQVXd3aHpkMWs4UjBwTlJfSGJhVVpTZWQyaEx3X1B2Tm9Mc2VrQkZsSlhJaDJscWs4Wlc1eVNNOWN6eU15UFR4T0xZN05GWFh3QXBvdzQ0SUxKQXdLRGVJLW9PZl9DRVA3ZVBCSXZySXByOTM0TUdqODQ5TFREOG82cl9ZTnJtaHc1OEhlcGFhUjl2b2ZlMEZpTkRmbUktZjBxUE90YjhnQk1nZGw1SF9jaG9HcXcwRlBnQUlyQQ?oc=5\" target=\"_blank\" rel=\"nofollow noopener\">Wielki po\u017car hali magazynowej pod Poznaniem. Kilkadziesi\u0105t zast\u0119p\u00f3w stra\u017cy<\/a>&nbsp;&nbsp;Wydarzenia w INTERIA.PL<\/li>\n<li><a href=\"https:\/\/news.google.com\/rss\/articles\/CBMipAFBVV95cUxNX3J0aENUWEdEQ0UtaUJhQmhpU0VxR2h4NkJ0U3FhR3ZxWDFKSGN5MXo1T3MxWl84TDM0M2JGY1FpMnliRTcwc3RRalhUMW5yUWlKU1l2bWR2Q295THppS3F0ekM3S0RmTnk4bzliM0paYjlzeW40SFlDRDdOLTk5V3N6MkFWa2ZNYmdpcUJybWdJaXBfOHNwRG93MGRtWDNWSFE1Wg?oc=5\" target=\"_blank\" rel=\"nofollow noopener\">Ogromy po\u017car pod Poznaniem. Trwa walka z ogniem<\/a>&nbsp;&nbsp;PolsatNews.pl<\/li>\n<li><a href=\"https:\/\/news.google.com\/rss\/articles\/CBMigAFBVV95cUxNbWV2MmFENFphQjlTSUNsT3NXcWFGZThYSlpRR191R3pEcXdJdVFQMmoxdVhQejhRNGxvbks1TVd2SzBUVG9ER1k4eHB1R015NDd2ZG1xRDVXcVRmUkZTblBfNWpqOVVEeTNPeUU2OFlaenJRa2kyRWdRa2phSlUxRg?oc=5\" target=\"_blank\" rel=\"nofollow noopener\">Po\u017car pod Poznaniem. Skierowano 25 stra\u017cackich zast\u0119p\u00f3w<\/a>&nbsp;&nbsp;TVP Pozna\u0144<\/li>\n<li><a href=\"https:\/\/news.google.com\/rss\/articles\/CBMiqgFBVV95cUxPc1p3SHdEM1JBR1o3b09CLUt2UHlkNzBiX3kxR2xnbDdoTW52UldNQTd4Q3R5OW9jdTZHVFBUQ1BuUHhmandnQlloU0FBTjdpUHBaRXBHMW9zbHVWLXNiVkw3UlBqbWdwM1RlVWdfcmJRT0xOZXBBb1oyYUNIbmpTcjlzZERIa1JwZXQ0cEk1b2FlUUswWUotVE13X05vOGlVYTJETDcwNGVTQdIBqAFBVV95cUxQUjFsSGNDM01kbzZJSlF6SHZESzRFMEo3Y3hSSFN0Wjl2dTlIYjg3VUxINVlMRGRPcVpyYXdIVGhEZWRrbE83N0R4RVFPUmJOVzhpVDBwUTlVU185akpLWURQc1ZWQ1p1OU1oTnd1R1IzNzBtSGIxdndEb3I0SFV6VjAtZXQycEJVbzFmMlM0M1JGOW9hWUVWMHRCeElGYlVsNkRQdlIyUDQ?oc=5\" target=\"_blank\" rel=\"nofollow noopener\">Pozna\u0144. Po\u017car hali magazynowej. W akcji 30 zast\u0119p\u00f3w stra\u017cy po\u017carnej<\/a>&nbsp;&nbsp;Wprost<\/li>\n<\/ol>\n","protected":false},"excerpt":{"rendered":"Po\u017car hali magazynowej w Wielkopolsce&nbsp;&nbsp;Onet Wielki po\u017car hali magazynowej pod Poznaniem. Kilkadziesi\u0105t zast\u0119p\u00f3w stra\u017cy&nbsp;&nbsp;Wydarzenia w INTERIA.PL Ogromy po\u017car&hellip;\n","protected":false},"author":2,"featured_media":198897,"comment_status":"","ping_status":"","sticky":false,"template":"","format":"standard","meta":{"footnotes":""},"categories":[12],"tags":[32,33,244,36,37,27,34,35,28,31,53,25,52,68,51,55,42,38,40,39,41,4686,47,5425,29,30,65,50,26,10238],"class_list":{"0":"post-198896","1":"post","2":"type-post","3":"status-publish","4":"format-standard","5":"has-post-thumbnail","7":"category-polska","8":"tag-breaking-news","9":"tag-breakingnews","10":"tag-ctr_tst","11":"tag-featured-news","12":"tag-featurednews","13":"tag-headlines","14":"tag-latest-news","15":"tag-latestnews","16":"tag-naglowki","17":"tag-najwazniejsze-artykuly","18":"tag-new_header","19":"tag-news","20":"tag-onet3","21":"tag-onet3d","22":"tag-onet3d_2i","23":"tag-phx","24":"tag-pl","25":"tag-poland","26":"tag-polish","27":"tag-polska","28":"tag-polski","29":"tag-pozar_pozary","30":"tag-screening_general","31":"tag-straz_pozarna_strazak_strazacy_osp_psp","32":"tag-top-stories","33":"tag-topstories","34":"tag-update_me","35":"tag-v2021","36":"tag-wiadomosci","37":"tag-wojewodztwo_wielkopolskie_wielkopolska"},"share_on_mastodon":{"url":"https:\/\/pubeurope.com\/@pl\/115875368359524689","error":""},"_links":{"self":[{"href":"https:\/\/www.europesays.com\/pl\/wp-json\/wp\/v2\/posts\/198896","targetHints":{"allow":["GET"]}}],"collection":[{"href":"https:\/\/www.europesays.com\/pl\/wp-json\/wp\/v2\/posts"}],"about":[{"href":"https:\/\/www.europesays.com\/pl\/wp-json\/wp\/v2\/types\/post"}],"author":[{"embeddable":true,"href":"https:\/\/www.europesays.com\/pl\/wp-json\/wp\/v2\/users\/2"}],"replies":[{"embeddable":true,"href":"https:\/\/www.europesays.com\/pl\/wp-json\/wp\/v2\/comments?post=198896"}],"version-history":[{"count":0,"href":"https:\/\/www.europesays.com\/pl\/wp-json\/wp\/v2\/posts\/198896\/revisions"}],"wp:featuredmedia":[{"embeddable":true,"href":"https:\/\/www.europesays.com\/pl\/wp-json\/wp\/v2\/media\/198897"}],"wp:attachment":[{"href":"https:\/\/www.europesays.com\/pl\/wp-json\/wp\/v2\/media?parent=198896"}],"wp:term":[{"taxonomy":"category","embeddable":true,"href":"https:\/\/www.europesays.com\/pl\/wp-json\/wp\/v2\/categories?post=198896"},{"taxonomy":"post_tag","embeddable":true,"href":"https:\/\/www.europesays.com\/pl\/wp-json\/wp\/v2\/tags?post=198896"}],"curies":[{"name":"wp","href":"https:\/\/api.w.org\/{rel}","templated":true}]}}