{"id":198898,"date":"2026-01-11T07:49:18","date_gmt":"2026-01-11T07:49:18","guid":{"rendered":"https:\/\/www.europesays.com\/pl\/198898\/"},"modified":"2026-01-11T07:49:18","modified_gmt":"2026-01-11T07:49:18","slug":"papiez-na-800-lecie-smierci-sw-franciszka-z-asyzu","status":"publish","type":"post","link":"https:\/\/www.europesays.com\/pl\/198898\/","title":{"rendered":"Papie\u017c na 800-lecie \u015bmierci \u015bw. Franciszka z Asy\u017cu"},"content":{"rendered":"<p>Z okazji przypadaj\u0105cej w tym roku 800. rocznicy \u015bmierci \u015bw. Franciszka z Asy\u017cu Leon XIV napisa\u0142 list do prze\u0142o\u017conych generalnych franciszka\u0144skich zgromadze\u0144 zakonnych. Papie\u017c ma nadziej\u0119, \u017ce z tej okazji na nowo wybrzmi przes\u0142anie pokoju, kt\u00f3re niesie ten \u015bwi\u0119ty. Podkre\u015bla, \u017ce nadal przemawia ono do \u015bwiata, poniewa\u017c wskazuje na prawdziwe \u017ar\u00f3d\u0142o pokoju: zwyci\u0119stwo Chrystusa nad \u015bmierci\u0105.<\/p>\n<p>Krzysztof Bronk &#8211; Watykan<\/p>\n<p>Papie\u017c przypomina, \u017ce \u015bw. Franciszek \u015bmier\u0107 nazywa\u0142 swoj\u0105 siostr\u0105. Umiera\u0142 w pokoju ducha jako cz\u0142owiek, kt\u00f3ry g\u0142\u0119boko naznaczy\u0142 serca swych wsp\u00f3\u0142czesnych zbawczym s\u0142owem Chrystusa.<\/p>\n<p>Franciszek wiedzia\u0142, \u017ce pok\u00f3j jest darem Boga<\/p>\n<p>Leon XIV przywo\u0142uje pozdrowienie pokoju, kt\u00f3re Franciszek zaleca\u0142 swoim uczniom: \u201eNiech Pan da ci pok\u00f3j\u201d. \u201eTymi istotnymi s\u0142owami, przekazuje swym braciom oraz wszystkim wierz\u0105cym wewn\u0119trzne zdumienie, kt\u00f3re Ewangelia wnios\u0142a do ich \u017cycia: pok\u00f3j jest sum\u0105 wszystkich bo\u017cych dobrodziejstw, darem, kt\u00f3ry pochodzi z wysoka. U\u0142ud\u0105 by\u0142oby s\u0105dzi\u0107, \u017ce mo\u017cna go zbudowa\u0107 o ludzkich si\u0142ach. A jednak jest to dar aktywny, kt\u00f3ry trzeba przyjmowa\u0107 i prze\u017cywa\u0107 ka\u017cdego dnia\u201d.<\/p>\n<p>Nie formu\u0142a grzeczno\u015bciowa, ale g\u0142oszenie zwyci\u0119stwa Chrystusa<\/p>\n<p>Papie\u017c zauwa\u017ca, \u017ce pozdrowienie zalecane przez Franciszka jest to\u017csame z tym, kt\u00f3re zmartwychwsta\u0142y Pan kieruje do swych uczni\u00f3w, przestraszonych i zamkni\u0119tych w Wieczerniku: \u201ePok\u00f3j wam\u201d. \u201eNie jest to formu\u0142a grzeczno\u015bciowa, ale zapewnienie o zwyci\u0119stwie Chrystusa nad \u015bmierci\u0105 \u2013 pisze Leon XIV. \u2013 Podobnie jak g\u0142os anio\u0142\u00f3w w noc Bo\u017cego Narodzenia \u2013 \u2018Chwa\u0142a Bogu na wysoko\u015bciach, a na ziemi pok\u00f3j ludziom Jego upodobania\u2019 \u2013 tak samo pok\u00f3j, kt\u00f3ry og\u0142asza Ojciec Seraficki, jest tym samym pokojem, kt\u00f3ry Chrystus sam og\u0142osi\u0142 mi\u0119dzy niebem a ziemi\u0105\u201d.<\/p>\n<p>Franciszek pokazuje, jak wa\u017cne jest zaufanie Panu<\/p>\n<p>Leon XIV dodaje zarazem, \u017ce franciszka\u0144ska wizja pokoju nie dotyczy jedynie relacji z Bogiem i innymi lud\u017ami, ale obejmuje ca\u0142e stworzenie. \u201eNiech przyk\u0142ad i duchowe dziedzictwo tego \u015bwi\u0119tego, silnego w wierze, niezachwianego w nadziei i p\u0142omiennego w czynnej mi\u0142o\u015bci bli\u017aniego, budzi we wszystkich \u015bwiadomo\u015b\u0107, jak wa\u017cne jest zaufanie Panu, oddanie si\u0119 \u017cyciu wiernemu Ewangelii, przyjmowanie i o\u015bwiecanie wiar\u0105 i modlitw\u0105 wszystkich okoliczno\u015bci oraz wszystkiego, co robimy w naszym \u017cyciu\u201d \u2013 pisze na zako\u0144czenie Papie\u017c.<\/p>\n<p>W Ukrzy\u017cowanym rozpozna\u0142e\u015b prawdziwy pok\u00f3j<\/p>\n<p>Ojciec \u015awi\u0119ty za\u0142\u0105cza te\u017c do swego listu modlitw\u0119 do \u015bw. Franciszka. Ponownie wskazuje w niej na Chrystusa jako prawdziwe \u017ar\u00f3d\u0142o pokoju: \u201eTy, kt\u00f3ry w Ukrzy\u017cowanym z San Damiano rozpozna\u0142e\u015b prawdziwy pok\u00f3j, naucz nas szuka\u0107 w Nim \u017ar\u00f3d\u0142a wszelkiego pojednania\u201d.<\/p>\n","protected":false},"excerpt":{"rendered":"Z okazji przypadaj\u0105cej w tym roku 800. rocznicy \u015bmierci \u015bw. Franciszka z Asy\u017cu Leon XIV napisa\u0142 list do&hellip;\n","protected":false},"author":2,"featured_media":198899,"comment_status":"","ping_status":"","sticky":false,"template":"","format":"standard","meta":{"footnotes":""},"categories":[5],"tags":[32,33,36,37,27,34,35,28,31,25,42,38,40,39,41,29,30,26],"class_list":{"0":"post-198898","1":"post","2":"type-post","3":"status-publish","4":"format-standard","5":"has-post-thumbnail","7":"category-naglowki","8":"tag-breaking-news","9":"tag-breakingnews","10":"tag-featured-news","11":"tag-featurednews","12":"tag-headlines","13":"tag-latest-news","14":"tag-latestnews","15":"tag-naglowki","16":"tag-najwazniejsze-artykuly","17":"tag-news","18":"tag-pl","19":"tag-poland","20":"tag-polish","21":"tag-polska","22":"tag-polski","23":"tag-top-stories","24":"tag-topstories","25":"tag-wiadomosci"},"share_on_mastodon":{"url":"https:\/\/pubeurope.com\/@pl\/115875372334425453","error":""},"_links":{"self":[{"href":"https:\/\/www.europesays.com\/pl\/wp-json\/wp\/v2\/posts\/198898","targetHints":{"allow":["GET"]}}],"collection":[{"href":"https:\/\/www.europesays.com\/pl\/wp-json\/wp\/v2\/posts"}],"about":[{"href":"https:\/\/www.europesays.com\/pl\/wp-json\/wp\/v2\/types\/post"}],"author":[{"embeddable":true,"href":"https:\/\/www.europesays.com\/pl\/wp-json\/wp\/v2\/users\/2"}],"replies":[{"embeddable":true,"href":"https:\/\/www.europesays.com\/pl\/wp-json\/wp\/v2\/comments?post=198898"}],"version-history":[{"count":0,"href":"https:\/\/www.europesays.com\/pl\/wp-json\/wp\/v2\/posts\/198898\/revisions"}],"wp:featuredmedia":[{"embeddable":true,"href":"https:\/\/www.europesays.com\/pl\/wp-json\/wp\/v2\/media\/198899"}],"wp:attachment":[{"href":"https:\/\/www.europesays.com\/pl\/wp-json\/wp\/v2\/media?parent=198898"}],"wp:term":[{"taxonomy":"category","embeddable":true,"href":"https:\/\/www.europesays.com\/pl\/wp-json\/wp\/v2\/categories?post=198898"},{"taxonomy":"post_tag","embeddable":true,"href":"https:\/\/www.europesays.com\/pl\/wp-json\/wp\/v2\/tags?post=198898"}],"curies":[{"name":"wp","href":"https:\/\/api.w.org\/{rel}","templated":true}]}}