{"id":198904,"date":"2026-01-11T07:55:08","date_gmt":"2026-01-11T07:55:08","guid":{"rendered":"https:\/\/www.europesays.com\/pl\/198904\/"},"modified":"2026-01-11T07:55:08","modified_gmt":"2026-01-11T07:55:08","slug":"zagrozenie-na-polskich-dachach-straz-nam-nie-pomoze-a-kara-zaboli","status":"publish","type":"post","link":"https:\/\/www.europesays.com\/pl\/198904\/","title":{"rendered":"Zagro\u017cenie na polskich dachach. Stra\u017c nam nie pomo\u017ce, a kara zaboli"},"content":{"rendered":"\n<p>Zima nadal <a href=\"https:\/\/finanse.wp.pl\/siarczyste-mrozy-w-polsce-pytamy-o-dostepnosc-drewna-opalowego-7241284422162944a\" rel=\"noopener noreferrer nofollow\" target=\"_blank\">nie odpuszcza<\/a>, za nami kolejna ultrazimna noc. Weekend przyni\u00f3s\u0142 du\u017ce i\u00a0ca\u0142kowite zachmurzenie oraz przelotne opady \u015bniegu, okresami silniejsze na Pomorzu i\u00a0w\u00a0rejonach podg\u00f3rskich, przy nocnych spadkach temperatury nawet do -18, a\u00a0lokalnie do -20 st. C. W\u00a0dzie\u0144 nadal jest mro\u017ano, cho\u0107 na p\u00f3\u0142nocnym zachodzie i\u00a0wybrze\u017cu pojawia\u0142y si\u0119 warto\u015bci w\u00a0okolicach zera &#8211;\u00a0podaje IMGW.<\/p>\n<p>Prognozy nie wskazuj\u0105 na to, \u017ceby w\u00a0najbli\u017cszych dniach uby\u0142o nam \u015bniegu, lodu czy <a href=\"https:\/\/finanse.wp.pl\/tag\/sople\" rel=\"noopener noreferrer nofollow\" target=\"_blank\">sopli<\/a>. Warto wi\u0119c przypomnie\u0107, kto odpowiada za ich usuwanie.<\/p>\n<p>Kto usuwa sople z\u00a0budynk\u00f3w?  <\/p>\n<p>Cho\u0107 wydawa\u0142oby si\u0119, \u017ce tego typu rzeczy powinni\u015bmy zg\u0142asza\u0107 stra\u017cy po\u017carnej, to jednak nie po stronie s\u0142u\u017cb le\u017cy odpowiedzialno\u015b\u0107 za usuwanie sopli zwisaj\u0105cych z\u00a0dach\u00f3w i\u00a0balkon\u00f3w. <\/p>\n<p> <img role=\"presentation\" class=\"absolute left-1\/2 top-1\/2 max-h-[80%] max-w-[100px] -translate-x-1\/2 -translate-y-1\/2\" src=\"https:\/\/v.wpimg.pl\/ZXJfd3AudTkrBBIAbg54LGhcRlAxHQUrPgJGH2MAeGJoSQ1eIBI_K2UHAEVuBTY5KQMMXC0RPyoVERQdMgM9ejc\" loading=\"lazy\" decoding=\"async\"\/> <\/p>\n<p>Obowi\u0105zek ten spoczywa na w\u0142a\u015bcicielach, administratorach i\u00a0zarz\u0105dcach obiekt\u00f3w \u2013\u00a0wynika to z\u00a0Prawa budowlanego. To oni maj\u0105 zapewni\u0107 bezpieczne u\u017cytkowanie budynku i\u00a0nie dopu\u015bci\u0107 do zagro\u017cenia dla ludzi oraz mienia. Je\u015bli pojawi\u0105 si\u0119 sople lub nawisy, miejsce nale\u017cy zabezpieczy\u0107 i\u00a0oznakowa\u0107 do czasu ich usuni\u0119cia, a\u00a0piesi nie powinni przechodzi\u0107 pod potencjalnie niebezpiecznym obszarem.<\/p>\n<p>W razie zaniedba\u0144 mo\u017cliwe s\u0105 konsekwencje, m.in. mandat lub nawet zamkni\u0119cie obiektu, a\u00a0przestrzeganie przepis\u00f3w kontroluj\u0105 inspektorzy nadzoru budowlanego. W\u00a0razie zauwa\u017cenia niebezpiecznych sopli, nawis\u00f3w lub zalegaj\u0105cego \u015bniegu nale\u017cy powiadomi\u0107 odpowiednie s\u0142u\u017cby, w\u00a0tym Pa\u0144stwow\u0105 Stra\u017c Po\u017carn\u0105.<\/p>\n<p>&#8211; W\u00a0ostatnich dniach odnotowali\u015bmy wzmo\u017con\u0105 liczb\u0119 zg\u0142osze\u0144 dotycz\u0105cych sopli i\u00a0nawis\u00f3w \u015bniegowych. Jeszcze dwa dni temu by\u0142o to oko\u0142o 40 interwencji i\u00a0dotyczy\u0142y one budynk\u00f3w u\u017cyteczno\u015bci publicznej &#8211; powiedzia\u0142 WP Finanse rzecznik prasowy Warmi\u0144sko-Mazurskiego Komendanta Wojew\u00f3dzkiego PSP, m\u0142. bryg. Grzegorz R\u00f3\u017ca\u0144ski.<\/p>\n<p> <img role=\"presentation\" class=\"absolute left-1\/2 top-1\/2 max-h-[80%] max-w-[100px] -translate-x-1\/2 -translate-y-1\/2\" src=\"https:\/\/v.wpimg.pl\/ZXJfd3AudTkrBBIAbg54LGhcRlAxHQUrPgJGH2MAeGJoSQ1eIBI_K2UHAEVuBTY5KQMMXC0RPyoVERQdMgM9ejc\" loading=\"lazy\" decoding=\"async\"\/> <\/p>\n<p>Jak doda\u0142, w\u00a0przypadku obiekt\u00f3w, kt\u00f3re nie s\u0105 budynkami u\u017cyteczno\u015bci publicznej, stra\u017c po\u017carna nie usuwa sopli, ale mo\u017ce wyda\u0107 zalecenie (ale nie nakaz) usuni\u0119cia zagro\u017cenia. Ocena i\u00a0egzekwowanie tego obowi\u0105zku nale\u017c\u0105 przede wszystkim do stra\u017cy miejskiej i\u00a0policji.<\/p>\n<p>Za brak usuni\u0119cia sopli i\u00a0\u015bniegu na czas stra\u017c miejska mo\u017ce na\u0142o\u017cy\u0107 mandat od 20 do 500 z\u0142, a\u00a0policja &#8211;\u00a0kar\u0119 si\u0119gaj\u0105c\u0105 nawet 1000 z\u0142. Sprawa mo\u017ce te\u017c trafi\u0107 do s\u0105du, gdzie grzywna mo\u017ce wynie\u015b\u0107 do 5\u00a0tys. z\u0142.<\/p>\n<p>Dlaczego \u015bnieg zalegaj\u0105cy na dachach jest gro\u017any? 1\u00a0m3 mokrego \u015bniegu wa\u017cy a\u017c 200-400 kilogram\u00f3w. A\u00a0gdy \u015bnieg zamarznie i\u00a0zamieni si\u0119 w\u00a0l\u00f3d, jego ci\u0119\u017car mo\u017ce si\u0119ga\u0107 nawet 900 kilogram\u00f3w na metr sze\u015bcienny. To pot\u0119\u017cne obci\u0105\u017cenie, kt\u00f3re mo\u017ce doprowadzi\u0107 do katastrofy budowlanej.<\/p>\n<p> <img role=\"presentation\" class=\"absolute left-1\/2 top-1\/2 max-h-[80%] max-w-[100px] -translate-x-1\/2 -translate-y-1\/2\" src=\"https:\/\/v.wpimg.pl\/ZXJfd3AudTkrBBIAbg54LGhcRlAxHQUrPgJGH2MAeGJoSQ1eIBI_K2UHAEVuBTY5KQMMXC0RPyoVERQdMgM9ejc\" loading=\"lazy\" decoding=\"async\"\/> <\/p>\n<p>W stolicy stra\u017cnicy maj\u0105 apel do\u00a0mieszka\u0144c\u00f3w  <\/p>\n<p>W <a href=\"https:\/\/finanse.wp.pl\/tag\/warszawa\" rel=\"noopener noreferrer nofollow\" target=\"_blank\">Warszawie <\/a>sytuacja wygl\u0105da podobnie jak na Warmii i\u00a0Mazurach. Do s\u0142u\u017cb, w\u00a0tym w\u00a0tym przypadku do stra\u017cy miejskiej, trafia znacznie wi\u0119cej pr\u00f3\u015bb o\u00a0&#8222;zimowe&#8221; interwencje.<\/p>\n<p>&#8211; W\u00a0zwi\u0105zku z\u00a0utrzymuj\u0105c\u0105 si\u0119 zim\u0105 notujemy obecnie wi\u0119cej zg\u0142osze\u0144 ni\u017c w\u00a0latach ubieg\u0142ych. Dotycz\u0105 one m.in. zalegaj\u0105cego \u015bniegu, sopli, nawis\u00f3w lodowych, ale tak\u017ce pr\u00f3b wchodzenia na zamarzni\u0119te zbiorniki wodne. Apelujemy, aby nie traktowa\u0107 staw\u00f3w i\u00a0jeziorek jak lodowisk &#8211;\u00a0w\u00a0Warszawie dost\u0119pnych jest wiele lodowisk miejskich i\u00a0prywatnych, kt\u00f3re s\u0105 do tego przystosowane &#8211;\u00a0przekazali nam przedstawiciele Stra\u017cy Miejskiej m.st. Warszawy.<\/p>\n<p> <img role=\"presentation\" class=\"absolute left-1\/2 top-1\/2 max-h-[80%] max-w-[100px] -translate-x-1\/2 -translate-y-1\/2\" src=\"https:\/\/v.wpimg.pl\/ZXJfd3AudTkrBBIAbg54LGhcRlAxHQUrPgJGH2MAeGJoSQ1eIBI_K2UHAEVuBTY5KQMMXC0RPyoVERQdMgM9ejc\" loading=\"lazy\" decoding=\"async\"\/><\/p>\n<p>Obowi\u0105zki dotycz\u0105ce od\u015bnie\u017cania <\/p>\n<p>W\u0142a\u015bciciele <a href=\"https:\/\/finanse.wp.pl\/tag\/nieruchomo%C5%9Bci\" rel=\"noopener noreferrer nofollow\" target=\"_blank\">nieruchomo\u015bci<\/a> w\u00a0Polsce musz\u0105 r\u00f3wnie\u017c pami\u0119ta\u0107 o\u00a0zimowych obowi\u0105zkach zwi\u0105zanych z\u00a0od\u015bnie\u017caniem. Prawo wymaga, aby od\u015bnie\u017cali chodniki przylegaj\u0105ce do ich posesji. Zaniedbanie tej kwestii mo\u017ce prowadzi\u0107 do na\u0142o\u017cenia grzywny a\u017c do 1,5 tys. z\u0142, jak informuje prawo.pl.<\/p>\n<p><a href=\"https:\/\/finanse.wp.pl\/spadl-snieg-trzeba-chwycic-za-lopate-kary-nawet-do-1-5-tys-zl-7238316220943328a\" rel=\"noopener noreferrer nofollow\" target=\"_blank\">W\u0142a\u015bciciele nieruchomo\u015bci<\/a> musz\u0105 tak\u017ce dba\u0107 o\u00a0to, by usuni\u0119ty \u015bnieg nie blokowa\u0142 przej\u015bcia pieszym. Je\u015bli nieod\u015bnie\u017cony chodnik stanie si\u0119 przyczyn\u0105 wypadku, mo\u017ce to skutkowa\u0107 obowi\u0105zkiem wyp\u0142acenia odszkodowania lub renty w\u00a0przypadku powa\u017cniejszych obra\u017ce\u0144. <a href=\"https:\/\/finanse.wp.pl\/lepiej-zadbac-o-chodnik-rekordowe-322-tys-zl-odszkodowania-to-fakt-7237245330078208a\" rel=\"noopener noreferrer nofollow\" target=\"_blank\">Rekordowe kwoty, jak przyznane w\u00a02019 r. 322 tys. z\u0142<\/a>, dotyczy\u0142y przypadk\u00f3w powa\u017cnych obra\u017ce\u0144, kt\u00f3re wymaga\u0142y d\u0142ugiego leczenia i\u00a0rehabilitacji<\/p>\n<p> <img role=\"presentation\" class=\"absolute left-1\/2 top-1\/2 max-h-[80%] max-w-[100px] -translate-x-1\/2 -translate-y-1\/2\" src=\"https:\/\/v.wpimg.pl\/ZXJfd3AudTkrBBIAbg54LGhcRlAxHQUrPgJGH2MAeGJoSQ1eIBI_K2UHAEVuBTY5KQMMXC0RPyoVERQdMgM9ejc\" loading=\"lazy\" decoding=\"async\"\/> <\/p>\n<p>Nie wszystkie posesje s\u0105 jednak zobowi\u0105zane do od\u015bnie\u017cania. W\u0142a\u015bciciele nieruchomo\u015bci, kt\u00f3re nie maj\u0105 bezpo\u015bredniego dost\u0119pu do chodnik\u00f3w, s\u0105 zwolnieni z\u00a0tego obowi\u0105zku. Dodatkowo, gdy gmina pobiera op\u0142at\u0119 za parkowanie na chodniku, to ona jest odpowiedzialna za jego stan. <\/p>\n<p>Micha\u0142 Krawiel, dziennikarz <a href=\"https:\/\/finanse.wp.pl\/autor\/michal-krawiel\/6612779963136129\" rel=\"noopener noreferrer nofollow\" target=\"_blank\">WP Finanse<\/a> i\u00a0<a href=\"https:\/\/www.money.pl\/archiwum\/autor\/michal-krawiel,6612779963136129.html\" rel=\"noopener noreferrer nofollow\" target=\"_blank\">money.pl<\/a><\/p>\n","protected":false},"excerpt":{"rendered":"Zima nadal nie odpuszcza, za nami kolejna ultrazimna noc. Weekend przyni\u00f3s\u0142 du\u017ce i\u00a0ca\u0142kowite zachmurzenie oraz przelotne opady \u015bniegu,&hellip;\n","protected":false},"author":2,"featured_media":198905,"comment_status":"","ping_status":"","sticky":false,"template":"","format":"standard","meta":{"footnotes":""},"categories":[12],"tags":[32,33,36,37,27,34,35,28,31,25,42,38,40,39,41,29,30,26],"class_list":{"0":"post-198904","1":"post","2":"type-post","3":"status-publish","4":"format-standard","5":"has-post-thumbnail","7":"category-polska","8":"tag-breaking-news","9":"tag-breakingnews","10":"tag-featured-news","11":"tag-featurednews","12":"tag-headlines","13":"tag-latest-news","14":"tag-latestnews","15":"tag-naglowki","16":"tag-najwazniejsze-artykuly","17":"tag-news","18":"tag-pl","19":"tag-poland","20":"tag-polish","21":"tag-polska","22":"tag-polski","23":"tag-top-stories","24":"tag-topstories","25":"tag-wiadomosci"},"share_on_mastodon":{"url":"https:\/\/pubeurope.com\/@pl\/115875396025756237","error":""},"_links":{"self":[{"href":"https:\/\/www.europesays.com\/pl\/wp-json\/wp\/v2\/posts\/198904","targetHints":{"allow":["GET"]}}],"collection":[{"href":"https:\/\/www.europesays.com\/pl\/wp-json\/wp\/v2\/posts"}],"about":[{"href":"https:\/\/www.europesays.com\/pl\/wp-json\/wp\/v2\/types\/post"}],"author":[{"embeddable":true,"href":"https:\/\/www.europesays.com\/pl\/wp-json\/wp\/v2\/users\/2"}],"replies":[{"embeddable":true,"href":"https:\/\/www.europesays.com\/pl\/wp-json\/wp\/v2\/comments?post=198904"}],"version-history":[{"count":0,"href":"https:\/\/www.europesays.com\/pl\/wp-json\/wp\/v2\/posts\/198904\/revisions"}],"wp:featuredmedia":[{"embeddable":true,"href":"https:\/\/www.europesays.com\/pl\/wp-json\/wp\/v2\/media\/198905"}],"wp:attachment":[{"href":"https:\/\/www.europesays.com\/pl\/wp-json\/wp\/v2\/media?parent=198904"}],"wp:term":[{"taxonomy":"category","embeddable":true,"href":"https:\/\/www.europesays.com\/pl\/wp-json\/wp\/v2\/categories?post=198904"},{"taxonomy":"post_tag","embeddable":true,"href":"https:\/\/www.europesays.com\/pl\/wp-json\/wp\/v2\/tags?post=198904"}],"curies":[{"name":"wp","href":"https:\/\/api.w.org\/{rel}","templated":true}]}}